{"id":40948,"date":"2020-12-30T23:51:05","date_gmt":"2020-12-30T23:51:05","guid":{"rendered":"https:\/\/jorgezanoni.com.br\/2019\/?p=40948"},"modified":"2020-12-30T23:51:05","modified_gmt":"2020-12-30T23:51:05","slug":"policia-civil-prende-homem-procurado-pela-justica-em-dracena","status":"publish","type":"post","link":"https:\/\/jorgezanoni.com.br\/2019\/policia-civil-prende-homem-procurado-pela-justica-em-dracena\/","title":{"rendered":"Pol\u00edcia Civil prende homem procurado pela justi\u00e7a em Dracena"},"content":{"rendered":"<p style=\"text-align: justify;\"><strong>A\u00e7\u00e3o aconteceu manh\u00e3 de hoje (30), no bairro Vila Barros, durante trabalhos investigativos dos agentes das Unidades Especializadas.<\/strong><\/p>\n<p style=\"text-align: justify;\">A Pol\u00edcia Civil, por interm\u00e9dio das Unidades Especializadas (Delegacia de Investiga\u00e7\u00f5es Gerais &#8211; DIG e Delegacia de Investiga\u00e7\u00e3o Sobre Entorpecentes &#8211; DISE), nesta quarta-feira (30), prendeu um homem, de 36 anos, que possui contra sim um mandado de pris\u00e3o expedido 3\u00aa Vara Criminal da Comarca de Dracena, em senten\u00e7a de definitiva de pris\u00e3o, por crime de furto.<\/p>\n<p style=\"text-align: justify;\">Agentes das Unidades Especializadas, efetuavam trabalhos investigativos pelo bairro Vila Barros, em Dracena, quando visualizaram o indiv\u00edduo procurado em via p\u00fablica. Os policiais civis realizaram a abordagem e conduziram o preso unidade policial.<\/p>\n<p style=\"text-align: justify;\">Na delegacia, ap\u00f3s as elabora\u00e7\u00f5es dos documentos pertinentes \u00e0 atividade de pol\u00edcia judici\u00e1ria, o homem foi recolhido ao sistema prisional, ficando \u00e0 disposi\u00e7\u00e3o da Justi\u00e7a<\/p>\n<p style=\"text-align: justify;\">Fonte: Com. Social Pol\u00edcia Civil<\/p>\n","protected":false},"excerpt":{"rendered":"<p>A\u00e7\u00e3o aconteceu manh\u00e3 de hoje (30), no bairro Vila Barros, durante trabalhos investigativos dos agentes das Unidades Especializadas. A Pol\u00edcia Civil, por interm\u00e9dio das Unidades Especializadas (Delegacia de Investiga\u00e7\u00f5es Gerais &#8211; DIG e Delegacia de Investiga\u00e7\u00e3o Sobre Entorpecentes &#8211; DISE), nesta quarta-feira (30), prendeu um homem, de 36 anos, que possui contra sim um mandado [&hellip;]<\/p>\n","protected":false},"author":1,"featured_media":40949,"comment_status":"closed","ping_status":"open","sticky":false,"template":"","format":"standard","meta":{"footnotes":""},"categories":[110,2],"tags":[],"class_list":["post-40948","post","type-post","status-publish","format-standard","has-post-thumbnail","hentry","category-noticiasdestaque","category-policial"],"_links":{"self":[{"href":"https:\/\/jorgezanoni.com.br\/2019\/wp-json\/wp\/v2\/posts\/40948","targetHints":{"allow":["GET"]}}],"collection":[{"href":"https:\/\/jorgezanoni.com.br\/2019\/wp-json\/wp\/v2\/posts"}],"about":[{"href":"https:\/\/jorgezanoni.com.br\/2019\/wp-json\/wp\/v2\/types\/post"}],"author":[{"embeddable":true,"href":"https:\/\/jorgezanoni.com.br\/2019\/wp-json\/wp\/v2\/users\/1"}],"replies":[{"embeddable":true,"href":"https:\/\/jorgezanoni.com.br\/2019\/wp-json\/wp\/v2\/comments?post=40948"}],"version-history":[{"count":0,"href":"https:\/\/jorgezanoni.com.br\/2019\/wp-json\/wp\/v2\/posts\/40948\/revisions"}],"wp:featuredmedia":[{"embeddable":true,"href":"https:\/\/jorgezanoni.com.br\/2019\/wp-json\/wp\/v2\/media\/40949"}],"wp:attachment":[{"href":"https:\/\/jorgezanoni.com.br\/2019\/wp-json\/wp\/v2\/media?parent=40948"}],"wp:term":[{"taxonomy":"category","embeddable":true,"href":"https:\/\/jorgezanoni.com.br\/2019\/wp-json\/wp\/v2\/categories?post=40948"},{"taxonomy":"post_tag","embeddable":true,"href":"https:\/\/jorgezanoni.com.br\/2019\/wp-json\/wp\/v2\/tags?post=40948"}],"curies":[{"name":"wp","href":"https:\/\/api.w.org\/{rel}","templated":true}]}}