{"id":40945,"date":"2020-12-30T21:42:53","date_gmt":"2020-12-30T21:42:53","guid":{"rendered":"https:\/\/jorgezanoni.com.br\/2019\/?p=40945"},"modified":"2020-12-30T21:42:53","modified_gmt":"2020-12-30T21:42:53","slug":"acidente-com-viatura-deixa-policiais-presos-nas-ferragens","status":"publish","type":"post","link":"https:\/\/jorgezanoni.com.br\/2019\/acidente-com-viatura-deixa-policiais-presos-nas-ferragens\/","title":{"rendered":"Acidente com viatura deixa policiais presos nas ferragens"},"content":{"rendered":"<p style=\"text-align: justify;\">Um acidente no in\u00edcio da tarde desta quarta-feira (30), na rodovia Rachid Rayes (SP-333), sa\u00edda para Assis, envolveu uma viatura da Pol\u00edcia Militar Ambiental e um caminh\u00e3o. Pelo menos dois policiais ficaram feridos.<\/p>\n<p style=\"text-align: justify;\">A colis\u00e3o mobilizou equipe do Corpo de Bombeiros, da Pol\u00edcia Militar Rodovi\u00e1ria e da concession\u00e1ria que administra o trecho. Os ve\u00edculos transitavam no sentido Assis-Mar\u00edlia e foi necess\u00e1rio interditar a rodovia, com uso de desvios nas marginais.<\/p>\n<p style=\"text-align: justify;\">Segundo as primeiras informa\u00e7\u00f5es, tanto a viatura \u2013 Toyota Hilux \u2013 quanto o ve\u00edculo de carga seguiam na mesma dire\u00e7\u00e3o. Com o impacto, os dois policiais ficaram presos nas ferragens. J\u00e1 o caminh\u00e3o parou atravessado na pista.<\/p>\n<p style=\"text-align: justify;\">Os policiais montaram, com a ajuda de funcion\u00e1rios da concession\u00e1ria Eixo, um isolamento para tentar impedir registros de fotos e imagens do acidente.<\/p>\n<p style=\"text-align: justify;\">O motorista da viatura foi o primeiro a ser resgatado e encaminhado ao Hospital das Cl\u00ednicas. A remo\u00e7\u00e3o do passageiro preso nas ferragens demorou quase duas horas.<\/p>\n<p style=\"text-align: justify;\">O motorista do caminh\u00e3o n\u00e3o sofreu nenhum ferimento . O estado de sa\u00fade dos policiais n\u00e3o foi informado. O\u00a0<strong>MN\u00a0<\/strong>acompanha o caso.<\/p>\n<div id=\"attachment_301771\" class=\"wp-caption aligncenter\"><img loading=\"lazy\" decoding=\"async\" class=\"wp-image-301771 size-large\" src=\"https:\/\/marilianoticia.com.br\/wp-content\/uploads\/2020\/12\/WhatsApp-Image-2020-12-30-at-16.14.57-1-960x719.jpeg\" sizes=\"auto, (max-width: 960px) 100vw, 960px\" srcset=\"https:\/\/marilianoticia.com.br\/wp-content\/uploads\/2020\/12\/WhatsApp-Image-2020-12-30-at-16.14.57-1-960x719.jpeg 960w, https:\/\/marilianoticia.com.br\/wp-content\/uploads\/2020\/12\/WhatsApp-Image-2020-12-30-at-16.14.57-1-400x299.jpeg 400w, https:\/\/marilianoticia.com.br\/wp-content\/uploads\/2020\/12\/WhatsApp-Image-2020-12-30-at-16.14.57-1-768x575.jpeg 768w, https:\/\/marilianoticia.com.br\/wp-content\/uploads\/2020\/12\/WhatsApp-Image-2020-12-30-at-16.14.57-1-534x400.jpeg 534w, https:\/\/marilianoticia.com.br\/wp-content\/uploads\/2020\/12\/WhatsApp-Image-2020-12-30-at-16.14.57-1.jpeg 1280w\" alt=\"\" width=\"960\" height=\"719\" aria-describedby=\"caption-attachment-301771\" \/><\/p>\n<p id=\"caption-attachment-301771\" class=\"wp-caption-text\">(Foto: Mar\u00edlia Not\u00edcia)<\/p>\n<\/div>\n<div id=\"attachment_301772\" class=\"wp-caption aligncenter\"><img loading=\"lazy\" decoding=\"async\" class=\"wp-image-301772 size-large\" src=\"https:\/\/marilianoticia.com.br\/wp-content\/uploads\/2020\/12\/WhatsApp-Image-2020-12-30-at-16.14.57-960x719.jpeg\" sizes=\"auto, (max-width: 960px) 100vw, 960px\" srcset=\"https:\/\/marilianoticia.com.br\/wp-content\/uploads\/2020\/12\/WhatsApp-Image-2020-12-30-at-16.14.57-960x719.jpeg 960w, https:\/\/marilianoticia.com.br\/wp-content\/uploads\/2020\/12\/WhatsApp-Image-2020-12-30-at-16.14.57-400x299.jpeg 400w, https:\/\/marilianoticia.com.br\/wp-content\/uploads\/2020\/12\/WhatsApp-Image-2020-12-30-at-16.14.57-768x575.jpeg 768w, https:\/\/marilianoticia.com.br\/wp-content\/uploads\/2020\/12\/WhatsApp-Image-2020-12-30-at-16.14.57-534x400.jpeg 534w, https:\/\/marilianoticia.com.br\/wp-content\/uploads\/2020\/12\/WhatsApp-Image-2020-12-30-at-16.14.57.jpeg 1280w\" alt=\"\" width=\"960\" height=\"719\" aria-describedby=\"caption-attachment-301772\" \/><\/p>\n<p id=\"caption-attachment-301772\" class=\"wp-caption-text\">(Foto: Mar\u00edlia Not\u00edcia)<\/p>\n<\/div>\n<div id=\"attachment_301774\" class=\"wp-caption aligncenter\"><img loading=\"lazy\" decoding=\"async\" class=\"wp-image-301774 size-large\" src=\"https:\/\/marilianoticia.com.br\/wp-content\/uploads\/2020\/12\/WhatsApp-Image-2020-12-30-at-16.14.56-960x719.jpeg\" sizes=\"auto, (max-width: 960px) 100vw, 960px\" srcset=\"https:\/\/marilianoticia.com.br\/wp-content\/uploads\/2020\/12\/WhatsApp-Image-2020-12-30-at-16.14.56-960x719.jpeg 960w, https:\/\/marilianoticia.com.br\/wp-content\/uploads\/2020\/12\/WhatsApp-Image-2020-12-30-at-16.14.56-400x299.jpeg 400w, https:\/\/marilianoticia.com.br\/wp-content\/uploads\/2020\/12\/WhatsApp-Image-2020-12-30-at-16.14.56-768x575.jpeg 768w, https:\/\/marilianoticia.com.br\/wp-content\/uploads\/2020\/12\/WhatsApp-Image-2020-12-30-at-16.14.56-534x400.jpeg 534w, https:\/\/marilianoticia.com.br\/wp-content\/uploads\/2020\/12\/WhatsApp-Image-2020-12-30-at-16.14.56.jpeg 1280w\" alt=\"\" width=\"960\" height=\"719\" aria-describedby=\"caption-attachment-301774\" \/><\/p>\n<p id=\"caption-attachment-301774\" class=\"wp-caption-text\">(Foto: Mar\u00edlia Not\u00edcia<\/p>\n<\/div>\n<p>Fonte: Marilianoticias.com.br<\/p>\n","protected":false},"excerpt":{"rendered":"<p>Um acidente no in\u00edcio da tarde desta quarta-feira (30), na rodovia Rachid Rayes (SP-333), sa\u00edda para Assis, envolveu uma viatura da Pol\u00edcia Militar Ambiental e um caminh\u00e3o. Pelo menos dois policiais ficaram feridos. A colis\u00e3o mobilizou equipe do Corpo de Bombeiros, da Pol\u00edcia Militar Rodovi\u00e1ria e da concession\u00e1ria que administra o trecho. Os ve\u00edculos transitavam [&hellip;]<\/p>\n","protected":false},"author":1,"featured_media":40946,"comment_status":"closed","ping_status":"open","sticky":false,"template":"","format":"standard","meta":{"footnotes":""},"categories":[170,110],"tags":[],"class_list":["post-40945","post","type-post","status-publish","format-standard","has-post-thumbnail","hentry","category-acidentes","category-noticiasdestaque"],"_links":{"self":[{"href":"https:\/\/jorgezanoni.com.br\/2019\/wp-json\/wp\/v2\/posts\/40945","targetHints":{"allow":["GET"]}}],"collection":[{"href":"https:\/\/jorgezanoni.com.br\/2019\/wp-json\/wp\/v2\/posts"}],"about":[{"href":"https:\/\/jorgezanoni.com.br\/2019\/wp-json\/wp\/v2\/types\/post"}],"author":[{"embeddable":true,"href":"https:\/\/jorgezanoni.com.br\/2019\/wp-json\/wp\/v2\/users\/1"}],"replies":[{"embeddable":true,"href":"https:\/\/jorgezanoni.com.br\/2019\/wp-json\/wp\/v2\/comments?post=40945"}],"version-history":[{"count":0,"href":"https:\/\/jorgezanoni.com.br\/2019\/wp-json\/wp\/v2\/posts\/40945\/revisions"}],"wp:featuredmedia":[{"embeddable":true,"href":"https:\/\/jorgezanoni.com.br\/2019\/wp-json\/wp\/v2\/media\/40946"}],"wp:attachment":[{"href":"https:\/\/jorgezanoni.com.br\/2019\/wp-json\/wp\/v2\/media?parent=40945"}],"wp:term":[{"taxonomy":"category","embeddable":true,"href":"https:\/\/jorgezanoni.com.br\/2019\/wp-json\/wp\/v2\/categories?post=40945"},{"taxonomy":"post_tag","embeddable":true,"href":"https:\/\/jorgezanoni.com.br\/2019\/wp-json\/wp\/v2\/tags?post=40945"}],"curies":[{"name":"wp","href":"https:\/\/api.w.org\/{rel}","templated":true}]}}