{"id":40915,"date":"2020-12-30T12:52:35","date_gmt":"2020-12-30T12:52:35","guid":{"rendered":"https:\/\/jorgezanoni.com.br\/2019\/?p=40915"},"modified":"2020-12-30T12:52:35","modified_gmt":"2020-12-30T12:52:35","slug":"velho-ano-novo-para-um-novo-ano-velho","status":"publish","type":"post","link":"https:\/\/jorgezanoni.com.br\/2019\/velho-ano-novo-para-um-novo-ano-velho\/","title":{"rendered":"Velho Ano Novo para um Novo Ano Velho&#8230;"},"content":{"rendered":"<p style=\"text-align: justify;\"><strong>Velho Ano Novo para um Novo Ano Velho&#8230;<\/strong><strong>\u00a0<\/strong><\/p>\n<p style=\"text-align: justify;\"><strong><em>S\u00e9rgio Barbosa (*)<\/em><\/strong><\/p>\n<p style=\"text-align: justify;\">Isso mesmo meu caro leitor ou leitora, hoje, 30 de dezembro, pen\u00faltimo dia de um ANO QUE N\u00c3O ACONTECEU em todas as \u00e1reas em n\u00edvel GLOCAL, ou seja, do GLOBAL para o LOCAL&#8230;<\/p>\n<p style=\"text-align: justify;\">Entretanto, de acordo com dados estat\u00edsticos relacionados com os aspectos econ\u00f4micos, ou seja, desde PA\u00cdS DO FAZ DE CONTA em tempo de DESGOVERNO BOZZONARO, o RICOS FICARAM MAIS RICOS e os POBRES mais POBRES&#8230;<\/p>\n<p style=\"text-align: justify;\">Assim, deve-se levar em conta nestas contagens que tudo pode PIORAR no pr\u00f3ximo ano em meio aos DESENCONTROS mediados pela VACINA SALVADORA em tempo de PANDEMIA&#8230;<\/p>\n<p style=\"text-align: justify;\">Como escrevi, este ano de 2.020 n\u00e3o aconteceu para o MUNDO e tudo mais em meio ao tudo de menos, todavia, o cen\u00e1rio para os pr\u00f3ximos anos, isso mesmo, assim, como diz o dito popular, a saber: MELHOR PREVENIR DO QUE REMEDIAR&#8230;<\/p>\n<p style=\"text-align: justify;\">N\u00e3o se pode esquecer que o atual DESGOVERNO BOZZONARO com sua Equipe de MINISTROS ALOPRADOS continuam com as mesmices de sempre pra cima da POPULA\u00c7\u00c3O sob o comando do CAPIT\u00c3O DE ARAQUE&#8230;<\/p>\n<p style=\"text-align: justify;\">Outra COISA (sic), a OMISS\u00c3O dos poderes institucionalizados desta REP\u00daBLICA DAS BANANAS, est\u00e3o de comum acordo com os fatos registrados pela PIG-PARTIDO DA M\u00cdDIA GOLPISTA nestas \u00faltimas d\u00e9cadas&#8230;<\/p>\n<p style=\"text-align: justify;\">Pra debater quest\u00f5es relacionadas com as denominadas AN\u00c1LISES DE CONJUNTURA, faz-se necess\u00e1rio conhecer a HIST\u00d3RIA deste PA\u00cdS DO FAZ DE CONTA, ainda, desde a INVAS\u00c3O que ocorreu em 1.500 com o tal do CABRAL com sua CRUZ na frente e uma ESPADA em nome do PODER PELO PODER EM NOME DO PODER&#8230;<\/p>\n<p style=\"text-align: justify;\">Mas, como sempre, o DESCONHECIMENTO dos FATOS HIST\u00d3RICOS e outros desencontros que ocorreram e continuam ocorrendo neste cen\u00e1rio catastr\u00f3fico para o PA\u00cdS DO FAZ DE CONTA, acabam proporcionando a predomin\u00e2ncia do SENSO COMUM patrocinado pelas REDES SOCIAIS por meio dos FAKE NEWS&#8230;<\/p>\n<p style=\"text-align: justify;\">Tais considera\u00e7\u00f5es s\u00e3o mais do que necess\u00e1rias para todos os lados em tempo de PANDEMIA com as MEDIOCRIDADES veiculadas pelas MENTES BOVINAS que continuam adorando o tal do MITO neste VELHO TEMPO NOVO que se aproxima para um NOVO TEMPO VELHO&#8230;<\/p>\n<p style=\"text-align: justify;\">O FUTURO \u00e9 incerto e duvidoso para todos\/as, desta forma, pode ser que daqui pra frente ocorram outras alternativas deste ou do outro lado, haja vista que mais do que nunca, QUEM CONTROLA A ECONOMINA, COMANDA A POL\u00cdTICA neste PA\u00cdS DO FAZ DE CONTA e no MUNDO&#8230;<\/p>\n<p style=\"text-align: justify;\">QUEM SOBREVIVER VAI SABER&#8230;<\/p>\n<p style=\"text-align: justify;\"><strong><em>________________________<\/em><\/strong><\/p>\n<p style=\"text-align: justify;\"><strong><em>(*) jornalista diplomado e professor universit\u00e1rio. <\/em><\/strong><\/p>\n<p><strong><em>\u00a0<\/em><\/strong><\/p>\n<p>&nbsp;<\/p>\n<p>&nbsp;<\/p>\n<p>&nbsp;<\/p>\n","protected":false},"excerpt":{"rendered":"<p>Velho Ano Novo para um Novo Ano Velho&#8230;\u00a0 S\u00e9rgio Barbosa (*) Isso mesmo meu caro leitor ou leitora, hoje, 30 de dezembro, pen\u00faltimo dia de um ANO QUE N\u00c3O ACONTECEU em todas as \u00e1reas em n\u00edvel GLOCAL, ou seja, do GLOBAL para o LOCAL&#8230; Entretanto, de acordo com dados estat\u00edsticos relacionados com os aspectos econ\u00f4micos, [&hellip;]<\/p>\n","protected":false},"author":1,"featured_media":40916,"comment_status":"closed","ping_status":"open","sticky":false,"template":"","format":"standard","meta":{"footnotes":""},"categories":[175],"tags":[],"class_list":["post-40915","post","type-post","status-publish","format-standard","has-post-thumbnail","hentry","category-artigos"],"_links":{"self":[{"href":"https:\/\/jorgezanoni.com.br\/2019\/wp-json\/wp\/v2\/posts\/40915","targetHints":{"allow":["GET"]}}],"collection":[{"href":"https:\/\/jorgezanoni.com.br\/2019\/wp-json\/wp\/v2\/posts"}],"about":[{"href":"https:\/\/jorgezanoni.com.br\/2019\/wp-json\/wp\/v2\/types\/post"}],"author":[{"embeddable":true,"href":"https:\/\/jorgezanoni.com.br\/2019\/wp-json\/wp\/v2\/users\/1"}],"replies":[{"embeddable":true,"href":"https:\/\/jorgezanoni.com.br\/2019\/wp-json\/wp\/v2\/comments?post=40915"}],"version-history":[{"count":0,"href":"https:\/\/jorgezanoni.com.br\/2019\/wp-json\/wp\/v2\/posts\/40915\/revisions"}],"wp:featuredmedia":[{"embeddable":true,"href":"https:\/\/jorgezanoni.com.br\/2019\/wp-json\/wp\/v2\/media\/40916"}],"wp:attachment":[{"href":"https:\/\/jorgezanoni.com.br\/2019\/wp-json\/wp\/v2\/media?parent=40915"}],"wp:term":[{"taxonomy":"category","embeddable":true,"href":"https:\/\/jorgezanoni.com.br\/2019\/wp-json\/wp\/v2\/categories?post=40915"},{"taxonomy":"post_tag","embeddable":true,"href":"https:\/\/jorgezanoni.com.br\/2019\/wp-json\/wp\/v2\/tags?post=40915"}],"curies":[{"name":"wp","href":"https:\/\/api.w.org\/{rel}","templated":true}]}}