{"id":40823,"date":"2020-12-27T14:27:55","date_gmt":"2020-12-27T14:27:55","guid":{"rendered":"https:\/\/jorgezanoni.com.br\/2019\/?p=40823"},"modified":"2020-12-27T14:27:55","modified_gmt":"2020-12-27T14:27:55","slug":"homem-levou-facadas-nas-costas-e-braco-em-pauliceia","status":"publish","type":"post","link":"https:\/\/jorgezanoni.com.br\/2019\/homem-levou-facadas-nas-costas-e-braco-em-pauliceia\/","title":{"rendered":"Homem levou facadas nas costas e bra\u00e7o em Paulic\u00e9ia"},"content":{"rendered":"<p style=\"text-align: justify;\">Na data de ontem (26) por volta das 8h30mim na cidade de Paulic\u00e9ia um homem de 24 anos, morador da cidade discutiu com outro na via p\u00fablica por motivos a serem esclarecidos, vindo a ser esfaqueado na altura das costas e bra\u00e7o.<\/p>\n<p style=\"text-align: justify;\">O autor de 20 anos, que j\u00e1 tem v\u00e1rias passagens pelo Justi\u00e7a se evadiu e a v\u00edtima permaneceu internada sem riscos de morte.<\/p>\n<p style=\"text-align: justify;\">A arma utilizada no crime, uma faca, n\u00e3o foi localizada.<\/p>\n<p style=\"text-align: justify;\">Fonte: Com. Social Policia Militar<\/p>\n<p>&nbsp;<\/p>\n","protected":false},"excerpt":{"rendered":"<p>Na data de ontem (26) por volta das 8h30mim na cidade de Paulic\u00e9ia um homem de 24 anos, morador da cidade discutiu com outro na via p\u00fablica por motivos a serem esclarecidos, vindo a ser esfaqueado na altura das costas e bra\u00e7o. O autor de 20 anos, que j\u00e1 tem v\u00e1rias passagens pelo Justi\u00e7a se [&hellip;]<\/p>\n","protected":false},"author":1,"featured_media":40824,"comment_status":"closed","ping_status":"open","sticky":false,"template":"","format":"standard","meta":{"footnotes":""},"categories":[110,2],"tags":[],"class_list":["post-40823","post","type-post","status-publish","format-standard","has-post-thumbnail","hentry","category-noticiasdestaque","category-policial"],"_links":{"self":[{"href":"https:\/\/jorgezanoni.com.br\/2019\/wp-json\/wp\/v2\/posts\/40823","targetHints":{"allow":["GET"]}}],"collection":[{"href":"https:\/\/jorgezanoni.com.br\/2019\/wp-json\/wp\/v2\/posts"}],"about":[{"href":"https:\/\/jorgezanoni.com.br\/2019\/wp-json\/wp\/v2\/types\/post"}],"author":[{"embeddable":true,"href":"https:\/\/jorgezanoni.com.br\/2019\/wp-json\/wp\/v2\/users\/1"}],"replies":[{"embeddable":true,"href":"https:\/\/jorgezanoni.com.br\/2019\/wp-json\/wp\/v2\/comments?post=40823"}],"version-history":[{"count":0,"href":"https:\/\/jorgezanoni.com.br\/2019\/wp-json\/wp\/v2\/posts\/40823\/revisions"}],"wp:featuredmedia":[{"embeddable":true,"href":"https:\/\/jorgezanoni.com.br\/2019\/wp-json\/wp\/v2\/media\/40824"}],"wp:attachment":[{"href":"https:\/\/jorgezanoni.com.br\/2019\/wp-json\/wp\/v2\/media?parent=40823"}],"wp:term":[{"taxonomy":"category","embeddable":true,"href":"https:\/\/jorgezanoni.com.br\/2019\/wp-json\/wp\/v2\/categories?post=40823"},{"taxonomy":"post_tag","embeddable":true,"href":"https:\/\/jorgezanoni.com.br\/2019\/wp-json\/wp\/v2\/tags?post=40823"}],"curies":[{"name":"wp","href":"https:\/\/api.w.org\/{rel}","templated":true}]}}