{"id":40795,"date":"2020-12-25T17:15:18","date_gmt":"2020-12-25T17:15:18","guid":{"rendered":"https:\/\/jorgezanoni.com.br\/2019\/?p=40795"},"modified":"2020-12-25T17:15:18","modified_gmt":"2020-12-25T17:15:18","slug":"2a-maior-cidade-da-regiao-dracena-emite-decreto-com-novas-regras-de-restricao-apos-rebaixamento-para-a-fase-vermelha-do-plano-sp","status":"publish","type":"post","link":"https:\/\/jorgezanoni.com.br\/2019\/2a-maior-cidade-da-regiao-dracena-emite-decreto-com-novas-regras-de-restricao-apos-rebaixamento-para-a-fase-vermelha-do-plano-sp\/","title":{"rendered":"2\u00aa Maior cidade da regi\u00e3o, Dracena emite decreto com novas regras de restri\u00e7\u00e3o ap\u00f3s rebaixamento para a fase vermelha do Plano SP"},"content":{"rendered":"<h2 class=\"content-head__subtitle\" style=\"text-align: justify;\"><strong>Atendimento presencial ao p\u00fablico em estabelecimentos comerciais e prestadores de servi\u00e7os ficam suspensos a partir desta sexta-feira (25). Servi\u00e7os de entregas e drive-thru podem funcionar.<\/strong><\/h2>\n<div class=\"mc-column content-text active-extra-styles \" data-block-type=\"unstyled\" data-block-weight=\"49\" data-block-id=\"2\">\n<p class=\"content-text__container \" style=\"text-align: justify;\" data-track-category=\"Link no Texto\" data-track-links=\"\">A Prefeitura de\u00a0<a href=\"https:\/\/g1.globo.com\/sp\/presidente-prudente-regiao\/cidade\/dracena\/\">Dracena\u00a0<\/a>publicou nesta quinta-feira (24) um decreto com novas medidas de restri\u00e7\u00e3o para enfrentamento da pandemia de Covid-19 na cidade. A medida foi tomada ap\u00f3s o\u00a0<a href=\"https:\/\/g1.globo.com\/sp\/presidente-prudente-regiao\/noticia\/2020\/12\/22\/governo-do-estado-rebaixa-a-regiao-de-presidente-prudente-para-a-fase-vermelha-a-mais-restritiva-do-plano-de-flexibilizacao-da-quarentena.ghtml\">governo do Estado de S\u00e3o Paulo rebaixar a regi\u00e3o de Presidente Prudente para a fase vermelha do Plano S\u00e3o Paulo<\/a>.<\/p>\n<\/div>\n<div class=\"wall protected-content\">\n<div class=\"mc-column content-text active-extra-styles \" style=\"text-align: justify;\" data-block-type=\"unstyled\" data-block-weight=\"29\" data-block-id=\"3\">\n<p class=\"content-text__container \" data-track-category=\"Link no Texto\" data-track-links=\"\">O decreto, assinado pelo prefeito Juliano Brito Bertolini (PODE), suspende, a partir desta sexta-feira (25), o atendimento presencial ao p\u00fablico em estabelecimentos comerciais e prestadores de servi\u00e7os, inclusive em:<\/p>\n<\/div>\n<div class=\"mc-column content-text active-extra-styles\" style=\"text-align: justify;\" data-block-type=\"raw\" data-block-weight=\"57\" data-block-id=\"4\">\n<ul class=\"content-unordered-list\">\n<li>casas noturnas, pubs, cervejarias, buffets, casas de eventos e similares;<\/li>\n<li>restaurantes, bares, lanchonetes, pastelarias, rotisserias, sorveterias, pizzarias e similares,<\/li>\n<li>atividades de academia de esportes de toda a modalidade;<\/li>\n<li>atividades e eventos em centros comunit\u00e1rios, clubes sociais e de lazer, e afins, parques, piscinas p\u00fablicas e equipamentos esportivos no munic\u00edpio;<\/li>\n<li>galerias e estabelecimentos cong\u00eaneres, atividades imobili\u00e1rias, escrit\u00f3rios em geral, ressalvadas as atividades internas.<\/li>\n<\/ul>\n<\/div>\n<div class=\"mc-column content-text active-extra-styles \" style=\"text-align: justify;\" data-block-type=\"unstyled\" data-block-weight=\"30\" data-block-id=\"5\">\n<p class=\"content-text__container \" data-track-category=\"Link no Texto\" data-track-links=\"\">Conforme o documento, ficam proibidas a realiza\u00e7\u00e3o de esportes coletivos em lugares p\u00fablicos e privados, al\u00e9m da expedi\u00e7\u00e3o de autoriza\u00e7\u00f5es e emiss\u00f5es de alvar\u00e1s para eventos p\u00fablicos ou privados e tempor\u00e1rios.<\/p>\n<\/div>\n<div class=\"mc-column content-text active-extra-styles\" style=\"text-align: justify;\" data-block-type=\"raw\" data-block-weight=\"22\" data-block-id=\"6\">\n<ul class=\"content-unordered-list\">\n<li><a href=\"https:\/\/g1.globo.com\/sp\/presidente-prudente-regiao\/noticia\/2020\/12\/22\/governo-do-estado-rebaixa-a-regiao-de-presidente-prudente-para-a-fase-vermelha-a-mais-restritiva-do-plano-de-flexibilizacao-da-quarentena.ghtml\">Governo do Estado rebaixa a regi\u00e3o de Presidente Prudente para a fase vermelha, a mais restritiva, do plano de flexibiliza\u00e7\u00e3o da quarentena<\/a><\/li>\n<\/ul>\n<\/div>\n<div class=\"mc-column content-text active-extra-styles \" style=\"text-align: justify;\" data-block-type=\"unstyled\" data-block-weight=\"53\" data-block-id=\"7\">\n<p class=\"content-text__container \" data-track-category=\"Link no Texto\" data-track-links=\"\">\u201cFica autorizado o funcionamento exclusivo para atendimento de servi\u00e7os de entrega (delivery) e drive thru do com\u00e9rcio em geral, varejista e atacadista, bem como dos restaurantes, bares, lanchonetes, pastelarias, rotisseries, sorveterias, pizzarias e similares, do com\u00e9rcio de food truck, carrinhos de lanches e trailers de lanches, vedado atendimento presencial e o consumo no local\u201d, segundo o decreto.<\/p>\n<\/div>\n<div class=\"mc-column content-text active-extra-styles \" style=\"text-align: justify;\" data-block-type=\"unstyled\" data-block-weight=\"7\" data-block-id=\"9\">\n<p class=\"content-text__container \" data-track-category=\"Link no Texto\" data-track-links=\"\"><span class=\"highlight highlighted\">Fica permitido o funcionamento das seguintes atividades:<\/span><\/p>\n<\/div>\n<div class=\"mc-column content-text active-extra-styles\" style=\"text-align: justify;\" data-block-type=\"raw\" data-block-weight=\"82\" data-block-id=\"10\">\n<ul class=\"content-unordered-list\">\n<li>servi\u00e7os de sa\u00fade, hospital, cl\u00ednicas, farm\u00e1cias e funer\u00e1rio;<\/li>\n<li>supermercados, minimercados, armaz\u00e9ns a\u00e7ougues, feiras livres, sacol\u00f5es e varej\u00f5es, padarias, distribuidoras de \u00e1gua e g\u00e1s, lojas de conveni\u00eancia;<\/li>\n<li>veterin\u00e1rias e lojas de alimenta\u00e7\u00e3o animal, pet shop;<\/li>\n<li>lojas de material para constru\u00e7\u00e3o, constru\u00e7\u00e3o civil, marmoraria, serralheria;<\/li>\n<li>postos de combust\u00edveis, oficina de ve\u00edculos automotores, auto el\u00e9trica, lava r\u00e1pido, estabelecimentos comerciais de pe\u00e7as e acess\u00f3rios para ve\u00edculos automotores, borracharias, comercializa\u00e7\u00e3o de suplementos alimentares;<\/li>\n<li>transportadoras;<\/li>\n<li>banca de jornal, lavanderias, estabelecimento de assist\u00eancia t\u00e9cnica de produtos eletr\u00f4nicos, \u00f3ticas, hot\u00e9is.<\/li>\n<\/ul>\n<\/div>\n<div class=\"mc-column content-text active-extra-styles \" style=\"text-align: justify;\" data-block-type=\"unstyled\" data-block-weight=\"31\" data-block-id=\"11\">\n<p class=\"content-text__container \" data-track-category=\"Link no Texto\" data-track-links=\"\">Com rela\u00e7\u00e3o \u00e0s padarias, feiras livres, sacol\u00f5es e varej\u00f5es, casas de carnes, peixarias e lojas de conveni\u00eancia, fica autorizado o funcionamento, por\u00e9m proibido o consumo de quaisquer produtos no estabelecimento.<\/p>\n<\/div>\n<div class=\"mc-column content-text active-extra-styles \" style=\"text-align: justify;\" data-block-type=\"unstyled\" data-block-weight=\"25\" data-block-id=\"12\">\n<p class=\"content-text__container \" data-track-category=\"Link no Texto\" data-track-links=\"\">Ainda segundo o documento, a realiza\u00e7\u00e3o de missas, cultos e eventos religiosos dever\u00e1 ter a lota\u00e7\u00e3o do seu templo limitada a 20% de sua capacidade.<\/p>\n<\/div>\n<div class=\"mc-column content-text active-extra-styles \" data-block-type=\"unstyled\" data-block-weight=\"12\" data-block-id=\"13\">\n<p class=\"content-text__container \" style=\"text-align: justify;\" data-track-category=\"Link no Texto\" data-track-links=\"\">A \u00edntegra do decreto pode ser conferida no\u00a0<a href=\"https:\/\/dracena.sp.gov.br\/?pag=T1RVPU9EZz1PV0k9T1RrPU9UUT1OMlE9T0dNPU9XST1PR1U9T0dNPU9HWT1PV009T1dZPQ==&amp;id=1146\" target=\"_blank\" rel=\"noopener noreferrer\">site oficial<\/a>\u00a0da Prefeitura.<\/p>\n<p style=\"text-align: justify;\" data-track-category=\"Link no Texto\" data-track-links=\"\">Fonte: G1<\/p>\n<\/div>\n<\/div>\n","protected":false},"excerpt":{"rendered":"<p>Atendimento presencial ao p\u00fablico em estabelecimentos comerciais e prestadores de servi\u00e7os ficam suspensos a partir desta sexta-feira (25). Servi\u00e7os de entregas e drive-thru podem funcionar. A Prefeitura de\u00a0Dracena\u00a0publicou nesta quinta-feira (24) um decreto com novas medidas de restri\u00e7\u00e3o para enfrentamento da pandemia de Covid-19 na cidade. A medida foi tomada ap\u00f3s o\u00a0governo do Estado de [&hellip;]<\/p>\n","protected":false},"author":1,"featured_media":40796,"comment_status":"closed","ping_status":"open","sticky":false,"template":"","format":"standard","meta":{"footnotes":""},"categories":[179,184,110],"tags":[],"class_list":["post-40795","post","type-post","status-publish","format-standard","has-post-thumbnail","hentry","category-cidadeseregiao","category-dracena","category-noticiasdestaque"],"_links":{"self":[{"href":"https:\/\/jorgezanoni.com.br\/2019\/wp-json\/wp\/v2\/posts\/40795","targetHints":{"allow":["GET"]}}],"collection":[{"href":"https:\/\/jorgezanoni.com.br\/2019\/wp-json\/wp\/v2\/posts"}],"about":[{"href":"https:\/\/jorgezanoni.com.br\/2019\/wp-json\/wp\/v2\/types\/post"}],"author":[{"embeddable":true,"href":"https:\/\/jorgezanoni.com.br\/2019\/wp-json\/wp\/v2\/users\/1"}],"replies":[{"embeddable":true,"href":"https:\/\/jorgezanoni.com.br\/2019\/wp-json\/wp\/v2\/comments?post=40795"}],"version-history":[{"count":0,"href":"https:\/\/jorgezanoni.com.br\/2019\/wp-json\/wp\/v2\/posts\/40795\/revisions"}],"wp:featuredmedia":[{"embeddable":true,"href":"https:\/\/jorgezanoni.com.br\/2019\/wp-json\/wp\/v2\/media\/40796"}],"wp:attachment":[{"href":"https:\/\/jorgezanoni.com.br\/2019\/wp-json\/wp\/v2\/media?parent=40795"}],"wp:term":[{"taxonomy":"category","embeddable":true,"href":"https:\/\/jorgezanoni.com.br\/2019\/wp-json\/wp\/v2\/categories?post=40795"},{"taxonomy":"post_tag","embeddable":true,"href":"https:\/\/jorgezanoni.com.br\/2019\/wp-json\/wp\/v2\/tags?post=40795"}],"curies":[{"name":"wp","href":"https:\/\/api.w.org\/{rel}","templated":true}]}}