{"id":40778,"date":"2020-12-25T15:23:02","date_gmt":"2020-12-25T15:23:02","guid":{"rendered":"https:\/\/jorgezanoni.com.br\/2019\/?p=40778"},"modified":"2020-12-25T15:23:02","modified_gmt":"2020-12-25T15:23:02","slug":"site-jorge-zanoni-produz-materia-exclusiva-para-o-domingo-espetacular-da-tv-record","status":"publish","type":"post","link":"https:\/\/jorgezanoni.com.br\/2019\/site-jorge-zanoni-produz-materia-exclusiva-para-o-domingo-espetacular-da-tv-record\/","title":{"rendered":"Site Jorge Zanoni produz mat\u00e9ria &#8220;exclusiva&#8221; para o &#8220;Domingo Espetacular&#8221; da TV Record"},"content":{"rendered":"<p style=\"text-align: justify;\"><strong>Programa vai ao ar Domingo (27) \u00e0s 19:45 Horas e trar\u00e1 a mat\u00e9ria sobre a liberdade de Robert Medeiros da Silva Santos da Penitenci\u00e1ria de Dracena, ap\u00f3s ficar preso por 2 anos.<\/strong><\/p>\n<p><img loading=\"lazy\" decoding=\"async\" class=\"alignnone size-full wp-image-40779\" src=\"https:\/\/jorgezanoni.com.br\/2019\/wp-content\/uploads\/2020\/12\/Robert.jpg\" alt=\"\" width=\"507\" height=\"455\" srcset=\"https:\/\/jorgezanoni.com.br\/2019\/wp-content\/uploads\/2020\/12\/Robert.jpg 507w, https:\/\/jorgezanoni.com.br\/2019\/wp-content\/uploads\/2020\/12\/Robert-300x269.jpg 300w, https:\/\/jorgezanoni.com.br\/2019\/wp-content\/uploads\/2020\/12\/Robert-468x420.jpg 468w\" sizes=\"auto, (max-width: 507px) 100vw, 507px\" \/>Pedreiro preso h\u00e1 dois anos ap\u00f3s reconhecimento duvidoso ganhou a liberdade.<\/p>\n<p style=\"text-align: justify;\"><strong>STJ determinou a soltura que foi encaminhada para o TJ-SP e colocou Robert em liberdade na tarde desta quinta-feira (24), v\u00e9spera de Natal.<\/strong><\/p>\n<p style=\"text-align: justify;\">Em uma decis\u00e3o do presidente do Superior Tribunal de Justi\u00e7a (STJ), ministro Humberto Martins, determinou nesta quarta-feira (23) a soltura imediata do pedreiro Robert Medeiros da Silva Santos, preso h\u00e1 mais de dois anos pela suspeita de participa\u00e7\u00e3o em assalto a \u00f4nibus, em S\u00e3o Paulo, onde foi reconhecido de forma duvidosa por testemunhas, que apresentaram depoimentos conflituosos.<\/p>\n<p style=\"text-align: justify;\">A a\u00e7\u00e3o foi uma iniciativa da entidade Innocence Project Brasil, que entrou com pedido de habeas corpus em 8 de dezembro, sustentando que Robert foi v\u00edtima de erro no reconhecimento feito pelo motorista do \u00f4nibus assaltado, ap\u00f3s uma apura\u00e7\u00e3o paralela realizada pela entidade. No dia 10, o ministro relator indeferiu o pedido de liminar e abriu vistas para parecer do Minist\u00e9rio P\u00fablico Federal (MPF).<\/p>\n<p style=\"text-align: justify;\">Na \u00faltima sexta-feira (18), a ONG entrou com pedido de reconsidera\u00e7\u00e3o, citando dois fatos novos: o parecer do MPF, favor\u00e1vel n\u00e3o s\u00f3 \u00e0 soltura do pedreiro, mas tamb\u00e9m \u00e0 sua absolvi\u00e7\u00e3o; e um laudo psiqui\u00e1trico que apontou alto risco de suic\u00eddio.<\/p>\n<p style=\"text-align: justify;\">Segundo a ONG, Robert est\u00e1 h\u00e1 mais de dois anos preso, sem ter tido nenhuma participa\u00e7\u00e3o no crime.<\/p>\n<p style=\"text-align: justify;\">O pedreiro est\u00e1 preso na Penitenci\u00e1ria de Dracena, no interior de S\u00e3o Paulo. A liberdade deve ocorrer nos pr\u00f3ximos dias ap\u00f3s a notifica\u00e7\u00e3o do TJ-SP do HC, que vai delimitar ainda se deve ser adotada alguma outra medida condicionante a sua liberdade, como o uso de tornozeleira eletr\u00f4nica.<\/p>\n<p style=\"text-align: justify;\"><strong>VEJA V\u00cdDEOS E FOTOS DO MOMENTO DA LIBERDADE DE ROBERT CLICADOS POR JORGE ZANONI.<\/strong><\/p>\n<div style=\"width: 640px;\" class=\"wp-video\"><video class=\"wp-video-shortcode\" id=\"video-40778-1\" width=\"640\" height=\"352\" preload=\"metadata\" controls=\"controls\"><source type=\"video\/mp4\" src=\"https:\/\/jorgezanoni.com.br\/2019\/wp-content\/uploads\/2020\/12\/WhatsApp-Video-2020-12-24-at-16.37.51.mp4?_=1\" \/><a href=\"https:\/\/jorgezanoni.com.br\/2019\/wp-content\/uploads\/2020\/12\/WhatsApp-Video-2020-12-24-at-16.37.51.mp4\">https:\/\/jorgezanoni.com.br\/2019\/wp-content\/uploads\/2020\/12\/WhatsApp-Video-2020-12-24-at-16.37.51.mp4<\/a><\/video><\/div>\n<p>Em frente a Penitenci\u00e1ria de Dracena<\/p>\n<div style=\"width: 640px;\" class=\"wp-video\"><video class=\"wp-video-shortcode\" id=\"video-40778-2\" width=\"640\" height=\"352\" preload=\"metadata\" controls=\"controls\"><source type=\"video\/mp4\" src=\"https:\/\/jorgezanoni.com.br\/2019\/wp-content\/uploads\/2020\/12\/WhatsApp-Video-2020-12-24-at-16.36.48.mp4?_=2\" \/><a href=\"https:\/\/jorgezanoni.com.br\/2019\/wp-content\/uploads\/2020\/12\/WhatsApp-Video-2020-12-24-at-16.36.48.mp4\">https:\/\/jorgezanoni.com.br\/2019\/wp-content\/uploads\/2020\/12\/WhatsApp-Video-2020-12-24-at-16.36.48.mp4<\/a><\/video><\/div>\n<p>Porta por onde Robert ganharia a liberdade<\/p>\n<div style=\"width: 640px;\" class=\"wp-video\"><video class=\"wp-video-shortcode\" id=\"video-40778-3\" width=\"640\" height=\"352\" preload=\"metadata\" controls=\"controls\"><source type=\"video\/mp4\" src=\"https:\/\/jorgezanoni.com.br\/2019\/wp-content\/uploads\/2020\/12\/WhatsApp-Video-2020-12-24-at-16.39.00.mp4?_=3\" \/><a href=\"https:\/\/jorgezanoni.com.br\/2019\/wp-content\/uploads\/2020\/12\/WhatsApp-Video-2020-12-24-at-16.39.00.mp4\">https:\/\/jorgezanoni.com.br\/2019\/wp-content\/uploads\/2020\/12\/WhatsApp-Video-2020-12-24-at-16.39.00.mp4<\/a><\/video><\/div>\n<p>Momento que um membro do Tribunal de Justi\u00e7a lia o \u00c1lvar\u00e1 de Soltura<\/p>\n<div style=\"width: 640px;\" class=\"wp-video\"><video class=\"wp-video-shortcode\" id=\"video-40778-4\" width=\"640\" height=\"352\" preload=\"metadata\" controls=\"controls\"><source type=\"video\/mp4\" src=\"https:\/\/jorgezanoni.com.br\/2019\/wp-content\/uploads\/2020\/12\/WhatsApp-Video-2020-12-24-at-16.39.54.mp4?_=4\" \/><a href=\"https:\/\/jorgezanoni.com.br\/2019\/wp-content\/uploads\/2020\/12\/WhatsApp-Video-2020-12-24-at-16.39.54.mp4\">https:\/\/jorgezanoni.com.br\/2019\/wp-content\/uploads\/2020\/12\/WhatsApp-Video-2020-12-24-at-16.39.54.mp4<\/a><\/video><\/div>\n<p>Robert deixando a Penitenci\u00e1ria e ganhando a liberdade<\/p>\n<div style=\"width: 640px;\" class=\"wp-video\"><video class=\"wp-video-shortcode\" id=\"video-40778-5\" width=\"640\" height=\"352\" preload=\"metadata\" controls=\"controls\"><source type=\"video\/mp4\" src=\"https:\/\/jorgezanoni.com.br\/2019\/wp-content\/uploads\/2020\/12\/WhatsApp-Video-2020-12-24-at-16.40.23.mp4?_=5\" \/><a href=\"https:\/\/jorgezanoni.com.br\/2019\/wp-content\/uploads\/2020\/12\/WhatsApp-Video-2020-12-24-at-16.40.23.mp4\">https:\/\/jorgezanoni.com.br\/2019\/wp-content\/uploads\/2020\/12\/WhatsApp-Video-2020-12-24-at-16.40.23.mp4<\/a><\/video><\/div>\n<p>Robert e a Advogada Dra. Amanda A. Jorge do Carmo caminhando para fora do pres\u00eddio<\/p>\n<div style=\"width: 640px;\" class=\"wp-video\"><video class=\"wp-video-shortcode\" id=\"video-40778-6\" width=\"640\" height=\"352\" preload=\"metadata\" controls=\"controls\"><source type=\"video\/mp4\" src=\"https:\/\/jorgezanoni.com.br\/2019\/wp-content\/uploads\/2020\/12\/WhatsApp-Video-2020-12-24-at-16.41.27.mp4?_=6\" \/><a href=\"https:\/\/jorgezanoni.com.br\/2019\/wp-content\/uploads\/2020\/12\/WhatsApp-Video-2020-12-24-at-16.41.27.mp4\">https:\/\/jorgezanoni.com.br\/2019\/wp-content\/uploads\/2020\/12\/WhatsApp-Video-2020-12-24-at-16.41.27.mp4<\/a><\/video><\/div>\n<p>Robert saindo do p\u00e1tio da Penitenci\u00e1ria e encontrando com a esposa Vit\u00f3ria<\/p>\n<p><img loading=\"lazy\" decoding=\"async\" class=\"alignnone size-full wp-image-40789\" src=\"https:\/\/jorgezanoni.com.br\/2019\/wp-content\/uploads\/2020\/12\/IMG_9225.jpg\" alt=\"\" width=\"800\" height=\"532\" srcset=\"https:\/\/jorgezanoni.com.br\/2019\/wp-content\/uploads\/2020\/12\/IMG_9225.jpg 800w, https:\/\/jorgezanoni.com.br\/2019\/wp-content\/uploads\/2020\/12\/IMG_9225-300x200.jpg 300w, https:\/\/jorgezanoni.com.br\/2019\/wp-content\/uploads\/2020\/12\/IMG_9225-768x511.jpg 768w, https:\/\/jorgezanoni.com.br\/2019\/wp-content\/uploads\/2020\/12\/IMG_9225-696x463.jpg 696w, https:\/\/jorgezanoni.com.br\/2019\/wp-content\/uploads\/2020\/12\/IMG_9225-632x420.jpg 632w\" sizes=\"auto, (max-width: 800px) 100vw, 800px\" \/>Robert ouvindo a leitura do Alvar\u00e1 de Soltura<\/p>\n<p><img loading=\"lazy\" decoding=\"async\" class=\"alignnone size-full wp-image-40790\" src=\"https:\/\/jorgezanoni.com.br\/2019\/wp-content\/uploads\/2020\/12\/IMG_9228.jpg\" alt=\"\" width=\"800\" height=\"532\" srcset=\"https:\/\/jorgezanoni.com.br\/2019\/wp-content\/uploads\/2020\/12\/IMG_9228.jpg 800w, https:\/\/jorgezanoni.com.br\/2019\/wp-content\/uploads\/2020\/12\/IMG_9228-300x200.jpg 300w, https:\/\/jorgezanoni.com.br\/2019\/wp-content\/uploads\/2020\/12\/IMG_9228-768x511.jpg 768w, https:\/\/jorgezanoni.com.br\/2019\/wp-content\/uploads\/2020\/12\/IMG_9228-696x463.jpg 696w, https:\/\/jorgezanoni.com.br\/2019\/wp-content\/uploads\/2020\/12\/IMG_9228-632x420.jpg 632w\" sizes=\"auto, (max-width: 800px) 100vw, 800px\" \/>Momento que assinava o Alvar\u00e1 de Soltura<\/p>\n<p><img loading=\"lazy\" decoding=\"async\" class=\"alignnone size-full wp-image-40791\" src=\"https:\/\/jorgezanoni.com.br\/2019\/wp-content\/uploads\/2020\/12\/IMG_9231.jpg\" alt=\"\" width=\"800\" height=\"532\" srcset=\"https:\/\/jorgezanoni.com.br\/2019\/wp-content\/uploads\/2020\/12\/IMG_9231.jpg 800w, https:\/\/jorgezanoni.com.br\/2019\/wp-content\/uploads\/2020\/12\/IMG_9231-300x200.jpg 300w, https:\/\/jorgezanoni.com.br\/2019\/wp-content\/uploads\/2020\/12\/IMG_9231-768x511.jpg 768w, https:\/\/jorgezanoni.com.br\/2019\/wp-content\/uploads\/2020\/12\/IMG_9231-696x463.jpg 696w, https:\/\/jorgezanoni.com.br\/2019\/wp-content\/uploads\/2020\/12\/IMG_9231-632x420.jpg 632w\" sizes=\"auto, (max-width: 800px) 100vw, 800px\" \/>O encontro com a esposa Vit\u00f3ria<\/p>\n<p><img loading=\"lazy\" decoding=\"async\" class=\"alignnone size-full wp-image-40792\" src=\"https:\/\/jorgezanoni.com.br\/2019\/wp-content\/uploads\/2020\/12\/IMG_9233.jpg\" alt=\"\" width=\"800\" height=\"532\" srcset=\"https:\/\/jorgezanoni.com.br\/2019\/wp-content\/uploads\/2020\/12\/IMG_9233.jpg 800w, https:\/\/jorgezanoni.com.br\/2019\/wp-content\/uploads\/2020\/12\/IMG_9233-300x200.jpg 300w, https:\/\/jorgezanoni.com.br\/2019\/wp-content\/uploads\/2020\/12\/IMG_9233-768x511.jpg 768w, https:\/\/jorgezanoni.com.br\/2019\/wp-content\/uploads\/2020\/12\/IMG_9233-696x463.jpg 696w, https:\/\/jorgezanoni.com.br\/2019\/wp-content\/uploads\/2020\/12\/IMG_9233-632x420.jpg 632w\" sizes=\"auto, (max-width: 800px) 100vw, 800px\" \/>Robert Medeiros da Silva Santos, a esposa Vit\u00f3ria e a advogada Dra. Amanda A. Jorge do Carmo<\/p>\n<p>Jorge Zanoni<\/p>\n<p>&nbsp;<\/p>\n","protected":false},"excerpt":{"rendered":"<p>Programa vai ao ar Domingo (27) \u00e0s 19:45 Horas e trar\u00e1 a mat\u00e9ria sobre a liberdade de Robert Medeiros da Silva Santos da Penitenci\u00e1ria de Dracena, ap\u00f3s ficar preso por 2 anos. Pedreiro preso h\u00e1 dois anos ap\u00f3s reconhecimento duvidoso ganhou a liberdade. STJ determinou a soltura que foi encaminhada para o TJ-SP e colocou [&hellip;]<\/p>\n","protected":false},"author":1,"featured_media":40793,"comment_status":"closed","ping_status":"open","sticky":false,"template":"","format":"video","meta":{"footnotes":""},"categories":[120,110,169],"tags":[],"class_list":["post-40778","post","type-post","status-publish","format-video","has-post-thumbnail","hentry","category-justicahabitacaotecnologia","category-noticiasdestaque","category-videos","post_format-post-format-video"],"_links":{"self":[{"href":"https:\/\/jorgezanoni.com.br\/2019\/wp-json\/wp\/v2\/posts\/40778","targetHints":{"allow":["GET"]}}],"collection":[{"href":"https:\/\/jorgezanoni.com.br\/2019\/wp-json\/wp\/v2\/posts"}],"about":[{"href":"https:\/\/jorgezanoni.com.br\/2019\/wp-json\/wp\/v2\/types\/post"}],"author":[{"embeddable":true,"href":"https:\/\/jorgezanoni.com.br\/2019\/wp-json\/wp\/v2\/users\/1"}],"replies":[{"embeddable":true,"href":"https:\/\/jorgezanoni.com.br\/2019\/wp-json\/wp\/v2\/comments?post=40778"}],"version-history":[{"count":0,"href":"https:\/\/jorgezanoni.com.br\/2019\/wp-json\/wp\/v2\/posts\/40778\/revisions"}],"wp:featuredmedia":[{"embeddable":true,"href":"https:\/\/jorgezanoni.com.br\/2019\/wp-json\/wp\/v2\/media\/40793"}],"wp:attachment":[{"href":"https:\/\/jorgezanoni.com.br\/2019\/wp-json\/wp\/v2\/media?parent=40778"}],"wp:term":[{"taxonomy":"category","embeddable":true,"href":"https:\/\/jorgezanoni.com.br\/2019\/wp-json\/wp\/v2\/categories?post=40778"},{"taxonomy":"post_tag","embeddable":true,"href":"https:\/\/jorgezanoni.com.br\/2019\/wp-json\/wp\/v2\/tags?post=40778"}],"curies":[{"name":"wp","href":"https:\/\/api.w.org\/{rel}","templated":true}]}}