{"id":40718,"date":"2020-12-23T12:57:19","date_gmt":"2020-12-23T12:57:19","guid":{"rendered":"https:\/\/jorgezanoni.com.br\/2019\/?p=40718"},"modified":"2020-12-23T12:57:19","modified_gmt":"2020-12-23T12:57:19","slug":"natal-em-tempo-de-mentes-bovinas","status":"publish","type":"post","link":"https:\/\/jorgezanoni.com.br\/2019\/natal-em-tempo-de-mentes-bovinas\/","title":{"rendered":"Natal em tempo de mentes bovinas&#8230;"},"content":{"rendered":"<p style=\"text-align: justify;\"><strong>NATAL em tempo de MENTES BOVINAS&#8230;<\/strong><strong>\u00a0<\/strong><\/p>\n<p style=\"text-align: justify;\"><strong><em>S\u00e9rgio Barbosa (*)<\/em><\/strong><\/p>\n<p style=\"text-align: justify;\">Nesta sexta-feira, 25, comemora-se a data mais importante do calend\u00e1rio do Cristianismo em n\u00edvel GLOCAL, ou seja, do GLOBAL para o LOCAL, ainda, em tempo de PANDEMIA e tudo mais em meio ao tudo de menos&#8230;<\/p>\n<p style=\"text-align: justify;\">Assim, como afirmou o pensador, CAMINHA A HUMANIDADE, todavia, n\u00e3o se pode esquecer que existem muitas controv\u00e9rsias quanto ao cen\u00e1rio atual para este PA\u00cdS DO FAZ DE CONTA com suas MENTES BOVINAS&#8230;<\/p>\n<p style=\"text-align: justify;\">Acredito que n\u00e3o existe nenhum motivo para COMEMORAR seja l\u00e1 o que for para todos os lados, tendo em vista que o contexto continua mais complicado do que nunca em todas as \u00e1reas do MERCADO&#8230;<\/p>\n<p style=\"text-align: justify;\">Nestes \u00faltimos 4 longos anos, este PA\u00cdS DO FAZ DE CONTA andou pra tr\u00e1s em mais ou menos umas CINCO D\u00c9CADAS, ainda, nunca mais vai recuperar este TEMPO PERDIDO depois do GOLPE com apoio dos mesmos de sempre, bem como, da M\u00cdDIA que atua por meio das TROCAS NADA SIMB\u00d3LICAS&#8230;<\/p>\n<p style=\"text-align: justify;\">Al\u00e9m disto e daquilo, este RETROCESSO patrocinado pelo atual DESGOVERNO DO BOZZONARO com seus COISOS com COISAS, deve continuar com o mesmo objetivo para o qual foi eleito pelas MENTES BOVINAS e tudo pode acontecer at\u00e9 2.022&#8230;<\/p>\n<p style=\"text-align: justify;\">Assim, este NATAL dever ser de muita REFLEX\u00c3O sobre tudo e todos, entretanto, pelas \u00faltimas pesquisas de opini\u00e3o mediados pelos tais institutos de pesquisas, entre os quais o DATA FALHA, tudo indica que o BERRANTE continua mais eficaz do que nunca pra cima das MENTES BOVINAS&#8230;<\/p>\n<p style=\"text-align: justify;\">Nada contra a maior festa dos crist\u00e3os no mundo, considerando que este PA\u00cdS DO FAZ DE CONTA est\u00e1 AMARRADO com os denominados EVANG\u00c9LICOS, al\u00e9m de outros CREDOS deste e do outro lado, haja vista que todos de um jeito ou de outro est\u00e3o interessados nas BEN\u00c7\u00c3OS do PROFETA DO APOCAL\u00cdPSE denominado de MITO&#8230;<\/p>\n<p style=\"text-align: justify;\">Como afirmou o pensador do outro tempo, NADA \u00c9 PARA SEMPRE, por isso e mais aquilo se faz necess\u00e1rio acreditar que a ESPERAN\u00c7A pode ser a \u00faltima a MORRER NA PRAIA e ponto quase final&#8230;<\/p>\n<p style=\"text-align: justify;\">De todas as COISAS que este COISO continua promovendo com o seu MINIST\u00c9RIO DE ARAQUE em todas as \u00e1reas, talvez exista uma alternativa que poder\u00e1 ser apresentada pelos denominados URUBUS TOGADOS&#8230;<\/p>\n<p style=\"text-align: justify;\">Mesmo assim, que o seu NATAL possa ser do seu jeito de SER\u00a0 e ESTAR neste PA\u00cdS DO FAZ DE CONTA, ainda, refor\u00e7ando que TODO CUIDADO \u00c9 POUCO com o avan\u00e7o da PANDEMIA nos quatro cantos deste PA\u00cdS DO FAZ DE CONTA&#8230;<\/p>\n<p style=\"text-align: justify;\">EU AVISEI! ELLE N\u00c3O! O COISO!<\/p>\n<p style=\"text-align: justify;\">QUEM SOBREVIVER VAI SABER&#8230;<\/p>\n<p style=\"text-align: justify;\">_________________________________<\/p>\n<p style=\"text-align: justify;\">(*) jornalista diplomado e professor universit\u00e1rio.<\/p>\n<p style=\"text-align: justify;\">\n<p style=\"text-align: justify;\">\n<p>&nbsp;<\/p>\n<p>&nbsp;<\/p>\n<p>&nbsp;<\/p>\n<p>&nbsp;<\/p>\n","protected":false},"excerpt":{"rendered":"<p>NATAL em tempo de MENTES BOVINAS&#8230;\u00a0 S\u00e9rgio Barbosa (*) Nesta sexta-feira, 25, comemora-se a data mais importante do calend\u00e1rio do Cristianismo em n\u00edvel GLOCAL, ou seja, do GLOBAL para o LOCAL, ainda, em tempo de PANDEMIA e tudo mais em meio ao tudo de menos&#8230; Assim, como afirmou o pensador, CAMINHA A HUMANIDADE, todavia, n\u00e3o [&hellip;]<\/p>\n","protected":false},"author":1,"featured_media":40719,"comment_status":"closed","ping_status":"open","sticky":false,"template":"","format":"standard","meta":{"footnotes":""},"categories":[175],"tags":[],"class_list":["post-40718","post","type-post","status-publish","format-standard","has-post-thumbnail","hentry","category-artigos"],"_links":{"self":[{"href":"https:\/\/jorgezanoni.com.br\/2019\/wp-json\/wp\/v2\/posts\/40718","targetHints":{"allow":["GET"]}}],"collection":[{"href":"https:\/\/jorgezanoni.com.br\/2019\/wp-json\/wp\/v2\/posts"}],"about":[{"href":"https:\/\/jorgezanoni.com.br\/2019\/wp-json\/wp\/v2\/types\/post"}],"author":[{"embeddable":true,"href":"https:\/\/jorgezanoni.com.br\/2019\/wp-json\/wp\/v2\/users\/1"}],"replies":[{"embeddable":true,"href":"https:\/\/jorgezanoni.com.br\/2019\/wp-json\/wp\/v2\/comments?post=40718"}],"version-history":[{"count":0,"href":"https:\/\/jorgezanoni.com.br\/2019\/wp-json\/wp\/v2\/posts\/40718\/revisions"}],"wp:featuredmedia":[{"embeddable":true,"href":"https:\/\/jorgezanoni.com.br\/2019\/wp-json\/wp\/v2\/media\/40719"}],"wp:attachment":[{"href":"https:\/\/jorgezanoni.com.br\/2019\/wp-json\/wp\/v2\/media?parent=40718"}],"wp:term":[{"taxonomy":"category","embeddable":true,"href":"https:\/\/jorgezanoni.com.br\/2019\/wp-json\/wp\/v2\/categories?post=40718"},{"taxonomy":"post_tag","embeddable":true,"href":"https:\/\/jorgezanoni.com.br\/2019\/wp-json\/wp\/v2\/tags?post=40718"}],"curies":[{"name":"wp","href":"https:\/\/api.w.org\/{rel}","templated":true}]}}