{"id":4070,"date":"2019-08-18T22:27:02","date_gmt":"2019-08-18T22:27:02","guid":{"rendered":"https:\/\/jorgezanoni.com.br\/2019\/?p=4070"},"modified":"2019-08-18T22:27:02","modified_gmt":"2019-08-18T22:27:02","slug":"alunos-do-anglo-cid-trabalham-projeto-para-pontualidade-nas-aulas","status":"publish","type":"post","link":"https:\/\/jorgezanoni.com.br\/2019\/alunos-do-anglo-cid-trabalham-projeto-para-pontualidade-nas-aulas\/","title":{"rendered":"Alunos do Anglo-CID trabalham projeto para pontualidade nas aulas"},"content":{"rendered":"<p style=\"font-weight: 400;\"><strong><em>O projeto busca mensurar, apresentar e conscientizar a comunidade escolar sobre a import\u00e2ncia da pontualidade.<\/em><\/strong><em>\u00a0<\/em><\/p>\n<p style=\"font-weight: 400; text-align: justify;\">O Col\u00e9gio Anglo-CID implantou, desde o m\u00eas de fevereiro, um projeto de conscientiza\u00e7\u00e3o sobre a pontualidade dos alunos ao virem para a escola. O projeto vem apresentando resultados significativos, pois, ap\u00f3s o aumento de atrasos do m\u00eas de abril, houve uma redu\u00e7\u00e3o importante em tais n\u00fameros. Isso mostra que o trabalho vem dando resultado e que as crian\u00e7as est\u00e3o entendendo a import\u00e2ncia de \u201cchegar no hor\u00e1rio\u201d.<\/p>\n<p style=\"font-weight: 400; text-align: justify;\">A coordenadora pedag\u00f3gica Profa. Esp. Patricia Nakamura explicou que o trabalho foi iniciado com orienta\u00e7\u00f5es em sala de aula e m\u00eas a m\u00eas foram apresentados os dados e gr\u00e1ficos dos atrasos por ano escolar. \u201cMontamos um painel com os dados para que toda a comunidade escolar pudesse acompanhar a evolu\u00e7\u00e3o\u201d, comentou.<\/p>\n<p style=\"font-weight: 400; text-align: justify;\">A classe que mais conseguiu diminuir o n\u00famero de atrasos no m\u00eas de mar\u00e7o foi o 6\u00ba ano e, como comemora\u00e7\u00e3o, puderam escolher entre assistir a um filme na escola ou realizar um piquenique. Os alunos escolheram o filme e foi realizada uma manh\u00e3 diferente no Audit\u00f3rio da Fundec, com o filme \u201cUma fam\u00edlia feliz\u201d.<\/p>\n<p style=\"font-weight: 400; text-align: justify;\">No dia 4 de maio, durante a segunda reuni\u00e3o de pais, foram apresentados os dados comparativos at\u00e9 o m\u00eas de abril, que apontou um aumento de atrasos. \u201cNovamente houve um momento de conscientiza\u00e7\u00e3o da import\u00e2ncia da pontualidade, tanto para os alunos quanto para os pais\u201d, explicou Patr\u00edcia.<\/p>\n<p style=\"font-weight: 400; text-align: justify;\">No dia 28 de junho, no Dia da Lideran\u00e7a, os gr\u00e1ficos atualizados foram apresentados aos respons\u00e1veis, por\u00e9m desta vez pelos alunos, apresentando uma grande melhora. \u201cNo come\u00e7o deste ano decidimos usar gr\u00e1ficos mensais e comparativos para mensurar estes dados para que pud\u00e9ssemos ver quantos atrasos t\u00ednhamos e trabalhar a conscientiza\u00e7\u00e3o, de forma mais eficaz com alunos e seus respons\u00e1veis. Os alunos, com o objetivo em mente, t\u00eam se animado para mostrar cada vez mais que sua sala \u00e9 a mais pontual do Col\u00e9gio\u201d, finalizou a coordenadora.<\/p>\n<p style=\"font-weight: 400; text-align: justify;\">Na terceira reuni\u00e3o de pais, em 3 de agosto, novamente foram apresentados os gr\u00e1ficos e teve-se a grata surpresa de que o 8\u00ba ano zerou os atrasos no m\u00eas de junho.<\/p>\n<p style=\"font-weight: 400; text-align: justify;\">Carolina Colnago<\/p>\n<p style=\"font-weight: 400; text-align: justify;\">Assessora de Comunica\u00e7\u00e3o da Fundec &#8211; Jornalista<\/p>\n<p style=\"text-align: justify;\">Foto: Alunos do 8\u00ba ano tiveram 100% de pontualidade no m\u00eas de junho.<\/p>\n","protected":false},"excerpt":{"rendered":"<p>O projeto busca mensurar, apresentar e conscientizar a comunidade escolar sobre a import\u00e2ncia da pontualidade.\u00a0 O Col\u00e9gio Anglo-CID implantou, desde o m\u00eas de fevereiro, um projeto de conscientiza\u00e7\u00e3o sobre a pontualidade dos alunos ao virem para a escola. O projeto vem apresentando resultados significativos, pois, ap\u00f3s o aumento de atrasos do m\u00eas de abril, houve [&hellip;]<\/p>\n","protected":false},"author":1,"featured_media":4071,"comment_status":"closed","ping_status":"open","sticky":false,"template":"","format":"standard","meta":{"footnotes":""},"categories":[110,122],"tags":[],"class_list":["post-4070","post","type-post","status-publish","format-standard","has-post-thumbnail","hentry","category-noticiasdestaque","category-saudeeducacaoeconcurso"],"_links":{"self":[{"href":"https:\/\/jorgezanoni.com.br\/2019\/wp-json\/wp\/v2\/posts\/4070","targetHints":{"allow":["GET"]}}],"collection":[{"href":"https:\/\/jorgezanoni.com.br\/2019\/wp-json\/wp\/v2\/posts"}],"about":[{"href":"https:\/\/jorgezanoni.com.br\/2019\/wp-json\/wp\/v2\/types\/post"}],"author":[{"embeddable":true,"href":"https:\/\/jorgezanoni.com.br\/2019\/wp-json\/wp\/v2\/users\/1"}],"replies":[{"embeddable":true,"href":"https:\/\/jorgezanoni.com.br\/2019\/wp-json\/wp\/v2\/comments?post=4070"}],"version-history":[{"count":0,"href":"https:\/\/jorgezanoni.com.br\/2019\/wp-json\/wp\/v2\/posts\/4070\/revisions"}],"wp:featuredmedia":[{"embeddable":true,"href":"https:\/\/jorgezanoni.com.br\/2019\/wp-json\/wp\/v2\/media\/4071"}],"wp:attachment":[{"href":"https:\/\/jorgezanoni.com.br\/2019\/wp-json\/wp\/v2\/media?parent=4070"}],"wp:term":[{"taxonomy":"category","embeddable":true,"href":"https:\/\/jorgezanoni.com.br\/2019\/wp-json\/wp\/v2\/categories?post=4070"},{"taxonomy":"post_tag","embeddable":true,"href":"https:\/\/jorgezanoni.com.br\/2019\/wp-json\/wp\/v2\/tags?post=4070"}],"curies":[{"name":"wp","href":"https:\/\/api.w.org\/{rel}","templated":true}]}}