{"id":40691,"date":"2020-12-22T23:33:27","date_gmt":"2020-12-22T23:33:27","guid":{"rendered":"https:\/\/jorgezanoni.com.br\/2019\/?p=40691"},"modified":"2020-12-22T23:33:27","modified_gmt":"2020-12-22T23:33:27","slug":"cantor-matheus-da-dupla-prudentina-lucas-e-matheus-morre-por-complicacoes-da-covid-19","status":"publish","type":"post","link":"https:\/\/jorgezanoni.com.br\/2019\/cantor-matheus-da-dupla-prudentina-lucas-e-matheus-morre-por-complicacoes-da-covid-19\/","title":{"rendered":"Cantor Matheus, da dupla prudentina Lucas e Matheus, morre por complica\u00e7\u00f5es da Covid-19"},"content":{"rendered":"<h2 class=\"content-head__subtitle\" style=\"text-align: justify;\"><strong>Edilson da Silva Rodrigues, nome de batismo do m\u00fasico, tinha 57 anos e estava internado em um hospital em Presidente Prudente. Dupla de irm\u00e3os tinha mais de 25 anos de carreira.<\/strong><\/h2>\n<div class=\"mc-column content-text active-extra-styles \" data-block-type=\"unstyled\" data-block-weight=\"29\" data-block-id=\"2\">\n<p class=\"content-text__container \" style=\"text-align: justify;\" data-track-category=\"Link no Texto\" data-track-links=\"\">Morreu nesta ter\u00e7a-feira (22), em\u00a0<a href=\"https:\/\/g1.globo.com\/sp\/presidente-prudente-regiao\/cidade\/presidente-prudente\/\">Presidente Prudente<\/a>, o cantor Matheus, da dupla prudentina Lucas e Matheus. A fam\u00edlia confirmou a morte do m\u00fasico por conta de complica\u00e7\u00f5es da Covid-19.<\/p>\n<\/div>\n<div class=\"wall protected-content\">\n<div class=\"mc-column content-text active-extra-styles \" data-block-type=\"unstyled\" data-block-weight=\"45\" data-block-id=\"3\">\n<p class=\"content-text__container \" style=\"text-align: justify;\" data-track-category=\"Link no Texto\" data-track-links=\"\">Edilson da Silva Rodrigues, de 57 anos, veio de Portugal para Presidente Prudente e ao chegar, come\u00e7ou a apresentar sintomas do novo coronav\u00edrus. Ele estava internado em um hospital da cidade e teve que ser entubado no dia 16 de dezembro. Por\u00e9m, ele n\u00e3o resistiu.<\/p>\n<div class=\"mc-column content-text active-extra-styles \" style=\"text-align: justify;\" data-block-type=\"unstyled\" data-block-weight=\"26\" data-block-id=\"5\">\n<p class=\"content-text__container \" data-track-category=\"Link no Texto\" data-track-links=\"\">Em 2018 Lucas e Matheus participaram do quadro &#8220;Entre N\u00f3s&#8221;, no\u00a0<strong>Fronteira Not\u00edcias 1\u00aa Edi\u00e7\u00e3o<\/strong>, e falaram sobre o sucesso da dupla.<\/p>\n<\/div>\n<div class=\"mc-column content-text active-extra-styles \" style=\"text-align: justify;\" data-block-type=\"unstyled\" data-block-weight=\"49\" data-block-id=\"7\">\n<p class=\"content-text__container \" data-track-category=\"Link no Texto\" data-track-links=\"\">A dupla Lucas e Matheus tinha mais de 25 anos de carreira e uma longa trajet\u00f3ria na Europa. Foram dezenas de CDs gravados e v\u00e1rias conquistas, como 40 discos de ouro, 25 de platina e cinco de diamante pelos mais de 7 milh\u00f5es de c\u00f3pias j\u00e1 vendidas na carreira.<\/p>\n<\/div>\n<div class=\"mc-column content-text active-extra-styles \" data-block-type=\"unstyled\" data-block-weight=\"21\" data-block-id=\"8\">\n<p class=\"content-text__container \" style=\"text-align: justify;\" data-track-category=\"Link no Texto\" data-track-links=\"\">O maior sucesso da dupla de irm\u00e3os Lucas e Matheus foi a m\u00fasica &#8220;Paci\u00eancia&#8221;, gravada na d\u00e9cada de 1990<\/p>\n<p style=\"text-align: justify;\" data-track-category=\"Link no Texto\" data-track-links=\"\">Fonte: G1<\/p>\n<\/div>\n<\/div>\n<\/div>\n","protected":false},"excerpt":{"rendered":"<p>Edilson da Silva Rodrigues, nome de batismo do m\u00fasico, tinha 57 anos e estava internado em um hospital em Presidente Prudente. Dupla de irm\u00e3os tinha mais de 25 anos de carreira. Morreu nesta ter\u00e7a-feira (22), em\u00a0Presidente Prudente, o cantor Matheus, da dupla prudentina Lucas e Matheus. A fam\u00edlia confirmou a morte do m\u00fasico por conta [&hellip;]<\/p>\n","protected":false},"author":1,"featured_media":40692,"comment_status":"closed","ping_status":"open","sticky":false,"template":"","format":"standard","meta":{"footnotes":""},"categories":[183,178,110],"tags":[],"class_list":["post-40691","post","type-post","status-publish","format-standard","has-post-thumbnail","hentry","category-musicaeturismo","category-notadefalecimento","category-noticiasdestaque"],"_links":{"self":[{"href":"https:\/\/jorgezanoni.com.br\/2019\/wp-json\/wp\/v2\/posts\/40691","targetHints":{"allow":["GET"]}}],"collection":[{"href":"https:\/\/jorgezanoni.com.br\/2019\/wp-json\/wp\/v2\/posts"}],"about":[{"href":"https:\/\/jorgezanoni.com.br\/2019\/wp-json\/wp\/v2\/types\/post"}],"author":[{"embeddable":true,"href":"https:\/\/jorgezanoni.com.br\/2019\/wp-json\/wp\/v2\/users\/1"}],"replies":[{"embeddable":true,"href":"https:\/\/jorgezanoni.com.br\/2019\/wp-json\/wp\/v2\/comments?post=40691"}],"version-history":[{"count":0,"href":"https:\/\/jorgezanoni.com.br\/2019\/wp-json\/wp\/v2\/posts\/40691\/revisions"}],"wp:featuredmedia":[{"embeddable":true,"href":"https:\/\/jorgezanoni.com.br\/2019\/wp-json\/wp\/v2\/media\/40692"}],"wp:attachment":[{"href":"https:\/\/jorgezanoni.com.br\/2019\/wp-json\/wp\/v2\/media?parent=40691"}],"wp:term":[{"taxonomy":"category","embeddable":true,"href":"https:\/\/jorgezanoni.com.br\/2019\/wp-json\/wp\/v2\/categories?post=40691"},{"taxonomy":"post_tag","embeddable":true,"href":"https:\/\/jorgezanoni.com.br\/2019\/wp-json\/wp\/v2\/tags?post=40691"}],"curies":[{"name":"wp","href":"https:\/\/api.w.org\/{rel}","templated":true}]}}