{"id":40688,"date":"2020-12-22T21:55:26","date_gmt":"2020-12-22T21:55:26","guid":{"rendered":"https:\/\/jorgezanoni.com.br\/2019\/?p=40688"},"modified":"2020-12-22T21:55:26","modified_gmt":"2020-12-22T21:55:26","slug":"casal-morador-em-tupa-morre-em-acidente-na-sp-294-no-trecho-iacri-tupa","status":"publish","type":"post","link":"https:\/\/jorgezanoni.com.br\/2019\/casal-morador-em-tupa-morre-em-acidente-na-sp-294-no-trecho-iacri-tupa\/","title":{"rendered":"Casal morador em Tup\u00e3 morre em acidente na SP-294 no trecho Iacri-Tup\u00e3"},"content":{"rendered":"<p><strong><em><br \/>\n<img decoding=\"async\" src=\"https:\/\/static.bastosja.com.br\/data\/noticias\/imagens\/3929\/image\/16086728271_3faA4fcY1kcqVTs.jpg\" alt=\"\" \/><\/em><\/strong><\/p>\n<p style=\"text-align: justify;\">Jo\u00e3o Moreira do Carmo Sobrinho, 72 anos e sua esposa Santa Martins, 60 anos morreram e uma crian\u00e7a &#8211; neta do casal &#8211; sofreu ferimentos em acidente ocorrido na Rodovia Comandante Jo\u00e3o Ribeiro de Barros (SP-294), no trecho entre Iacri e Tup\u00e3, por volta das 14:50 horas desta ter\u00e7a-feira, dia 22. A colis\u00e3o de carro contra \u00e1rvore aconteceu na altura do quil\u00f4metro 539 mais 300 metros.<\/p>\n<p style=\"text-align: justify;\">Segundo as primeiras informa\u00e7\u00f5es, um ve\u00edculo Spacefox, que seria da cidade de Tup\u00e3, por motivos a serem esclarecidos saiu da pista e colidiu contra um p\u00e9 de manga plantado as margens da rodovia. O motorista e sua esposa faleceram e a neta de 9 anos sofreu ferimentos e foi conduzida para atendimento m\u00e9dico na Santa Casa de Tup\u00e3.<\/p>\n<p style=\"text-align: justify;\">Atendeu a ocorr\u00eancia, Pol\u00edcia Rodovi\u00e1ria e o Corpo de Bombeiros de Tup\u00e3, equipe do tenente Dos Santos, cabo Tavares e cabo Linconl, soldado Cruz e cabo Moreno, al\u00e9m da concession\u00e1ria que administra a rodovia.<\/p>\n<p><img decoding=\"async\" src=\"https:\/\/static.bastosja.com.br\/data\/noticias\/imagens\/3929\/image\/16086728270_zCczo1NBAfVnAER.jpg\" alt=\"\" \/><img decoding=\"async\" src=\"https:\/\/static.bastosja.com.br\/data\/noticias\/imagens\/3929\/image\/16086728272_WkJCEEkjnmj2Bj9.jpg\" alt=\"\" \/><\/p>\n<p>Fonte: Bastos J\u00e1<\/p>\n","protected":false},"excerpt":{"rendered":"<p>Jo\u00e3o Moreira do Carmo Sobrinho, 72 anos e sua esposa Santa Martins, 60 anos morreram e uma crian\u00e7a &#8211; neta do casal &#8211; sofreu ferimentos em acidente ocorrido na Rodovia Comandante Jo\u00e3o Ribeiro de Barros (SP-294), no trecho entre Iacri e Tup\u00e3, por volta das 14:50 horas desta ter\u00e7a-feira, dia 22. A colis\u00e3o de carro [&hellip;]<\/p>\n","protected":false},"author":1,"featured_media":40689,"comment_status":"closed","ping_status":"open","sticky":false,"template":"","format":"standard","meta":{"footnotes":""},"categories":[170,110],"tags":[],"class_list":["post-40688","post","type-post","status-publish","format-standard","has-post-thumbnail","hentry","category-acidentes","category-noticiasdestaque"],"_links":{"self":[{"href":"https:\/\/jorgezanoni.com.br\/2019\/wp-json\/wp\/v2\/posts\/40688","targetHints":{"allow":["GET"]}}],"collection":[{"href":"https:\/\/jorgezanoni.com.br\/2019\/wp-json\/wp\/v2\/posts"}],"about":[{"href":"https:\/\/jorgezanoni.com.br\/2019\/wp-json\/wp\/v2\/types\/post"}],"author":[{"embeddable":true,"href":"https:\/\/jorgezanoni.com.br\/2019\/wp-json\/wp\/v2\/users\/1"}],"replies":[{"embeddable":true,"href":"https:\/\/jorgezanoni.com.br\/2019\/wp-json\/wp\/v2\/comments?post=40688"}],"version-history":[{"count":0,"href":"https:\/\/jorgezanoni.com.br\/2019\/wp-json\/wp\/v2\/posts\/40688\/revisions"}],"wp:featuredmedia":[{"embeddable":true,"href":"https:\/\/jorgezanoni.com.br\/2019\/wp-json\/wp\/v2\/media\/40689"}],"wp:attachment":[{"href":"https:\/\/jorgezanoni.com.br\/2019\/wp-json\/wp\/v2\/media?parent=40688"}],"wp:term":[{"taxonomy":"category","embeddable":true,"href":"https:\/\/jorgezanoni.com.br\/2019\/wp-json\/wp\/v2\/categories?post=40688"},{"taxonomy":"post_tag","embeddable":true,"href":"https:\/\/jorgezanoni.com.br\/2019\/wp-json\/wp\/v2\/tags?post=40688"}],"curies":[{"name":"wp","href":"https:\/\/api.w.org\/{rel}","templated":true}]}}