{"id":40679,"date":"2020-12-22T16:08:22","date_gmt":"2020-12-22T16:08:22","guid":{"rendered":"https:\/\/jorgezanoni.com.br\/2019\/?p=40679"},"modified":"2020-12-22T16:22:15","modified_gmt":"2020-12-22T16:22:15","slug":"governo-do-estado-rebaixa-a-regiao-de-presidente-prudente-para-a-fase-vermelha-a-mais-restritiva-do-plano-de-flexibilizacao-da-quarentena","status":"publish","type":"post","link":"https:\/\/jorgezanoni.com.br\/2019\/governo-do-estado-rebaixa-a-regiao-de-presidente-prudente-para-a-fase-vermelha-a-mais-restritiva-do-plano-de-flexibilizacao-da-quarentena\/","title":{"rendered":"Governo do Estado rebaixa a regi\u00e3o de Presidente Prudente para a fase vermelha, a mais restritiva, do plano de flexibiliza\u00e7\u00e3o da quarentena"},"content":{"rendered":"<p style=\"text-align: justify;\"><strong>O governo do Estado de S\u00e3o Paulo rebaixou a regi\u00e3o de Presidente Prudente para fase vermelha do Plano S\u00e3o Paulo nesta ter\u00e7a-feira (22).<\/strong><\/p>\n<p>O governo de S\u00e3o Paulo determinou nesta ter\u00e7a-feira (22) medidas de endurecimento da quarentena com o aumento nas restri\u00e7\u00f5es de funcionamento de bens e servi\u00e7os em todo estado.<\/p>\n<p>De acordo com o an\u00fancio, apenas servi\u00e7os essenciais como transporte, sa\u00fade, padarias, mercados e farm\u00e1cias poder\u00e3o funcionar nos dias 25, 26 e 27 de dezembro e 1, 2 e 3 de janeiro.<\/p>\n<p>A mudan\u00e7a s\u00f3 n\u00e3o ser\u00e1 tempor\u00e1ria para Presidente Prudente. Por conta do avan\u00e7o nos casos e da falta de leitos de UTI, a regi\u00e3o passa a ficar, at\u00e9 a pr\u00f3xima reclassifica\u00e7\u00e3o, na fase vermelha, a mais restritiva, do plano de flexibiliza\u00e7\u00e3o econ\u00f4mica.<\/p>\n<p>A secret\u00e1ria de desenvolvimento econ\u00f4mico, Patr\u00edcia Ellen, tamb\u00e9m anunciou que em janeiro nenhuma regi\u00e3o vai para fase verde e que a reclassifica\u00e7\u00e3o do estado que estava marcada para o pr\u00f3ximo dia 4 foi adiada para o dia 7 de janeiro.<\/p>\n<p>As mudan\u00e7as foram divulgadas pelos integrantes do Centro de Conting\u00eancia da Covid-19, na sede do Instituto Butantan, na tarde desta ter\u00e7a-feira (22).<img loading=\"lazy\" decoding=\"async\" src=\"http:\/\/www.fmmetropole.com.br\/arquivos\/custom-upload\/plano-sp.jpg\" alt=\"\" width=\"667\" height=\"361\" \/><\/p>\n<p>Nas \u00faltimas quatro semanas, S\u00e3o Paulo registrou aumento de 34% no n\u00famero de mortes provocadas pelo coronav\u00edrus, segundo dados do governo estadual.<\/p>\n<p>No mesmo per\u00edodo, o n\u00famero de casos cresceu 54% e as interna\u00e7\u00f5es por Covid-19 subiram 13% em todo o estado.<\/p>\n<p>Atualmente, todas as regi\u00f5es de S\u00e3o Paulo se encontram na fase amarela do chamado Plano S\u00e3o Paulo, que permite a abertura de bares, restaurantes e com\u00e9rcio, embora com restri\u00e7\u00f5es de hor\u00e1rio.<img loading=\"lazy\" decoding=\"async\" src=\"http:\/\/www.fmmetropole.com.br\/arquivos\/custom-upload\/plano-sp-2.jpg\" alt=\"\" width=\"673\" height=\"369\" \/><\/p>\n<p>Nas \u00faltimas semanas o estado vive uma nova piora da pandemia, com aumento de interna\u00e7\u00f5es, novos casos e novas mortes por coronav\u00edrus.<\/p>\n<p>At\u00e9 esta segunda, o estado de S\u00e3o Paulo contabilizou 45.136 mortes e 1,38 milh\u00e3o de casos confirmados de Covid-19 desde o in\u00edcio da pandemia.<\/p>\n<p>A m\u00e9dia m\u00f3vel di\u00e1ria de mortes, que leva em considera\u00e7\u00e3o os registros dos \u00faltimos 7 dias, \u00e9 de 155 mortes di\u00e1rias no estado.<\/p>\n<p>O valor \u00e9 9% maior do que o registrado h\u00e1 14 dias, o que para especialistas indica tend\u00eancia de estabilidade. A m\u00e9dia m\u00f3vel de mortes voltou a ficar acima de 150 na sexta-feira (18), o que n\u00e3o acontecia desde outubro.<\/p>\n<p>J\u00e1 a m\u00e9dia m\u00f3vel di\u00e1ria de casos est\u00e1 em 7.290 novos casos por dia nesta segunda. O valor \u00e9 10% maior do que o registrado h\u00e1 14 dias, o que tamb\u00e9m indica tend\u00eancia de estabilidade.<\/p>\n<p>A taxa de ocupa\u00e7\u00e3o de leitos de Unidade de Terapia Intensiva (UTI) no estado est\u00e1 aumentando progressivamente e voltou a ficar acima de 60% na \u00faltima ter\u00e7a-feira (15), o que n\u00e3o acontecia desde 5 de agosto. Na \u00faltima semana, algumas cidades da Grande S\u00e3o Paulo chegaram a registrar taxas acima de 80%.<\/p>\n<p>No dia 11 de dezembro, o governador de S\u00e3o Paulo, Jo\u00e3o Doria (PSDB), afirmou que vai garantir a abertura de 2 mil novos leitos do Sistema \u00danico de Sa\u00fade (SUS) destinados para pacientes da Covid-19.<\/p>\n<p>Fonte: G1<\/p>\n","protected":false},"excerpt":{"rendered":"<p>O governo do Estado de S\u00e3o Paulo rebaixou a regi\u00e3o de Presidente Prudente para fase vermelha do Plano S\u00e3o Paulo nesta ter\u00e7a-feira (22). O governo de S\u00e3o Paulo determinou nesta ter\u00e7a-feira (22) medidas de endurecimento da quarentena com o aumento nas restri\u00e7\u00f5es de funcionamento de bens e servi\u00e7os em todo estado. De acordo com o [&hellip;]<\/p>\n","protected":false},"author":1,"featured_media":40683,"comment_status":"closed","ping_status":"open","sticky":false,"template":"","format":"standard","meta":{"footnotes":""},"categories":[110,116],"tags":[],"class_list":["post-40679","post","type-post","status-publish","format-standard","has-post-thumbnail","hentry","category-noticiasdestaque","category-politicaeeconomia"],"_links":{"self":[{"href":"https:\/\/jorgezanoni.com.br\/2019\/wp-json\/wp\/v2\/posts\/40679","targetHints":{"allow":["GET"]}}],"collection":[{"href":"https:\/\/jorgezanoni.com.br\/2019\/wp-json\/wp\/v2\/posts"}],"about":[{"href":"https:\/\/jorgezanoni.com.br\/2019\/wp-json\/wp\/v2\/types\/post"}],"author":[{"embeddable":true,"href":"https:\/\/jorgezanoni.com.br\/2019\/wp-json\/wp\/v2\/users\/1"}],"replies":[{"embeddable":true,"href":"https:\/\/jorgezanoni.com.br\/2019\/wp-json\/wp\/v2\/comments?post=40679"}],"version-history":[{"count":0,"href":"https:\/\/jorgezanoni.com.br\/2019\/wp-json\/wp\/v2\/posts\/40679\/revisions"}],"wp:featuredmedia":[{"embeddable":true,"href":"https:\/\/jorgezanoni.com.br\/2019\/wp-json\/wp\/v2\/media\/40683"}],"wp:attachment":[{"href":"https:\/\/jorgezanoni.com.br\/2019\/wp-json\/wp\/v2\/media?parent=40679"}],"wp:term":[{"taxonomy":"category","embeddable":true,"href":"https:\/\/jorgezanoni.com.br\/2019\/wp-json\/wp\/v2\/categories?post=40679"},{"taxonomy":"post_tag","embeddable":true,"href":"https:\/\/jorgezanoni.com.br\/2019\/wp-json\/wp\/v2\/tags?post=40679"}],"curies":[{"name":"wp","href":"https:\/\/api.w.org\/{rel}","templated":true}]}}