{"id":40673,"date":"2020-12-22T14:31:34","date_gmt":"2020-12-22T14:31:34","guid":{"rendered":"https:\/\/jorgezanoni.com.br\/2019\/?p=40673"},"modified":"2020-12-22T14:31:34","modified_gmt":"2020-12-22T14:31:34","slug":"regiao-de-presidente-prudente-voltara-para-fase-vermelha-amanha-diz-jornal","status":"publish","type":"post","link":"https:\/\/jorgezanoni.com.br\/2019\/regiao-de-presidente-prudente-voltara-para-fase-vermelha-amanha-diz-jornal\/","title":{"rendered":"Regi\u00e3o de Presidente Prudente voltar\u00e1 para fase vermelha amanh\u00e3, diz jornal"},"content":{"rendered":"<figure class=\"social-icon\" style=\"text-align: justify;\"><figcaption class=\"figure-caption\"><strong>An\u00fancio ser\u00e1 feito pelo governador Doria no inicio da tarde desta ter\u00e7a-feira\u00a0<\/strong><\/figcaption><\/figure>\n<div class=\"georgia\">\n<p style=\"text-align: justify;\">J\u00e1 est\u00e1 definido, e ser\u00e1 anunciado nesta ter\u00e7a-feira (22), que a regi\u00e3o de Presidente Prudente retornar\u00e1 amanh\u00e3 para a fase vermelha, a mais restritiva, por causa do avan\u00e7o nos casos e da falta de leitos de UTI. A informa\u00e7\u00e3o est\u00e1 publicada no jornal O Estado de S.Paulo. S\u00f3 hoje houve a confirma\u00e7\u00e3o de mais nove casos na cidade de Presidente Prudente &#8211; h\u00e1 ainda 73 pessoas hospitalizadas e um total de 182 mortes.<\/p>\n<p style=\"text-align: justify;\">Com a medida, somente com\u00e9rcios essenciais (como padarias, mercados e farm\u00e1cias) poder\u00e3o funcionar nesses dias entre o Natal e o r\u00e9veillon. Bares e restaurantes, por exemplo, n\u00e3o poder\u00e3o abrir as portas na regi\u00e3o.<\/p>\n<p>O governo ainda estuda colocar todo o Estado na fase vermelha do Plano S\u00e3o Paulo nos dias 25, 26 e 27 de dezembro e nos dias 1, 2 e 3 de janeiro para tentar conter o avan\u00e7o de casos de covid-19. A decis\u00e3o final ser\u00e1 tomada em uma reuni\u00e3o do Centro de Conting\u00eancia com os secret\u00e1rios, na manh\u00e3 desta ter\u00e7a-feira, no Pal\u00e1cio dos Bandeirantes.<\/p>\n<p style=\"text-align: justify;\">Tamb\u00e9m ser\u00e1 anunciado que durante o m\u00eas de janeiro haver\u00e1 uma &#8220;trava&#8221; que impedir\u00e1 que as regi\u00f5es passem para a fase verde, que \u00e9 mais branda nas medidas de isolamento. Al\u00e9m disso, o governo estadual destaca que os prefeitos poder\u00e3o ser mais restritivos, com base na situa\u00e7\u00e3o local e seguindo decis\u00f5es do Supremo Tribunal Federal.<\/p>\n<p>A decis\u00e3o demonstra a preocupa\u00e7\u00e3o da \u00e1rea da Sa\u00fade com o avan\u00e7o de registros. Entre mar\u00e7o e junho, as restri\u00e7\u00f5es estaduais s\u00f3 aumentaram, at\u00e9 que houve o in\u00edcio de uma flexibiliza\u00e7\u00e3o. Em 21 de agosto, o Estado comemorou o fato de n\u00e3o ter nenhuma \u00e1rea no vermelho nos 645 munic\u00edpios paulistas. Mas a partir de setembro houve nova mudan\u00e7a no quadro. Nos bastidores, a ala mais pol\u00edtica se mostra, desde o m\u00eas passado, receosa quanto a ampliar restri\u00e7\u00f5es. J\u00e1 a \u00e1rea da Sa\u00fade e o Centro de Conting\u00eancia defendem retomar vetos, para tentar mudar a curva de \u00f3bitos e registros, que \u00e9 ascendente.<\/p>\n<p>O Estado de S\u00e3o Paulo registrou 45.136 \u00f3bitos e 1.388.043 casos do novo coronav\u00edrus &#8211; com 1.222.776 pessoas recuperadas. Oficialmente, as taxas de ocupa\u00e7\u00e3o dos leitos de UTI s\u00e3o de 66,9% na Grande S\u00e3o Paulo e de 61,8% no Estado. O n\u00famero de pacientes internados \u00e9 de 10.856, sendo 6.146 em enfermaria e 4.710 em unidades de terapia intensiva. J\u00e1 no Pa\u00eds, foram relatadas mais 549 mortes, chegando ao total de 187.322 \u00f3bitos na pandemia, conforme dados do cons\u00f3rcio da imprensa. A m\u00e9dia m\u00f3vel de mortes \u00e9 de 769, igualando 18 de setembro.<\/p>\n<p style=\"text-align: justify;\">Fonte: Jornal O Estado de S.Paulo<\/p>\n<\/div>\n","protected":false},"excerpt":{"rendered":"<p>An\u00fancio ser\u00e1 feito pelo governador Doria no inicio da tarde desta ter\u00e7a-feira\u00a0 J\u00e1 est\u00e1 definido, e ser\u00e1 anunciado nesta ter\u00e7a-feira (22), que a regi\u00e3o de Presidente Prudente retornar\u00e1 amanh\u00e3 para a fase vermelha, a mais restritiva, por causa do avan\u00e7o nos casos e da falta de leitos de UTI. A informa\u00e7\u00e3o est\u00e1 publicada no jornal [&hellip;]<\/p>\n","protected":false},"author":1,"featured_media":40674,"comment_status":"closed","ping_status":"open","sticky":false,"template":"","format":"standard","meta":{"footnotes":""},"categories":[110,116],"tags":[],"class_list":["post-40673","post","type-post","status-publish","format-standard","has-post-thumbnail","hentry","category-noticiasdestaque","category-politicaeeconomia"],"_links":{"self":[{"href":"https:\/\/jorgezanoni.com.br\/2019\/wp-json\/wp\/v2\/posts\/40673","targetHints":{"allow":["GET"]}}],"collection":[{"href":"https:\/\/jorgezanoni.com.br\/2019\/wp-json\/wp\/v2\/posts"}],"about":[{"href":"https:\/\/jorgezanoni.com.br\/2019\/wp-json\/wp\/v2\/types\/post"}],"author":[{"embeddable":true,"href":"https:\/\/jorgezanoni.com.br\/2019\/wp-json\/wp\/v2\/users\/1"}],"replies":[{"embeddable":true,"href":"https:\/\/jorgezanoni.com.br\/2019\/wp-json\/wp\/v2\/comments?post=40673"}],"version-history":[{"count":0,"href":"https:\/\/jorgezanoni.com.br\/2019\/wp-json\/wp\/v2\/posts\/40673\/revisions"}],"wp:featuredmedia":[{"embeddable":true,"href":"https:\/\/jorgezanoni.com.br\/2019\/wp-json\/wp\/v2\/media\/40674"}],"wp:attachment":[{"href":"https:\/\/jorgezanoni.com.br\/2019\/wp-json\/wp\/v2\/media?parent=40673"}],"wp:term":[{"taxonomy":"category","embeddable":true,"href":"https:\/\/jorgezanoni.com.br\/2019\/wp-json\/wp\/v2\/categories?post=40673"},{"taxonomy":"post_tag","embeddable":true,"href":"https:\/\/jorgezanoni.com.br\/2019\/wp-json\/wp\/v2\/tags?post=40673"}],"curies":[{"name":"wp","href":"https:\/\/api.w.org\/{rel}","templated":true}]}}