{"id":40637,"date":"2020-12-22T12:22:54","date_gmt":"2020-12-22T12:22:54","guid":{"rendered":"https:\/\/jorgezanoni.com.br\/2019\/?p=40637"},"modified":"2020-12-22T12:22:54","modified_gmt":"2020-12-22T12:22:54","slug":"acidente-entre-onibus-e-caminhao-mata-7-pessoas-e-deixa-outras-34-feridas-na-rodovia-assis-chateaubriand","status":"publish","type":"post","link":"https:\/\/jorgezanoni.com.br\/2019\/acidente-entre-onibus-e-caminhao-mata-7-pessoas-e-deixa-outras-34-feridas-na-rodovia-assis-chateaubriand\/","title":{"rendered":"Acidente entre \u00f4nibus e caminh\u00e3o mata 7 pessoas e deixa outras 34 feridas na Rodovia Assis Chateaubriand"},"content":{"rendered":"<h2 class=\"content-head__subtitle\" style=\"text-align: justify;\"><strong>Entre as v\u00edtimas fatais, dois homens, que estavam no caminh\u00e3o, foram identificados como irm\u00e3os e moradores de Luc\u00e9lia. Acidente ocorreu na Rodovia Assis Chateaubriand, em Parapu\u00e3. \u00d4nibus saiu do Par\u00e1 e seguia para o Rio Grande do Sul.<\/strong><\/h2>\n<div class=\"mc-column content-text active-extra-styles \" style=\"text-align: justify;\" data-block-type=\"unstyled\" data-block-weight=\"51\" data-block-id=\"2\">\n<p class=\"content-text__container \" data-track-category=\"Link no Texto\" data-track-links=\"\">Um acidente pr\u00f3ximo \u00e0 cidade de\u00a0<a href=\"https:\/\/g1.globo.com\/sp\/presidente-prudente-regiao\/cidade\/parapua\/\">Parapu\u00e3<\/a>, a 660 km de S\u00e3o Paulo, deixou 7 mortos e 34 feridos na noite desta segunda-feira (21). Um \u00f4nibus que saiu do Par\u00e1, com destino ao Rio Grande do Sul, colidiu com um caminh\u00e3o na Rodovia Assis Chateaubriand (SP-425), na regi\u00e3o do km 385.<\/p>\n<\/div>\n<div class=\"wall protected-content\">\n<div class=\"mc-column content-text active-extra-styles \" style=\"text-align: justify;\" data-block-type=\"unstyled\" data-block-weight=\"13\" data-block-id=\"3\">\n<p class=\"content-text__container \" data-track-category=\"Link no Texto\" data-track-links=\"\">Equipes do Corpo de Bombeiros da regi\u00e3o trabalharam no resgate das v\u00edtimas.<\/p>\n<\/div>\n<div class=\"mc-column content-text active-extra-styles \" data-block-type=\"unstyled\" data-block-weight=\"9\" data-block-id=\"4\">\n<p class=\"content-text__container \" style=\"text-align: justify;\" data-track-category=\"Link no Texto\" data-track-links=\"\">Entre os feridos, 14 foram socorridos em estado grave.<\/p>\n<div class=\"mc-column content-text active-extra-styles \" style=\"text-align: justify;\" data-block-type=\"unstyled\" data-block-weight=\"31\" data-block-id=\"6\">\n<p class=\"content-text__container \" data-track-category=\"Link no Texto\" data-track-links=\"\">Segundo a Pol\u00edcia Rodovi\u00e1ria, o \u00f4nibus de turismo com placa de Pelotas (RS) iniciou viagem em S\u00e3o F\u00e9lix do Xingu, no Par\u00e1, e seguia para Carazinho, no Rio Grande do Sul.<\/p>\n<\/div>\n<div class=\"content-ads content-ads--reveal\" style=\"text-align: justify;\" data-block-type=\"ads\" data-block-id=\"7\">\n<div id=\"banner_materia2\" class=\"tag-manager-publicidade-container mc-has-reveal mc-has-ad-lazyload\" data-id=\"banner_materia2\"><\/div>\n<\/div>\n<div class=\"mc-column content-text active-extra-styles \" style=\"text-align: justify;\" data-block-type=\"unstyled\" data-block-weight=\"31\" data-block-id=\"8\">\n<p class=\"content-text__container \" data-track-category=\"Link no Texto\" data-track-links=\"\">As primeiras v\u00edtimas identificadas s\u00e3o dois irm\u00e3os que estavam no caminh\u00e3o: o motorista, Donizete Alexandre dos Santos Filho, de 30 anos, e Bartogaleno Alexandre dos Santos, de 33 anos.<\/p>\n<\/div>\n<div class=\"mc-column content-text active-extra-styles \" style=\"text-align: justify;\" data-block-type=\"unstyled\" data-block-weight=\"17\" data-block-id=\"9\">\n<p class=\"content-text__container \" data-track-category=\"Link no Texto\" data-track-links=\"\">Ainda n\u00e3o h\u00e1 informa\u00e7\u00f5es sobre o n\u00famero de passageiros nem sobre a identidade das v\u00edtimas no \u00f4nibus.<\/p>\n<\/div>\n<div class=\"mc-column content-text active-extra-styles \" style=\"text-align: justify;\" data-block-type=\"unstyled\" data-block-weight=\"8\" data-block-id=\"10\">\n<p class=\"content-text__container \" data-track-category=\"Link no Texto\" data-track-links=\"\">As circunst\u00e2ncias ou causas do acidente ser\u00e3o investigadas.<\/p>\n<\/div>\n<div class=\"mc-column content-text active-extra-styles \" style=\"text-align: justify;\" data-block-type=\"unstyled\" data-block-weight=\"40\" data-block-id=\"11\">\n<p class=\"content-text__container \" data-track-category=\"Link no Texto\" data-track-links=\"\">De acordo com a Santa Casa de Miseric\u00f3rdia de Osvaldo Cruz, 21 v\u00edtimas do acidente foram atendidas na unidade, que fica a cerca de 13 quil\u00f4metros de Parapu\u00e3. Outras v\u00edtimas foram levadas para hospitais em Parapu\u00e3, Tup\u00e3 e Mar\u00edlia.<\/p>\n<\/div>\n<div class=\"row medium-uncollapsed content-media content-photo\" style=\"text-align: justify;\" data-block-type=\"backstage-photo\" data-block-id=\"12\">\n<div class=\"mc-column content-media__container\">\n<figure><img decoding=\"async\" class=\"i-amphtml-fill-content i-amphtml-replaced-content\" src=\"https:\/\/s2.glbimg.com\/aSbyw_5GJ27PHGIHKcBYXz05yW4=\/0x0:1024x768\/984x0\/smart\/filters:strip_icc()\/i.s3.glbimg.com\/v1\/AUTH_59edd422c0c84a879bd37670ae4f538a\/internal_photos\/bs\/2020\/c\/6\/oAmqF7TE6I9KtJOBhE6Q\/whatsapp-image-2020-12-22-at-03.22.32.jpeg\" sizes=\"(max-width: 1366px) 648px, 100vw\" srcset=\"https:\/\/s2.glbimg.com\/mTkVzy0IPtg9RdXXx147pPTHan8=\/0x0:1024x768\/1000x0\/smart\/filters:strip_icc()\/i.s3.glbimg.com\/v1\/AUTH_59edd422c0c84a879bd37670ae4f538a\/internal_photos\/bs\/2020\/c\/6\/oAmqF7TE6I9KtJOBhE6Q\/whatsapp-image-2020-12-22-at-03.22.32.jpeg 1000w, https:\/\/s2.glbimg.com\/aSbyw_5GJ27PHGIHKcBYXz05yW4=\/0x0:1024x768\/984x0\/smart\/filters:strip_icc()\/i.s3.glbimg.com\/v1\/AUTH_59edd422c0c84a879bd37670ae4f538a\/internal_photos\/bs\/2020\/c\/6\/oAmqF7TE6I9KtJOBhE6Q\/whatsapp-image-2020-12-22-at-03.22.32.jpeg 984w, https:\/\/s2.glbimg.com\/KOzlkJ9ADRobheZwJJG1CmcfWjY=\/0x0:1024x768\/640x0\/smart\/filters:strip_icc()\/i.s3.glbimg.com\/v1\/AUTH_59edd422c0c84a879bd37670ae4f538a\/internal_photos\/bs\/2020\/c\/6\/oAmqF7TE6I9KtJOBhE6Q\/whatsapp-image-2020-12-22-at-03.22.32.jpeg 640w, https:\/\/s2.glbimg.com\/uYmCk0K5zC3WMEBvQTJYZshbxKI=\/0x0:1024x768\/600x0\/smart\/filters:strip_icc()\/i.s3.glbimg.com\/v1\/AUTH_59edd422c0c84a879bd37670ae4f538a\/internal_photos\/bs\/2020\/c\/6\/oAmqF7TE6I9KtJOBhE6Q\/whatsapp-image-2020-12-22-at-03.22.32.jpeg 600w\" alt=\"Acidente pr\u00f3ximo \u00e0 cidade de Parapu\u00e3 deixou mortos e feridos na noite desta segunda-feira (21) \u2014 Foto: Bill Paschoalotto\/TV Fronteira \" \/><\/figure>\n<p class=\"content-media__description \">Acidente pr\u00f3ximo \u00e0 cidade de Parapu\u00e3 deixou mortos e feridos na noite desta segunda-feira (21) \u2014 Foto: Bill Paschoalotto\/TV Fronteira<\/p>\n<\/div>\n<\/div>\n<div class=\"mc-column content-text active-extra-styles \" style=\"text-align: justify;\" data-block-type=\"unstyled\" data-block-weight=\"23\" data-block-id=\"13\">\n<p class=\"content-text__container \" data-track-category=\"Link no Texto\" data-track-links=\"\">Dos pacientes atendidos em\u00a0<a href=\"https:\/\/g1.globo.com\/sp\/presidente-prudente-regiao\/cidade\/osvaldo-cruz\/\">Osvaldo Cruz<\/a>, seis continuam internados, seis em observa\u00e7\u00e3o e dois foram transferidos para Mar\u00edlia. Os demais foram liberados.<\/p>\n<\/div>\n<div class=\"mc-column content-text active-extra-styles \" style=\"text-align: justify;\" data-block-type=\"unstyled\" data-block-weight=\"21\" data-block-id=\"14\">\n<p class=\"content-text__container \" data-track-category=\"Link no Texto\" data-track-links=\"\">Na Santa Casa de Parapu\u00e3, dez pessoas receberam atendimento m\u00e9dico, tr\u00eas tiveram alta e sete pacientes foram transferidos para Mar\u00edlia.<\/p>\n<\/div>\n<div class=\"mc-column content-text active-extra-styles \" style=\"text-align: justify;\" data-block-type=\"unstyled\" data-block-weight=\"13\" data-block-id=\"15\">\n<p class=\"content-text__container \" data-track-category=\"Link no Texto\" data-track-links=\"\">Em Tup\u00e3, a Santa Casa recebeu cinco v\u00edtimas e todas continuam internadas.<\/p>\n<\/div>\n<div class=\"mc-column content-text active-extra-styles \" style=\"text-align: justify;\" data-block-type=\"unstyled\" data-block-weight=\"31\" data-block-id=\"16\">\n<p class=\"content-text__container \" data-track-category=\"Link no Texto\" data-track-links=\"\">Ao todo, nove pessoas foram encaminhadas \u00e0 Santa Casa de Mar\u00edlia. No entanto, a unidade informou \u00e0\u00a0<strong>TV Fronteira<\/strong>\u00a0na manh\u00e3 desta ter\u00e7a-feira (22) que n\u00e3o poderia fornecer informa\u00e7\u00f5es sobre pacientes.<\/p>\n<\/div>\n<div class=\"mc-column content-text active-extra-styles\" style=\"text-align: justify;\" data-block-type=\"raw\" data-block-weight=\"2\" data-block-id=\"17\">\n<div class=\"content-intertitle\">\n<h2>V\u00edtimas fatais<\/h2>\n<\/div>\n<\/div>\n<div class=\"mc-column content-text active-extra-styles \" style=\"text-align: justify;\" data-block-type=\"unstyled\" data-block-weight=\"13\" data-block-id=\"18\">\n<p class=\"content-text__container \" data-track-category=\"Link no Texto\" data-track-links=\"\">Al\u00e9m dos irm\u00e3os Donizete e Bartogaleno, as demais v\u00edtimas ainda n\u00e3o foram identificadas.<\/p>\n<\/div>\n<div class=\"mc-column content-text active-extra-styles \" style=\"text-align: justify;\" data-block-type=\"unstyled\" data-block-weight=\"15\" data-block-id=\"19\">\n<p class=\"content-text__container \" data-track-category=\"Link no Texto\" data-track-links=\"\">Duas mulheres e tr\u00eas homens que estavam no \u00f4nibus morreram. Um deles era o motorista.<\/p>\n<\/div>\n<div class=\"content-ads content-ads--reveal\" style=\"text-align: justify;\" data-block-type=\"ads\" data-block-id=\"20\">\n<div id=\"banner_materia__c655320b-5fd8-4406-95f5-c727849e41c4\" class=\"tag-manager-publicidade-container mc-has-reveal mc-has-ad-lazyload\" data-id=\"banner_materia__c655320b-5fd8-4406-95f5-c727849e41c4\"><\/div>\n<\/div>\n<div class=\"mc-column content-text active-extra-styles \" style=\"text-align: justify;\" data-block-type=\"unstyled\" data-block-weight=\"21\" data-block-id=\"21\">\n<p class=\"content-text__container \" data-track-category=\"Link no Texto\" data-track-links=\"\">Os corpos dos irm\u00e3os foram levados a Luc\u00e9lia (SP), onde moravam. O sepultamento est\u00e1 previsto para as 17h desta ter\u00e7a-feira (22).<\/p>\n<\/div>\n<div class=\"mc-column content-text active-extra-styles \" style=\"text-align: justify;\" data-block-type=\"unstyled\" data-block-weight=\"19\" data-block-id=\"22\">\n<p class=\"content-text__container \" data-track-category=\"Link no Texto\" data-track-links=\"\">As outras cinco v\u00edtimas foram levadas ao Instituto M\u00e9dico Legal (IML), em Tup\u00e3 e aguardam o reconhecimento das fam\u00edlias.<\/p>\n<\/div>\n<div class=\"row medium-uncollapsed content-media content-photo\" style=\"text-align: justify;\" data-block-type=\"backstage-photo\" data-block-id=\"23\">\n<div class=\"mc-column content-media__container\">\n<figure><img decoding=\"async\" class=\"i-amphtml-fill-content i-amphtml-replaced-content\" src=\"https:\/\/s2.glbimg.com\/GnkWXwt09FSVdo0osIWcqZWb5Uc=\/0x0:1024x768\/984x0\/smart\/filters:strip_icc()\/i.s3.glbimg.com\/v1\/AUTH_59edd422c0c84a879bd37670ae4f538a\/internal_photos\/bs\/2020\/C\/0\/QtkDkhQESz3OGG636xAA\/whatsapp-image-2020-12-22-at-00.26.58.jpeg\" sizes=\"(max-width: 1366px) 648px, 100vw\" srcset=\"https:\/\/s2.glbimg.com\/O9L-J5IZQuGZ0OcRbFErxgkXy2c=\/0x0:1024x768\/1000x0\/smart\/filters:strip_icc()\/i.s3.glbimg.com\/v1\/AUTH_59edd422c0c84a879bd37670ae4f538a\/internal_photos\/bs\/2020\/C\/0\/QtkDkhQESz3OGG636xAA\/whatsapp-image-2020-12-22-at-00.26.58.jpeg 1000w, https:\/\/s2.glbimg.com\/GnkWXwt09FSVdo0osIWcqZWb5Uc=\/0x0:1024x768\/984x0\/smart\/filters:strip_icc()\/i.s3.glbimg.com\/v1\/AUTH_59edd422c0c84a879bd37670ae4f538a\/internal_photos\/bs\/2020\/C\/0\/QtkDkhQESz3OGG636xAA\/whatsapp-image-2020-12-22-at-00.26.58.jpeg 984w, https:\/\/s2.glbimg.com\/wJe5sWdM-FHD8sbek41RSOrj2UE=\/0x0:1024x768\/640x0\/smart\/filters:strip_icc()\/i.s3.glbimg.com\/v1\/AUTH_59edd422c0c84a879bd37670ae4f538a\/internal_photos\/bs\/2020\/C\/0\/QtkDkhQESz3OGG636xAA\/whatsapp-image-2020-12-22-at-00.26.58.jpeg 640w, https:\/\/s2.glbimg.com\/1xzunB2VoTUb2chqfNBcOl0JJks=\/0x0:1024x768\/600x0\/smart\/filters:strip_icc()\/i.s3.glbimg.com\/v1\/AUTH_59edd422c0c84a879bd37670ae4f538a\/internal_photos\/bs\/2020\/C\/0\/QtkDkhQESz3OGG636xAA\/whatsapp-image-2020-12-22-at-00.26.58.jpeg 600w\" alt=\"Acidente pr\u00f3ximo \u00e0 cidade de Parapu\u00e3 deixou mortos e feridos na noite desta segunda-feira (21) \u2014 Foto: Bill Paschoalotto\/TV Fronteira \" \/><\/figure>\n<p class=\"content-media__description \">Acidente pr\u00f3ximo \u00e0 cidade de Parapu\u00e3 deixou mortos e feridos na noite desta segunda-feira (21) \u2014 Foto: Bill Paschoalotto\/TV Fronteira<\/p>\n<\/div>\n<\/div>\n<div class=\"row medium-uncollapsed content-media content-photo\" style=\"text-align: justify;\" data-block-type=\"backstage-photo\" data-block-id=\"24\">\n<div class=\"mc-column content-media__container\">\n<figure><img decoding=\"async\" class=\"i-amphtml-fill-content i-amphtml-replaced-content\" src=\"https:\/\/s2.glbimg.com\/veiaO3ksCs2508nCUps0WOF-2XQ=\/0x0:1024x768\/984x0\/smart\/filters:strip_icc()\/i.s3.glbimg.com\/v1\/AUTH_59edd422c0c84a879bd37670ae4f538a\/internal_photos\/bs\/2020\/O\/e\/lqzkAjQHmcyBpADLmnmA\/whatsapp-image-2020-12-22-at-00.26.57-6-.jpeg\" sizes=\"(max-width: 1366px) 648px, 100vw\" srcset=\"https:\/\/s2.glbimg.com\/y8K_j-FCCumLW1JmDh3C9THWP7Q=\/0x0:1024x768\/1000x0\/smart\/filters:strip_icc()\/i.s3.glbimg.com\/v1\/AUTH_59edd422c0c84a879bd37670ae4f538a\/internal_photos\/bs\/2020\/O\/e\/lqzkAjQHmcyBpADLmnmA\/whatsapp-image-2020-12-22-at-00.26.57-6-.jpeg 1000w, https:\/\/s2.glbimg.com\/veiaO3ksCs2508nCUps0WOF-2XQ=\/0x0:1024x768\/984x0\/smart\/filters:strip_icc()\/i.s3.glbimg.com\/v1\/AUTH_59edd422c0c84a879bd37670ae4f538a\/internal_photos\/bs\/2020\/O\/e\/lqzkAjQHmcyBpADLmnmA\/whatsapp-image-2020-12-22-at-00.26.57-6-.jpeg 984w, https:\/\/s2.glbimg.com\/V0wrLC8GtwR6AGWeD24wVOAenHo=\/0x0:1024x768\/640x0\/smart\/filters:strip_icc()\/i.s3.glbimg.com\/v1\/AUTH_59edd422c0c84a879bd37670ae4f538a\/internal_photos\/bs\/2020\/O\/e\/lqzkAjQHmcyBpADLmnmA\/whatsapp-image-2020-12-22-at-00.26.57-6-.jpeg 640w, https:\/\/s2.glbimg.com\/ojL7O2KRwcd5pf3SxRC-wjDJi3I=\/0x0:1024x768\/600x0\/smart\/filters:strip_icc()\/i.s3.glbimg.com\/v1\/AUTH_59edd422c0c84a879bd37670ae4f538a\/internal_photos\/bs\/2020\/O\/e\/lqzkAjQHmcyBpADLmnmA\/whatsapp-image-2020-12-22-at-00.26.57-6-.jpeg 600w\" alt=\"Acidente pr\u00f3ximo \u00e0 cidade de Parapu\u00e3 deixou mortos e feridos na noite desta segunda-feira (21) \u2014 Foto: Bill Paschoalotto\/TV Fronteira \" \/><\/figure>\n<p class=\"content-media__description \">Acidente pr\u00f3ximo \u00e0 cidade de Parapu\u00e3 deixou mortos e feridos na noite desta segunda-feira (21) \u2014 Foto: Bill Paschoalotto\/TV Fronteira<\/p>\n<\/div>\n<\/div>\n<div class=\"row medium-uncollapsed content-media content-photo\" style=\"text-align: justify;\" data-block-type=\"backstage-photo\" data-block-id=\"25\">\n<div class=\"mc-column content-media__container\">\n<figure><img decoding=\"async\" class=\"i-amphtml-fill-content i-amphtml-replaced-content\" src=\"https:\/\/s2.glbimg.com\/GCsNQvIFx8nq_YtMPLuy32a5tcg=\/0x0:1024x768\/984x0\/smart\/filters:strip_icc()\/i.s3.glbimg.com\/v1\/AUTH_59edd422c0c84a879bd37670ae4f538a\/internal_photos\/bs\/2020\/Z\/X\/48MGrMQJOLNNcRsW1Njw\/whatsapp-image-2020-12-22-at-00.26.57-5-.jpeg\" sizes=\"(max-width: 1366px) 648px, 100vw\" srcset=\"https:\/\/s2.glbimg.com\/7Wlih5zLy7E1crBOEXqWEw8I6og=\/0x0:1024x768\/1000x0\/smart\/filters:strip_icc()\/i.s3.glbimg.com\/v1\/AUTH_59edd422c0c84a879bd37670ae4f538a\/internal_photos\/bs\/2020\/Z\/X\/48MGrMQJOLNNcRsW1Njw\/whatsapp-image-2020-12-22-at-00.26.57-5-.jpeg 1000w, https:\/\/s2.glbimg.com\/GCsNQvIFx8nq_YtMPLuy32a5tcg=\/0x0:1024x768\/984x0\/smart\/filters:strip_icc()\/i.s3.glbimg.com\/v1\/AUTH_59edd422c0c84a879bd37670ae4f538a\/internal_photos\/bs\/2020\/Z\/X\/48MGrMQJOLNNcRsW1Njw\/whatsapp-image-2020-12-22-at-00.26.57-5-.jpeg 984w, https:\/\/s2.glbimg.com\/w7HqGb5EhceCOYrHW6y5aZDoFtM=\/0x0:1024x768\/640x0\/smart\/filters:strip_icc()\/i.s3.glbimg.com\/v1\/AUTH_59edd422c0c84a879bd37670ae4f538a\/internal_photos\/bs\/2020\/Z\/X\/48MGrMQJOLNNcRsW1Njw\/whatsapp-image-2020-12-22-at-00.26.57-5-.jpeg 640w, https:\/\/s2.glbimg.com\/d-8W1fzToFtvvhsjiYK76h15Xi4=\/0x0:1024x768\/600x0\/smart\/filters:strip_icc()\/i.s3.glbimg.com\/v1\/AUTH_59edd422c0c84a879bd37670ae4f538a\/internal_photos\/bs\/2020\/Z\/X\/48MGrMQJOLNNcRsW1Njw\/whatsapp-image-2020-12-22-at-00.26.57-5-.jpeg 600w\" alt=\"Acidente pr\u00f3ximo \u00e0 cidade de Parapu\u00e3 deixou mortos e feridos na noite desta segunda-feira (21) \u2014 Foto: Bill Paschoalotto\/TV Fronteira \" \/><\/figure>\n<p class=\"content-media__description \">Acidente pr\u00f3ximo \u00e0 cidade de Parapu\u00e3 deixou mortos e feridos na noite desta segunda-feira (21) \u2014 Foto: Bill Paschoalotto\/TV Fronteira<\/p>\n<\/div>\n<\/div>\n<div class=\"content-ads content-ads--reveal\" style=\"text-align: justify;\" data-block-type=\"ads\" data-block-id=\"26\">\n<div id=\"banner_materia__e3d57be9-aa37-4984-bcd9-cd8eb7c7c6d5\" class=\"tag-manager-publicidade-container mc-has-reveal mc-has-ad-lazyload\" data-id=\"banner_materia__e3d57be9-aa37-4984-bcd9-cd8eb7c7c6d5\"><\/div>\n<\/div>\n<div class=\"row medium-uncollapsed content-media content-photo\" style=\"text-align: justify;\" data-block-type=\"backstage-photo\" data-block-id=\"27\">\n<div class=\"mc-column content-media__container\">\n<figure><img decoding=\"async\" class=\"i-amphtml-fill-content i-amphtml-replaced-content\" src=\"https:\/\/s2.glbimg.com\/h3LFeHfSH4mbJ9uYmC2wL-QlYUg=\/0x0:1024x768\/984x0\/smart\/filters:strip_icc()\/i.s3.glbimg.com\/v1\/AUTH_59edd422c0c84a879bd37670ae4f538a\/internal_photos\/bs\/2020\/I\/F\/RDFKcgQvy8BwRWTJqizw\/whatsapp-image-2020-12-22-at-00.26.58-1-.jpeg\" sizes=\"(max-width: 1366px) 648px, 100vw\" srcset=\"https:\/\/s2.glbimg.com\/A6ygjLrvY07lRmcE5CXPIx5OBEs=\/0x0:1024x768\/1000x0\/smart\/filters:strip_icc()\/i.s3.glbimg.com\/v1\/AUTH_59edd422c0c84a879bd37670ae4f538a\/internal_photos\/bs\/2020\/I\/F\/RDFKcgQvy8BwRWTJqizw\/whatsapp-image-2020-12-22-at-00.26.58-1-.jpeg 1000w, https:\/\/s2.glbimg.com\/h3LFeHfSH4mbJ9uYmC2wL-QlYUg=\/0x0:1024x768\/984x0\/smart\/filters:strip_icc()\/i.s3.glbimg.com\/v1\/AUTH_59edd422c0c84a879bd37670ae4f538a\/internal_photos\/bs\/2020\/I\/F\/RDFKcgQvy8BwRWTJqizw\/whatsapp-image-2020-12-22-at-00.26.58-1-.jpeg 984w, https:\/\/s2.glbimg.com\/0npO0Ik8DpKWDmFg8Ai30AGBhZs=\/0x0:1024x768\/640x0\/smart\/filters:strip_icc()\/i.s3.glbimg.com\/v1\/AUTH_59edd422c0c84a879bd37670ae4f538a\/internal_photos\/bs\/2020\/I\/F\/RDFKcgQvy8BwRWTJqizw\/whatsapp-image-2020-12-22-at-00.26.58-1-.jpeg 640w, https:\/\/s2.glbimg.com\/hbHvSgHpPTktO53F6FnK0KefSZM=\/0x0:1024x768\/600x0\/smart\/filters:strip_icc()\/i.s3.glbimg.com\/v1\/AUTH_59edd422c0c84a879bd37670ae4f538a\/internal_photos\/bs\/2020\/I\/F\/RDFKcgQvy8BwRWTJqizw\/whatsapp-image-2020-12-22-at-00.26.58-1-.jpeg 600w\" alt=\"Acidente pr\u00f3ximo \u00e0 cidade de Parapu\u00e3 deixou mortos e feridos na noite desta segunda-feira (21) \u2014 Foto: Bill Paschoalotto\/TV Fronteira \" \/><\/figure>\n<p class=\"content-media__description \">Acidente pr\u00f3ximo \u00e0 cidade de Parapu\u00e3 deixou mortos e feridos na noite desta segunda-feira (21) \u2014 Foto: Bill Paschoalotto\/TV Fronteira<\/p>\n<\/div>\n<\/div>\n<div class=\"row medium-uncollapsed content-media content-photo\" style=\"text-align: justify;\" data-block-type=\"backstage-photo\" data-block-id=\"28\">\n<div class=\"mc-column content-media__container\">\n<figure><img decoding=\"async\" class=\"i-amphtml-fill-content i-amphtml-replaced-content\" src=\"https:\/\/s2.glbimg.com\/WNeh4oiEMZSq4eVRBh66tvl6WvY=\/0x0:1024x768\/984x0\/smart\/filters:strip_icc()\/i.s3.glbimg.com\/v1\/AUTH_59edd422c0c84a879bd37670ae4f538a\/internal_photos\/bs\/2020\/X\/n\/7qOL2tQ1uNaBTLVjXaAg\/whatsapp-image-2020-12-22-at-00.26.57-4-.jpeg\" sizes=\"(max-width: 1366px) 648px, 100vw\" srcset=\"https:\/\/s2.glbimg.com\/LIpgASazkwpKtGiwwYSvkKdWZJU=\/0x0:1024x768\/1000x0\/smart\/filters:strip_icc()\/i.s3.glbimg.com\/v1\/AUTH_59edd422c0c84a879bd37670ae4f538a\/internal_photos\/bs\/2020\/X\/n\/7qOL2tQ1uNaBTLVjXaAg\/whatsapp-image-2020-12-22-at-00.26.57-4-.jpeg 1000w, https:\/\/s2.glbimg.com\/WNeh4oiEMZSq4eVRBh66tvl6WvY=\/0x0:1024x768\/984x0\/smart\/filters:strip_icc()\/i.s3.glbimg.com\/v1\/AUTH_59edd422c0c84a879bd37670ae4f538a\/internal_photos\/bs\/2020\/X\/n\/7qOL2tQ1uNaBTLVjXaAg\/whatsapp-image-2020-12-22-at-00.26.57-4-.jpeg 984w, https:\/\/s2.glbimg.com\/J8ydEcksDA6U3_T0kdzAuZd-Vco=\/0x0:1024x768\/640x0\/smart\/filters:strip_icc()\/i.s3.glbimg.com\/v1\/AUTH_59edd422c0c84a879bd37670ae4f538a\/internal_photos\/bs\/2020\/X\/n\/7qOL2tQ1uNaBTLVjXaAg\/whatsapp-image-2020-12-22-at-00.26.57-4-.jpeg 640w, https:\/\/s2.glbimg.com\/LVBwfC2fuMVVnyivESFGnIgRXdU=\/0x0:1024x768\/600x0\/smart\/filters:strip_icc()\/i.s3.glbimg.com\/v1\/AUTH_59edd422c0c84a879bd37670ae4f538a\/internal_photos\/bs\/2020\/X\/n\/7qOL2tQ1uNaBTLVjXaAg\/whatsapp-image-2020-12-22-at-00.26.57-4-.jpeg 600w\" alt=\"Acidente pr\u00f3ximo \u00e0 cidade de Parapu\u00e3 deixou mortos e feridos na noite desta segunda-feira (21) \u2014 Foto: Bill Paschoalotto\/TV Fronteira \" \/><\/figure>\n<p class=\"content-media__description \">Acidente pr\u00f3ximo \u00e0 cidade de Parapu\u00e3 deixou mortos e feridos na noite desta segunda-feira (21) \u2014 Foto: Bill Paschoalotto\/TV Fronteira<\/p>\n<\/div>\n<\/div>\n<div class=\"row medium-uncollapsed content-media content-photo\" data-block-type=\"backstage-photo\" data-block-id=\"29\">\n<div class=\"mc-column content-media__container\">\n<figure style=\"text-align: justify;\"><img decoding=\"async\" class=\"i-amphtml-fill-content i-amphtml-replaced-content\" src=\"https:\/\/s2.glbimg.com\/BcmQqDJf84DCK4k9r_WhNSpeX9A=\/0x0:1024x768\/984x0\/smart\/filters:strip_icc()\/i.s3.glbimg.com\/v1\/AUTH_59edd422c0c84a879bd37670ae4f538a\/internal_photos\/bs\/2020\/6\/K\/ePeddxSfuWby9XaDqOcw\/whatsapp-image-2020-12-22-at-00.26.57-2-.jpeg\" sizes=\"(max-width: 1366px) 648px, 100vw\" srcset=\"https:\/\/s2.glbimg.com\/FX87VENNk26OfQ4BwHW_6TxLwvo=\/0x0:1024x768\/1000x0\/smart\/filters:strip_icc()\/i.s3.glbimg.com\/v1\/AUTH_59edd422c0c84a879bd37670ae4f538a\/internal_photos\/bs\/2020\/6\/K\/ePeddxSfuWby9XaDqOcw\/whatsapp-image-2020-12-22-at-00.26.57-2-.jpeg 1000w, https:\/\/s2.glbimg.com\/BcmQqDJf84DCK4k9r_WhNSpeX9A=\/0x0:1024x768\/984x0\/smart\/filters:strip_icc()\/i.s3.glbimg.com\/v1\/AUTH_59edd422c0c84a879bd37670ae4f538a\/internal_photos\/bs\/2020\/6\/K\/ePeddxSfuWby9XaDqOcw\/whatsapp-image-2020-12-22-at-00.26.57-2-.jpeg 984w, https:\/\/s2.glbimg.com\/96t7zgDcEDWe4BOMW5LyKmLKFAY=\/0x0:1024x768\/640x0\/smart\/filters:strip_icc()\/i.s3.glbimg.com\/v1\/AUTH_59edd422c0c84a879bd37670ae4f538a\/internal_photos\/bs\/2020\/6\/K\/ePeddxSfuWby9XaDqOcw\/whatsapp-image-2020-12-22-at-00.26.57-2-.jpeg 640w, https:\/\/s2.glbimg.com\/7Xh1J5KuEa7xaV5fgeYIBN2tE-I=\/0x0:1024x768\/600x0\/smart\/filters:strip_icc()\/i.s3.glbimg.com\/v1\/AUTH_59edd422c0c84a879bd37670ae4f538a\/internal_photos\/bs\/2020\/6\/K\/ePeddxSfuWby9XaDqOcw\/whatsapp-image-2020-12-22-at-00.26.57-2-.jpeg 600w\" alt=\"Acidente pr\u00f3ximo \u00e0 cidade de Parapu\u00e3 deixou mortos e feridos na noite desta segunda-feira (21) \u2014 Foto: Bill Paschoalotto\/TV Fronteira \" \/><\/figure>\n<p class=\"content-media__description \" style=\"text-align: justify;\">Acidente pr\u00f3ximo \u00e0 cidade de Parapu\u00e3 deixou mortos e feridos na noite desta segunda-feira (21) \u2014 Foto: Bill Paschoalotto\/TV Fronteira<\/p>\n<p style=\"text-align: justify;\">Fonte: https:\/\/g1.globo.com\/sp\/presidente-prudente-regiao\/noticia\/2020\/12\/22\/colisao-entre-onibus-e-caminhao-deixa-mortos-e-feridos-no-interior-de-sp.ghtml<\/p>\n<p><img loading=\"lazy\" decoding=\"async\" class=\"alignnone size-full wp-image-40638\" src=\"https:\/\/jorgezanoni.com.br\/2019\/wp-content\/uploads\/2020\/12\/carreta.jpg\" alt=\"\" width=\"720\" height=\"532\" srcset=\"https:\/\/jorgezanoni.com.br\/2019\/wp-content\/uploads\/2020\/12\/carreta.jpg 720w, https:\/\/jorgezanoni.com.br\/2019\/wp-content\/uploads\/2020\/12\/carreta-300x222.jpg 300w, https:\/\/jorgezanoni.com.br\/2019\/wp-content\/uploads\/2020\/12\/carreta-80x60.jpg 80w, https:\/\/jorgezanoni.com.br\/2019\/wp-content\/uploads\/2020\/12\/carreta-696x514.jpg 696w, https:\/\/jorgezanoni.com.br\/2019\/wp-content\/uploads\/2020\/12\/carreta-568x420.jpg 568w\" sizes=\"auto, (max-width: 720px) 100vw, 720px\" \/> <img loading=\"lazy\" decoding=\"async\" class=\"alignnone size-full wp-image-40639\" src=\"https:\/\/jorgezanoni.com.br\/2019\/wp-content\/uploads\/2020\/12\/carreta1.jpg\" alt=\"\" width=\"720\" height=\"415\" srcset=\"https:\/\/jorgezanoni.com.br\/2019\/wp-content\/uploads\/2020\/12\/carreta1.jpg 720w, https:\/\/jorgezanoni.com.br\/2019\/wp-content\/uploads\/2020\/12\/carreta1-300x173.jpg 300w, https:\/\/jorgezanoni.com.br\/2019\/wp-content\/uploads\/2020\/12\/carreta1-696x401.jpg 696w\" sizes=\"auto, (max-width: 720px) 100vw, 720px\" \/> <img loading=\"lazy\" decoding=\"async\" class=\"alignnone size-full wp-image-40640\" src=\"https:\/\/jorgezanoni.com.br\/2019\/wp-content\/uploads\/2020\/12\/carreta2.jpg\" alt=\"\" width=\"1600\" height=\"1200\" srcset=\"https:\/\/jorgezanoni.com.br\/2019\/wp-content\/uploads\/2020\/12\/carreta2.jpg 1600w, https:\/\/jorgezanoni.com.br\/2019\/wp-content\/uploads\/2020\/12\/carreta2-300x225.jpg 300w, https:\/\/jorgezanoni.com.br\/2019\/wp-content\/uploads\/2020\/12\/carreta2-1024x768.jpg 1024w, https:\/\/jorgezanoni.com.br\/2019\/wp-content\/uploads\/2020\/12\/carreta2-768x576.jpg 768w, https:\/\/jorgezanoni.com.br\/2019\/wp-content\/uploads\/2020\/12\/carreta2-1536x1152.jpg 1536w, https:\/\/jorgezanoni.com.br\/2019\/wp-content\/uploads\/2020\/12\/carreta2-80x60.jpg 80w, https:\/\/jorgezanoni.com.br\/2019\/wp-content\/uploads\/2020\/12\/carreta2-265x198.jpg 265w, https:\/\/jorgezanoni.com.br\/2019\/wp-content\/uploads\/2020\/12\/carreta2-696x522.jpg 696w, https:\/\/jorgezanoni.com.br\/2019\/wp-content\/uploads\/2020\/12\/carreta2-1068x801.jpg 1068w, https:\/\/jorgezanoni.com.br\/2019\/wp-content\/uploads\/2020\/12\/carreta2-560x420.jpg 560w\" sizes=\"auto, (max-width: 1600px) 100vw, 1600px\" \/><img loading=\"lazy\" decoding=\"async\" class=\"alignnone size-full wp-image-40642\" src=\"https:\/\/jorgezanoni.com.br\/2019\/wp-content\/uploads\/2020\/12\/carreta4.png\" alt=\"\" width=\"374\" height=\"210\" srcset=\"https:\/\/jorgezanoni.com.br\/2019\/wp-content\/uploads\/2020\/12\/carreta4.png 374w, https:\/\/jorgezanoni.com.br\/2019\/wp-content\/uploads\/2020\/12\/carreta4-300x168.png 300w\" sizes=\"auto, (max-width: 374px) 100vw, 374px\" \/> <img loading=\"lazy\" decoding=\"async\" class=\"alignnone size-full wp-image-40643\" src=\"https:\/\/jorgezanoni.com.br\/2019\/wp-content\/uploads\/2020\/12\/carreta5.png\" alt=\"\" width=\"374\" height=\"210\" srcset=\"https:\/\/jorgezanoni.com.br\/2019\/wp-content\/uploads\/2020\/12\/carreta5.png 374w, https:\/\/jorgezanoni.com.br\/2019\/wp-content\/uploads\/2020\/12\/carreta5-300x168.png 300w\" sizes=\"auto, (max-width: 374px) 100vw, 374px\" \/><\/p>\n<p>Fotos: Mais Tup\u00e3<\/p>\n<\/div>\n<\/div>\n<\/div>\n<\/div>\n","protected":false},"excerpt":{"rendered":"<p>Entre as v\u00edtimas fatais, dois homens, que estavam no caminh\u00e3o, foram identificados como irm\u00e3os e moradores de Luc\u00e9lia. Acidente ocorreu na Rodovia Assis Chateaubriand, em Parapu\u00e3. \u00d4nibus saiu do Par\u00e1 e seguia para o Rio Grande do Sul. Um acidente pr\u00f3ximo \u00e0 cidade de\u00a0Parapu\u00e3, a 660 km de S\u00e3o Paulo, deixou 7 mortos e 34 [&hellip;]<\/p>\n","protected":false},"author":1,"featured_media":40641,"comment_status":"closed","ping_status":"open","sticky":false,"template":"","format":"standard","meta":{"footnotes":""},"categories":[170,110],"tags":[],"class_list":["post-40637","post","type-post","status-publish","format-standard","has-post-thumbnail","hentry","category-acidentes","category-noticiasdestaque"],"_links":{"self":[{"href":"https:\/\/jorgezanoni.com.br\/2019\/wp-json\/wp\/v2\/posts\/40637","targetHints":{"allow":["GET"]}}],"collection":[{"href":"https:\/\/jorgezanoni.com.br\/2019\/wp-json\/wp\/v2\/posts"}],"about":[{"href":"https:\/\/jorgezanoni.com.br\/2019\/wp-json\/wp\/v2\/types\/post"}],"author":[{"embeddable":true,"href":"https:\/\/jorgezanoni.com.br\/2019\/wp-json\/wp\/v2\/users\/1"}],"replies":[{"embeddable":true,"href":"https:\/\/jorgezanoni.com.br\/2019\/wp-json\/wp\/v2\/comments?post=40637"}],"version-history":[{"count":0,"href":"https:\/\/jorgezanoni.com.br\/2019\/wp-json\/wp\/v2\/posts\/40637\/revisions"}],"wp:featuredmedia":[{"embeddable":true,"href":"https:\/\/jorgezanoni.com.br\/2019\/wp-json\/wp\/v2\/media\/40641"}],"wp:attachment":[{"href":"https:\/\/jorgezanoni.com.br\/2019\/wp-json\/wp\/v2\/media?parent=40637"}],"wp:term":[{"taxonomy":"category","embeddable":true,"href":"https:\/\/jorgezanoni.com.br\/2019\/wp-json\/wp\/v2\/categories?post=40637"},{"taxonomy":"post_tag","embeddable":true,"href":"https:\/\/jorgezanoni.com.br\/2019\/wp-json\/wp\/v2\/tags?post=40637"}],"curies":[{"name":"wp","href":"https:\/\/api.w.org\/{rel}","templated":true}]}}