{"id":40627,"date":"2020-12-22T01:29:56","date_gmt":"2020-12-22T01:29:56","guid":{"rendered":"https:\/\/jorgezanoni.com.br\/2019\/?p=40627"},"modified":"2020-12-22T01:30:24","modified_gmt":"2020-12-22T01:30:24","slug":"grave-acidente-entre-bitrem-e-onibus-em-rodovia-da-regiao","status":"publish","type":"post","link":"https:\/\/jorgezanoni.com.br\/2019\/grave-acidente-entre-bitrem-e-onibus-em-rodovia-da-regiao\/","title":{"rendered":"GRAVE: Acidente entre bitrem e \u00f4nibus em rodovia da regi\u00e3o"},"content":{"rendered":"<p style=\"text-align: justify;\"><strong>A Pol\u00edcia Militar Rodovi\u00e1ria \u2013 Base Operacional de Adamantina desloca-se neste momento para o atendimento de uma ocorr\u00eancia de acidente entre um \u00f4nibus e um bitrem.<\/strong><\/p>\n<p style=\"text-align: justify;\">Segundo as primeiras informa\u00e7\u00f5es, cedidas pela Pol\u00edcia Rodovi\u00e1ria, o acidente ocorreu no km 384 da Rodovia Assis Ch\u00e2teaubriant (SP-425) em Parapu\u00e3.<\/p>\n<p style=\"text-align: justify;\">Ainda segundo informaram os policiais rodovi\u00e1rios, as primeiras informa\u00e7\u00f5es s\u00e3o de que os ve\u00edculos teriam colidido frontalmente e que no acidente estariam envolvidas v\u00e1rias v\u00edtimas, por\u00e9m, sem detalhar o estado das mesmas, j\u00e1 que as viaturas encontram-se em deslocamento para atendimento.<\/p>\n<p style=\"text-align: justify;\">Tamb\u00e9m recebemos a informa\u00e7\u00e3o de que viaturas da concession\u00e1ria que administra a regi\u00e3o, equipes do Corpo de Bombeiros e ambul\u00e2ncias est\u00e3o sendo deslocadas neste momento.<\/p>\n<p style=\"text-align: justify;\">A reportagem do portal\u00a0<strong>ifolharegional.com.br<\/strong>\u00a0e jornal\u00a0<strong>Folha Regional<\/strong>\u00a0seguem acompanhando a ocorr\u00eancia com atualiza\u00e7\u00e3o desta reportagem a qualquer momento.<\/p>\n","protected":false},"excerpt":{"rendered":"<p>A Pol\u00edcia Militar Rodovi\u00e1ria \u2013 Base Operacional de Adamantina desloca-se neste momento para o atendimento de uma ocorr\u00eancia de acidente entre um \u00f4nibus e um bitrem. Segundo as primeiras informa\u00e7\u00f5es, cedidas pela Pol\u00edcia Rodovi\u00e1ria, o acidente ocorreu no km 384 da Rodovia Assis Ch\u00e2teaubriant (SP-425) em Parapu\u00e3. Ainda segundo informaram os policiais rodovi\u00e1rios, as primeiras [&hellip;]<\/p>\n","protected":false},"author":1,"featured_media":40628,"comment_status":"closed","ping_status":"open","sticky":false,"template":"","format":"standard","meta":{"footnotes":""},"categories":[170,110],"tags":[],"class_list":["post-40627","post","type-post","status-publish","format-standard","has-post-thumbnail","hentry","category-acidentes","category-noticiasdestaque"],"_links":{"self":[{"href":"https:\/\/jorgezanoni.com.br\/2019\/wp-json\/wp\/v2\/posts\/40627","targetHints":{"allow":["GET"]}}],"collection":[{"href":"https:\/\/jorgezanoni.com.br\/2019\/wp-json\/wp\/v2\/posts"}],"about":[{"href":"https:\/\/jorgezanoni.com.br\/2019\/wp-json\/wp\/v2\/types\/post"}],"author":[{"embeddable":true,"href":"https:\/\/jorgezanoni.com.br\/2019\/wp-json\/wp\/v2\/users\/1"}],"replies":[{"embeddable":true,"href":"https:\/\/jorgezanoni.com.br\/2019\/wp-json\/wp\/v2\/comments?post=40627"}],"version-history":[{"count":0,"href":"https:\/\/jorgezanoni.com.br\/2019\/wp-json\/wp\/v2\/posts\/40627\/revisions"}],"wp:featuredmedia":[{"embeddable":true,"href":"https:\/\/jorgezanoni.com.br\/2019\/wp-json\/wp\/v2\/media\/40628"}],"wp:attachment":[{"href":"https:\/\/jorgezanoni.com.br\/2019\/wp-json\/wp\/v2\/media?parent=40627"}],"wp:term":[{"taxonomy":"category","embeddable":true,"href":"https:\/\/jorgezanoni.com.br\/2019\/wp-json\/wp\/v2\/categories?post=40627"},{"taxonomy":"post_tag","embeddable":true,"href":"https:\/\/jorgezanoni.com.br\/2019\/wp-json\/wp\/v2\/tags?post=40627"}],"curies":[{"name":"wp","href":"https:\/\/api.w.org\/{rel}","templated":true}]}}