{"id":40608,"date":"2020-12-21T13:41:40","date_gmt":"2020-12-21T13:41:40","guid":{"rendered":"https:\/\/jorgezanoni.com.br\/2019\/?p=40608"},"modified":"2020-12-21T13:41:40","modified_gmt":"2020-12-21T13:41:40","slug":"capotamento-na-sp-294-em-florida-paulista-deixa-mulher-ferida","status":"publish","type":"post","link":"https:\/\/jorgezanoni.com.br\/2019\/capotamento-na-sp-294-em-florida-paulista-deixa-mulher-ferida\/","title":{"rendered":"Capotamento na SP-294 em Fl\u00f3rida Paulista deixa mulher ferida"},"content":{"rendered":"<p>O capotamento de um ve\u00edculo Toyota Corolla ocorrido na noite deste domingo (20), deixou uma moradora de Pacaembu com ferimentos aparentemente leves.<\/p>\n<p>Ela seguia pela Rodovia Comandante Jo\u00e3o Ribeiro de Barros \u2013 (SP-294), no sentido Fl\u00f3rida Paulista \/ Adamantina, quando ao alcan\u00e7ar as proximidades do km 600, acabou perdendo o controle do ve\u00edculo e capotou.<\/p>\n<p>Ap\u00f3s capotar, o ve\u00edculo foi parar na contram\u00e3o de dire\u00e7\u00e3o, com as rodas para cima e dentro da canaleta de escoamento de \u00e1guas pluviais.<\/p>\n<p>A v\u00edtima conseguiu sair do interior do ve\u00edculo e contou com a ajuda de uma enfermeira do Pronto Socorro de Adamantina que trafegava pela via e parou para prestar os primeiros socorros at\u00e9 a chegada do resgate da concession\u00e1ria que administra a rodovia.<\/p>\n<p>Ela foi estabilizada e conduzida para atendimento m\u00e9dico no Pronto Socorro de Adamantina onde permaneceu sob os cuidados m\u00e9dicos.<\/p>\n<p>A Pol\u00edcia Militar Rodovi\u00e1ria registrou o acidente e o ve\u00edculo que ficou bastante danificado foi liberado e retirado por uma seguradora.<\/p>\n<p>Fonte: Folha Regional \/ Foto: Diego Fernandes Silva &#8211; ifolharegional.com.br<\/p>\n","protected":false},"excerpt":{"rendered":"<p>O capotamento de um ve\u00edculo Toyota Corolla ocorrido na noite deste domingo (20), deixou uma moradora de Pacaembu com ferimentos aparentemente leves. Ela seguia pela Rodovia Comandante Jo\u00e3o Ribeiro de Barros \u2013 (SP-294), no sentido Fl\u00f3rida Paulista \/ Adamantina, quando ao alcan\u00e7ar as proximidades do km 600, acabou perdendo o controle do ve\u00edculo e capotou. [&hellip;]<\/p>\n","protected":false},"author":1,"featured_media":40609,"comment_status":"closed","ping_status":"open","sticky":false,"template":"","format":"standard","meta":{"footnotes":""},"categories":[170,110],"tags":[],"class_list":["post-40608","post","type-post","status-publish","format-standard","has-post-thumbnail","hentry","category-acidentes","category-noticiasdestaque"],"_links":{"self":[{"href":"https:\/\/jorgezanoni.com.br\/2019\/wp-json\/wp\/v2\/posts\/40608","targetHints":{"allow":["GET"]}}],"collection":[{"href":"https:\/\/jorgezanoni.com.br\/2019\/wp-json\/wp\/v2\/posts"}],"about":[{"href":"https:\/\/jorgezanoni.com.br\/2019\/wp-json\/wp\/v2\/types\/post"}],"author":[{"embeddable":true,"href":"https:\/\/jorgezanoni.com.br\/2019\/wp-json\/wp\/v2\/users\/1"}],"replies":[{"embeddable":true,"href":"https:\/\/jorgezanoni.com.br\/2019\/wp-json\/wp\/v2\/comments?post=40608"}],"version-history":[{"count":0,"href":"https:\/\/jorgezanoni.com.br\/2019\/wp-json\/wp\/v2\/posts\/40608\/revisions"}],"wp:featuredmedia":[{"embeddable":true,"href":"https:\/\/jorgezanoni.com.br\/2019\/wp-json\/wp\/v2\/media\/40609"}],"wp:attachment":[{"href":"https:\/\/jorgezanoni.com.br\/2019\/wp-json\/wp\/v2\/media?parent=40608"}],"wp:term":[{"taxonomy":"category","embeddable":true,"href":"https:\/\/jorgezanoni.com.br\/2019\/wp-json\/wp\/v2\/categories?post=40608"},{"taxonomy":"post_tag","embeddable":true,"href":"https:\/\/jorgezanoni.com.br\/2019\/wp-json\/wp\/v2\/tags?post=40608"}],"curies":[{"name":"wp","href":"https:\/\/api.w.org\/{rel}","templated":true}]}}