{"id":40598,"date":"2020-12-21T13:04:16","date_gmt":"2020-12-21T13:04:16","guid":{"rendered":"https:\/\/jorgezanoni.com.br\/2019\/?p=40598"},"modified":"2020-12-21T13:04:16","modified_gmt":"2020-12-21T13:04:16","slug":"alunos-de-enfermagem-da-unifadra-participam-de-palestra-sobre-controle-de-infeccoes-hospitalares","status":"publish","type":"post","link":"https:\/\/jorgezanoni.com.br\/2019\/alunos-de-enfermagem-da-unifadra-participam-de-palestra-sobre-controle-de-infeccoes-hospitalares\/","title":{"rendered":"Alunos de Enfermagem da Unifadra participam de palestra sobre controle de infec\u00e7\u00f5es hospitalares"},"content":{"rendered":"<p dir=\"ltr\" style=\"text-align: justify;\">Os estudantes do 8\u00ba termo de Enfermagem da Faculdade Unifadra\/Fundec de Dracena participaram, no dia 11 de dezembro, de uma palestra sobre o papel do enfermeiro nos Servi\u00e7os de Controle de Infec\u00e7\u00e3o Hospitalar, ministrada pela enfermeira Elaine C. Cenerino Ferraz, colaboradora da Irmandade Santa Casa de Miseric\u00f3rdia de Dracena. O evento foi realizado no Audit\u00f3rio &#8220;Profa. Rachel Alves de Faria&#8221; e organizado pelas docentes Angela Vilella, Regiane Palomo e Jacqueline Maria de Souza, seguindo todos os protocolos sanit\u00e1rios.<br \/>\nO evento, de acordo com o plano curricular do Est\u00e1gio Supervisionado Hospitalar e em Sa\u00fade Coletiva, buscou apresentar aos estudantes os protocolos vigentes.<br \/>\nA coordenadora do curso de Enfermagem Profa. Dra. Lilian Pan\u00edcio explicou que a parceria da Unifadra com a Santa Casa local vai al\u00e9m do cuidado prestado pelos alunos e supervisores. &#8220;Atuamos juntos tamb\u00e9m no processo de educa\u00e7\u00e3o permanente em sa\u00fade, fundamental na forma\u00e7\u00e3o dos novos profissionais&#8221;, completou a coordenadora.<br \/>\nO diretor acad\u00eamico da Unifadra Prof. Dr. Enio Garbelini parabeniza os alunos e professores, pelo desenvolvimento desse trabalho, que \u00e9 de grande import\u00e2ncia, principalmente pelo momento de pandemia que estamos enfrentando.<\/p>\n<p style=\"text-align: justify;\"><span id=\"gmail-docs-internal-guid-72e8720d-7fff-9af5-2a4d-dc748bf273b8\"><\/span>Foto: Palestrante Elaine Cenerino Ferraz.<\/p>\n<div class=\"gmail_signature\" dir=\"ltr\">\n<div dir=\"ltr\" style=\"text-align: justify;\">Carolina Colnago<br \/>\nAssistente de Comunica\u00e7\u00e3o<br \/>\nFunda\u00e7\u00e3o Dracenense de Educa\u00e7\u00e3o e Cultura<\/div>\n<\/div>\n","protected":false},"excerpt":{"rendered":"<p>Os estudantes do 8\u00ba termo de Enfermagem da Faculdade Unifadra\/Fundec de Dracena participaram, no dia 11 de dezembro, de uma palestra sobre o papel do enfermeiro nos Servi\u00e7os de Controle de Infec\u00e7\u00e3o Hospitalar, ministrada pela enfermeira Elaine C. Cenerino Ferraz, colaboradora da Irmandade Santa Casa de Miseric\u00f3rdia de Dracena. O evento foi realizado no Audit\u00f3rio [&hellip;]<\/p>\n","protected":false},"author":1,"featured_media":40599,"comment_status":"closed","ping_status":"open","sticky":false,"template":"","format":"standard","meta":{"footnotes":""},"categories":[122],"tags":[],"class_list":["post-40598","post","type-post","status-publish","format-standard","has-post-thumbnail","hentry","category-saudeeducacaoeconcurso"],"_links":{"self":[{"href":"https:\/\/jorgezanoni.com.br\/2019\/wp-json\/wp\/v2\/posts\/40598","targetHints":{"allow":["GET"]}}],"collection":[{"href":"https:\/\/jorgezanoni.com.br\/2019\/wp-json\/wp\/v2\/posts"}],"about":[{"href":"https:\/\/jorgezanoni.com.br\/2019\/wp-json\/wp\/v2\/types\/post"}],"author":[{"embeddable":true,"href":"https:\/\/jorgezanoni.com.br\/2019\/wp-json\/wp\/v2\/users\/1"}],"replies":[{"embeddable":true,"href":"https:\/\/jorgezanoni.com.br\/2019\/wp-json\/wp\/v2\/comments?post=40598"}],"version-history":[{"count":0,"href":"https:\/\/jorgezanoni.com.br\/2019\/wp-json\/wp\/v2\/posts\/40598\/revisions"}],"wp:featuredmedia":[{"embeddable":true,"href":"https:\/\/jorgezanoni.com.br\/2019\/wp-json\/wp\/v2\/media\/40599"}],"wp:attachment":[{"href":"https:\/\/jorgezanoni.com.br\/2019\/wp-json\/wp\/v2\/media?parent=40598"}],"wp:term":[{"taxonomy":"category","embeddable":true,"href":"https:\/\/jorgezanoni.com.br\/2019\/wp-json\/wp\/v2\/categories?post=40598"},{"taxonomy":"post_tag","embeddable":true,"href":"https:\/\/jorgezanoni.com.br\/2019\/wp-json\/wp\/v2\/tags?post=40598"}],"curies":[{"name":"wp","href":"https:\/\/api.w.org\/{rel}","templated":true}]}}