{"id":40580,"date":"2020-12-20T16:50:39","date_gmt":"2020-12-20T16:50:39","guid":{"rendered":"https:\/\/jorgezanoni.com.br\/2019\/?p=40580"},"modified":"2020-12-20T16:50:39","modified_gmt":"2020-12-20T16:50:39","slug":"nicette-bruno-morre-no-rio-vitima-de-covid-19","status":"publish","type":"post","link":"https:\/\/jorgezanoni.com.br\/2019\/nicette-bruno-morre-no-rio-vitima-de-covid-19\/","title":{"rendered":"Nicette Bruno morre no Rio, v\u00edtima de Covid-19"},"content":{"rendered":"<h2 class=\"content-head__subtitle\" style=\"text-align: justify;\"><strong>Atriz estava internada na Unidade de Terapia Intensiva (UTI) da Casa de Sa\u00fade S\u00e3o Jos\u00e9, no Humait\u00e1, Zona Sul do Rio.<\/strong><\/h2>\n<div class=\"mc-column content-text active-extra-styles \" data-block-type=\"unstyled\" data-block-weight=\"36\" data-block-id=\"2\">\n<p class=\"content-text__container \" style=\"text-align: justify;\" data-track-category=\"Link no Texto\" data-track-links=\"\">A atriz Nicette Bruno morreu na manh\u00e3 deste domingo (20), aos 87 anos. Ela estava\u00a0<a href=\"https:\/\/g1.globo.com\/rj\/rio-de-janeiro\/noticia\/2020\/11\/29\/nicette-bruno-e-internada-no-rio-com-covid-19.ghtml\">internada com Covid-19<\/a>\u00a0na Unidade de Terapia Intensiva (UTI) da Casa de Sa\u00fade S\u00e3o Jos\u00e9, no Humait\u00e1, Zona Sul do Rio.<\/p>\n<\/div>\n<div class=\"wall protected-content\">\n<div class=\"mc-column content-text active-extra-styles \" style=\"text-align: justify;\" data-block-type=\"unstyled\" data-block-weight=\"28\" data-block-id=\"3\">\n<p class=\"content-text__container \" data-track-category=\"Link no Texto\" data-track-links=\"\">De acordo com o boletim m\u00e9dico divulgado neste domingo (20), o\u00a0<a href=\"https:\/\/g1.globo.com\/rj\/rio-de-janeiro\/noticia\/2020\/12\/20\/nicette-bruno-tem-piora-no-quadro-de-saude-e-segue-muito-grave-em-uti-do-rio.ghtml\">estado de sa\u00fade de Nicette \u201cera considerado muito grave\u201d<\/a>. Ela estava sedada e dependente de ventila\u00e7\u00e3o mec\u00e2nica.<\/p>\n<\/div>\n<div class=\"mc-column content-text active-extra-styles\" style=\"text-align: justify;\" data-block-type=\"raw\" data-block-weight=\"25\" data-block-id=\"4\">\n<ul class=\"content-unordered-list\">\n<li><a href=\"https:\/\/memoriaglobo.globo.com\/perfil\/nicette-bruno\/trabalhos-na-globo\/\"><strong>Nicette foi pioneira da TV no Brasil; estreia foi na TV Tupi em 1950<\/strong><\/a><\/li>\n<li><a href=\"https:\/\/memoriaglobo.globo.com\/perfil\/nicette-bruno\/trabalhos-na-globo\/\"><strong>Relembre a carreira da atriz; estreia na Globo foi em 1981<\/strong><\/a><\/li>\n<\/ul>\n<\/div>\n<div class=\"mc-column content-text active-extra-styles \" style=\"text-align: justify;\" data-block-type=\"unstyled\" data-block-weight=\"28\" data-block-id=\"5\">\n<p class=\"content-text__container \" data-track-category=\"Link no Texto\" data-track-links=\"\">A informa\u00e7\u00e3o da morte foi confirmada pela hospital por volta das 13h20. De acordo com a Casa de Sa\u00fade S\u00e3o Jos\u00e9 ela morreu por &#8220;complica\u00e7\u00f5es decorrentes da Covid-19&#8221;.<\/p>\n<\/div>\n<div class=\"mc-column content-text active-extra-styles \" data-block-type=\"unstyled\" data-block-weight=\"49\" data-block-id=\"6\">\n<p class=\"content-text__container \" style=\"text-align: justify;\" data-track-category=\"Link no Texto\" data-track-links=\"\">&#8220;A Casa de Sa\u00fade S\u00e3o Jos\u00e9 informa que a atriz Nicette Bruno, que estava internada no hospital desde 26 de novembro de 2020, faleceu hoje, \u00e0s 11h40, devido a complica\u00e7\u00f5es decorrentes da Covid-19. O hospital se solidariza com a fam\u00edlia neste momento&#8221;, diz a nota de divulga\u00e7\u00e3o do hospital.<\/p>\n<div class=\"mc-column content-text active-extra-styles \" style=\"text-align: justify;\" data-block-type=\"unstyled\" data-block-weight=\"40\" data-block-id=\"9\">\n<p class=\"content-text__container \" data-track-category=\"Link no Texto\" data-track-links=\"\">A filha de Nicette Bruno, a tamb\u00e9m atriz Beth Goulart, fez uma corrente de ora\u00e7\u00e3o nas redes sociais para a recupera\u00e7\u00e3o da m\u00e3e. Na \u00faltima publica\u00e7\u00e3o, ela deixou um recado para seus seguidores e afirmou que &#8220;a f\u00e9 nos fortalece&#8221;.<\/p>\n<\/div>\n<div class=\"mc-column content-text active-extra-styles \" data-block-type=\"unstyled\" data-block-weight=\"47\" data-block-id=\"10\">\n<p class=\"content-text__container \" style=\"text-align: justify;\" data-track-category=\"Link no Texto\" data-track-links=\"\">\u201cVamos orar pela melhora dela, pela cura dela. E, neste momento, aproveite para orar para voc\u00ea tamb\u00e9m e sua fam\u00edlia. Para que voc\u00ea encontre as solu\u00e7\u00f5es necess\u00e1rias para qualquer obst\u00e1culo e situa\u00e7\u00e3o dif\u00edcil que est\u00e1 vivendo. A f\u00e9 nos fortalece em qualquer situa\u00e7\u00e3o\u201d,<\/p>\n<p style=\"text-align: justify;\" data-track-category=\"Link no Texto\" data-track-links=\"\">Fonte: https:\/\/g1.globo.com\/rj\/rio-de-janeiro\/noticia\/2020\/12\/20\/nicette-bruno-morre-no-rio-vitima-de-covid-19.ghtml<\/p>\n<\/div>\n<\/div>\n<\/div>\n","protected":false},"excerpt":{"rendered":"<p>Atriz estava internada na Unidade de Terapia Intensiva (UTI) da Casa de Sa\u00fade S\u00e3o Jos\u00e9, no Humait\u00e1, Zona Sul do Rio. A atriz Nicette Bruno morreu na manh\u00e3 deste domingo (20), aos 87 anos. Ela estava\u00a0internada com Covid-19\u00a0na Unidade de Terapia Intensiva (UTI) da Casa de Sa\u00fade S\u00e3o Jos\u00e9, no Humait\u00e1, Zona Sul do Rio. [&hellip;]<\/p>\n","protected":false},"author":1,"featured_media":40581,"comment_status":"closed","ping_status":"open","sticky":false,"template":"","format":"standard","meta":{"footnotes":""},"categories":[178,110],"tags":[],"class_list":["post-40580","post","type-post","status-publish","format-standard","has-post-thumbnail","hentry","category-notadefalecimento","category-noticiasdestaque"],"_links":{"self":[{"href":"https:\/\/jorgezanoni.com.br\/2019\/wp-json\/wp\/v2\/posts\/40580","targetHints":{"allow":["GET"]}}],"collection":[{"href":"https:\/\/jorgezanoni.com.br\/2019\/wp-json\/wp\/v2\/posts"}],"about":[{"href":"https:\/\/jorgezanoni.com.br\/2019\/wp-json\/wp\/v2\/types\/post"}],"author":[{"embeddable":true,"href":"https:\/\/jorgezanoni.com.br\/2019\/wp-json\/wp\/v2\/users\/1"}],"replies":[{"embeddable":true,"href":"https:\/\/jorgezanoni.com.br\/2019\/wp-json\/wp\/v2\/comments?post=40580"}],"version-history":[{"count":0,"href":"https:\/\/jorgezanoni.com.br\/2019\/wp-json\/wp\/v2\/posts\/40580\/revisions"}],"wp:featuredmedia":[{"embeddable":true,"href":"https:\/\/jorgezanoni.com.br\/2019\/wp-json\/wp\/v2\/media\/40581"}],"wp:attachment":[{"href":"https:\/\/jorgezanoni.com.br\/2019\/wp-json\/wp\/v2\/media?parent=40580"}],"wp:term":[{"taxonomy":"category","embeddable":true,"href":"https:\/\/jorgezanoni.com.br\/2019\/wp-json\/wp\/v2\/categories?post=40580"},{"taxonomy":"post_tag","embeddable":true,"href":"https:\/\/jorgezanoni.com.br\/2019\/wp-json\/wp\/v2\/tags?post=40580"}],"curies":[{"name":"wp","href":"https:\/\/api.w.org\/{rel}","templated":true}]}}