{"id":4058,"date":"2019-08-18T22:04:41","date_gmt":"2019-08-18T22:04:41","guid":{"rendered":"https:\/\/jorgezanoni.com.br\/2019\/?p=4058"},"modified":"2019-08-18T22:15:24","modified_gmt":"2019-08-18T22:15:24","slug":"escola-luiza-rossa-ribeiro-promove-a-1a-caminhada-com-o-papai-pai-meu-orgulho","status":"publish","type":"post","link":"https:\/\/jorgezanoni.com.br\/2019\/escola-luiza-rossa-ribeiro-promove-a-1a-caminhada-com-o-papai-pai-meu-orgulho\/","title":{"rendered":"Escola Luiza Rossa Ribeiro promove a 1\u00aa Caminhada com o Papai \u2013 Pai Meu Orgulho"},"content":{"rendered":"<p style=\"text-align: justify;\">\u00a0\u00a0\u00a0\u00a0\u00a0\u00a0\u00a0 <img loading=\"lazy\" decoding=\"async\" class=\"alignnone size-full wp-image-4059\" src=\"https:\/\/jorgezanoni.com.br\/2019\/wp-content\/uploads\/2019\/08\/Luiza.jpg\" alt=\"\" width=\"960\" height=\"720\" srcset=\"https:\/\/jorgezanoni.com.br\/2019\/wp-content\/uploads\/2019\/08\/Luiza.jpg 960w, https:\/\/jorgezanoni.com.br\/2019\/wp-content\/uploads\/2019\/08\/Luiza-300x225.jpg 300w, https:\/\/jorgezanoni.com.br\/2019\/wp-content\/uploads\/2019\/08\/Luiza-768x576.jpg 768w, https:\/\/jorgezanoni.com.br\/2019\/wp-content\/uploads\/2019\/08\/Luiza-80x60.jpg 80w, https:\/\/jorgezanoni.com.br\/2019\/wp-content\/uploads\/2019\/08\/Luiza-265x198.jpg 265w, https:\/\/jorgezanoni.com.br\/2019\/wp-content\/uploads\/2019\/08\/Luiza-696x522.jpg 696w, https:\/\/jorgezanoni.com.br\/2019\/wp-content\/uploads\/2019\/08\/Luiza-560x420.jpg 560w\" sizes=\"auto, (max-width: 960px) 100vw, 960px\" \/><\/p>\n<p style=\"text-align: justify;\">\u00a0 \u00a0 \u00a0 \u00a0 \u00a0No \u00faltimo domingo (10), a Escola Municipal de Ensino Fundamental e Infantil (EMEFI) \u201cProfa. Luiza Rossa Ribeiro\u201d promoveu como atividade do Dia dos Pais a 1\u00aa Caminhada com Papai &#8211; Pai, meu orgulho!<\/p>\n<p style=\"text-align: justify;\">\u00a0\u00a0\u00a0\u00a0\u00a0\u00a0\u00a0\u00a0 O evento reuniu mais de 300 pessoas, entre pais, alunos e profissionais da escola, que fizeram aquecimento e alongamento, seguido de caminhada. Na sequ\u00eancia foram realizados sorteios de brindes e para finalizar o evento, foi oferecido um caf\u00e9 da manh\u00e3 pela equipe escolar.<\/p>\n<p style=\"text-align: justify;\">\u00a0\u00a0\u00a0\u00a0\u00a0\u00a0\u00a0\u00a0 De acordo com os gestores da unidade, o objetivo da a\u00e7\u00e3o foi reunir pais e filhos e promover a integra\u00e7\u00e3o familiar, em um momento saud\u00e1vel e de afeto, enfatizando que os pais t\u00eam um papel importante na escola e na vida dos filhos, por isso a import\u00e2ncia do pai presente.<\/p>\n<p style=\"text-align: justify;\">\u00a0\u00a0\u00a0\u00a0\u00a0\u00a0\u00a0\u00a0 A escola Luiza Rossa \u00e9 dirigida por Rodrigo Gon\u00e7alves dos Santos, com o apoio da vice-diretora Sandra Regina Gon\u00e7alves Cavalcante Amador e as coordenadoras Meiriellen Puga Rufato (pedag\u00f3gico); e Eliana de C\u00e1ssia Cotarelli e Any Kelle do Nascimento Silva Pelegrinelle (educa\u00e7\u00e3o especial).<\/p>\n<p><img loading=\"lazy\" decoding=\"async\" class=\"alignnone size-full wp-image-4060\" src=\"https:\/\/jorgezanoni.com.br\/2019\/wp-content\/uploads\/2019\/08\/Luiza1.jpg\" alt=\"\" width=\"960\" height=\"540\" srcset=\"https:\/\/jorgezanoni.com.br\/2019\/wp-content\/uploads\/2019\/08\/Luiza1.jpg 960w, https:\/\/jorgezanoni.com.br\/2019\/wp-content\/uploads\/2019\/08\/Luiza1-300x169.jpg 300w, https:\/\/jorgezanoni.com.br\/2019\/wp-content\/uploads\/2019\/08\/Luiza1-768x432.jpg 768w, https:\/\/jorgezanoni.com.br\/2019\/wp-content\/uploads\/2019\/08\/Luiza1-696x392.jpg 696w, https:\/\/jorgezanoni.com.br\/2019\/wp-content\/uploads\/2019\/08\/Luiza1-747x420.jpg 747w\" sizes=\"auto, (max-width: 960px) 100vw, 960px\" \/> <img loading=\"lazy\" decoding=\"async\" class=\"alignnone size-full wp-image-4061\" src=\"https:\/\/jorgezanoni.com.br\/2019\/wp-content\/uploads\/2019\/08\/luiza2.jpg\" alt=\"\" width=\"180\" height=\"240\" \/> <img loading=\"lazy\" decoding=\"async\" class=\"alignnone size-full wp-image-4063\" src=\"https:\/\/jorgezanoni.com.br\/2019\/wp-content\/uploads\/2019\/08\/Luiza4.jpg\" alt=\"\" width=\"240\" height=\"135\" \/> <img loading=\"lazy\" decoding=\"async\" class=\"alignnone size-full wp-image-4064\" src=\"https:\/\/jorgezanoni.com.br\/2019\/wp-content\/uploads\/2019\/08\/luiza5.jpg\" alt=\"\" width=\"240\" height=\"180\" srcset=\"https:\/\/jorgezanoni.com.br\/2019\/wp-content\/uploads\/2019\/08\/luiza5.jpg 240w, https:\/\/jorgezanoni.com.br\/2019\/wp-content\/uploads\/2019\/08\/luiza5-80x60.jpg 80w\" sizes=\"auto, (max-width: 240px) 100vw, 240px\" \/> <img loading=\"lazy\" decoding=\"async\" class=\"alignnone size-full wp-image-4065\" src=\"https:\/\/jorgezanoni.com.br\/2019\/wp-content\/uploads\/2019\/08\/Luiza6.jpg\" alt=\"\" width=\"240\" height=\"135\" \/> <img loading=\"lazy\" decoding=\"async\" class=\"alignnone size-full wp-image-4066\" src=\"https:\/\/jorgezanoni.com.br\/2019\/wp-content\/uploads\/2019\/08\/luiza7.jpg\" alt=\"\" width=\"240\" height=\"180\" srcset=\"https:\/\/jorgezanoni.com.br\/2019\/wp-content\/uploads\/2019\/08\/luiza7.jpg 240w, https:\/\/jorgezanoni.com.br\/2019\/wp-content\/uploads\/2019\/08\/luiza7-80x60.jpg 80w\" sizes=\"auto, (max-width: 240px) 100vw, 240px\" \/> <img loading=\"lazy\" decoding=\"async\" class=\"alignnone size-full wp-image-4067\" src=\"https:\/\/jorgezanoni.com.br\/2019\/wp-content\/uploads\/2019\/08\/luiza8.jpg\" alt=\"\" width=\"240\" height=\"180\" srcset=\"https:\/\/jorgezanoni.com.br\/2019\/wp-content\/uploads\/2019\/08\/luiza8.jpg 240w, https:\/\/jorgezanoni.com.br\/2019\/wp-content\/uploads\/2019\/08\/luiza8-80x60.jpg 80w\" sizes=\"auto, (max-width: 240px) 100vw, 240px\" \/><\/p>\n<p>Fonte: Diretoria de Comunica\u00e7\u00e3o<\/p>\n","protected":false},"excerpt":{"rendered":"<p>\u00a0\u00a0\u00a0\u00a0\u00a0\u00a0\u00a0 \u00a0 \u00a0 \u00a0 \u00a0 \u00a0No \u00faltimo domingo (10), a Escola Municipal de Ensino Fundamental e Infantil (EMEFI) \u201cProfa. Luiza Rossa Ribeiro\u201d promoveu como atividade do Dia dos Pais a 1\u00aa Caminhada com Papai &#8211; Pai, meu orgulho! \u00a0\u00a0\u00a0\u00a0\u00a0\u00a0\u00a0\u00a0 O evento reuniu mais de 300 pessoas, entre pais, alunos e profissionais da escola, que fizeram [&hellip;]<\/p>\n","protected":false},"author":1,"featured_media":4068,"comment_status":"closed","ping_status":"open","sticky":false,"template":"","format":"standard","meta":{"footnotes":""},"categories":[122],"tags":[],"class_list":["post-4058","post","type-post","status-publish","format-standard","has-post-thumbnail","hentry","category-saudeeducacaoeconcurso"],"_links":{"self":[{"href":"https:\/\/jorgezanoni.com.br\/2019\/wp-json\/wp\/v2\/posts\/4058","targetHints":{"allow":["GET"]}}],"collection":[{"href":"https:\/\/jorgezanoni.com.br\/2019\/wp-json\/wp\/v2\/posts"}],"about":[{"href":"https:\/\/jorgezanoni.com.br\/2019\/wp-json\/wp\/v2\/types\/post"}],"author":[{"embeddable":true,"href":"https:\/\/jorgezanoni.com.br\/2019\/wp-json\/wp\/v2\/users\/1"}],"replies":[{"embeddable":true,"href":"https:\/\/jorgezanoni.com.br\/2019\/wp-json\/wp\/v2\/comments?post=4058"}],"version-history":[{"count":0,"href":"https:\/\/jorgezanoni.com.br\/2019\/wp-json\/wp\/v2\/posts\/4058\/revisions"}],"wp:featuredmedia":[{"embeddable":true,"href":"https:\/\/jorgezanoni.com.br\/2019\/wp-json\/wp\/v2\/media\/4068"}],"wp:attachment":[{"href":"https:\/\/jorgezanoni.com.br\/2019\/wp-json\/wp\/v2\/media?parent=4058"}],"wp:term":[{"taxonomy":"category","embeddable":true,"href":"https:\/\/jorgezanoni.com.br\/2019\/wp-json\/wp\/v2\/categories?post=4058"},{"taxonomy":"post_tag","embeddable":true,"href":"https:\/\/jorgezanoni.com.br\/2019\/wp-json\/wp\/v2\/tags?post=4058"}],"curies":[{"name":"wp","href":"https:\/\/api.w.org\/{rel}","templated":true}]}}