{"id":4055,"date":"2019-08-18T14:25:36","date_gmt":"2019-08-18T14:25:36","guid":{"rendered":"https:\/\/jorgezanoni.com.br\/2019\/?p=4055"},"modified":"2019-08-18T14:26:42","modified_gmt":"2019-08-18T14:26:42","slug":"emdaep-realizara-servico-na-avenida-presidente-vargas-segunda-feira","status":"publish","type":"post","link":"https:\/\/jorgezanoni.com.br\/2019\/emdaep-realizara-servico-na-avenida-presidente-vargas-segunda-feira\/","title":{"rendered":"Emdaep realizar\u00e1 servi\u00e7o na Avenida Presidente Vargas, segunda-feira"},"content":{"rendered":"<div style=\"text-align: justify;\">A Emdaep prev\u00ea para segunda-feira (dia 19), desde o per\u00edodo da manh\u00e3, a interdi\u00e7\u00e3o de uma faixa de tr\u00e2nsito da Avenida Presidente Vargas, entre a Rua Monte Castelo e a Avenida Jos\u00e9 Bonif\u00e1cio. No local, haver\u00e1 a recupera\u00e7\u00e3o de parte da pavimenta\u00e7\u00e3o que est\u00e1 comprometida na faixa da direita. Os ve\u00edculos poder\u00e3o trafegar na faixa da esquerda. Naquele quarteir\u00e3o o estacionamento em 45 graus n\u00e3o ser\u00e1 utilizado durante o servi\u00e7o.<\/div>\n<div style=\"text-align: justify;\"><\/div>\n<p class=\"ydpf7e1a1baMsoNormal\" style=\"text-align: justify;\">Ass. Rela\u00e7\u00f5es P\u00fablicas da Emdaep<\/p>\n<p style=\"text-align: justify;\">Foto: Trecho da pavimenta\u00e7\u00e3o apresenta problemas<\/p>\n","protected":false},"excerpt":{"rendered":"<p>A Emdaep prev\u00ea para segunda-feira (dia 19), desde o per\u00edodo da manh\u00e3, a interdi\u00e7\u00e3o de uma faixa de tr\u00e2nsito da Avenida Presidente Vargas, entre a Rua Monte Castelo e a Avenida Jos\u00e9 Bonif\u00e1cio. No local, haver\u00e1 a recupera\u00e7\u00e3o de parte da pavimenta\u00e7\u00e3o que est\u00e1 comprometida na faixa da direita. Os ve\u00edculos poder\u00e3o trafegar na faixa [&hellip;]<\/p>\n","protected":false},"author":1,"featured_media":4056,"comment_status":"closed","ping_status":"open","sticky":false,"template":"","format":"standard","meta":{"footnotes":""},"categories":[179,110],"tags":[],"class_list":["post-4055","post","type-post","status-publish","format-standard","has-post-thumbnail","hentry","category-cidadeseregiao","category-noticiasdestaque"],"_links":{"self":[{"href":"https:\/\/jorgezanoni.com.br\/2019\/wp-json\/wp\/v2\/posts\/4055","targetHints":{"allow":["GET"]}}],"collection":[{"href":"https:\/\/jorgezanoni.com.br\/2019\/wp-json\/wp\/v2\/posts"}],"about":[{"href":"https:\/\/jorgezanoni.com.br\/2019\/wp-json\/wp\/v2\/types\/post"}],"author":[{"embeddable":true,"href":"https:\/\/jorgezanoni.com.br\/2019\/wp-json\/wp\/v2\/users\/1"}],"replies":[{"embeddable":true,"href":"https:\/\/jorgezanoni.com.br\/2019\/wp-json\/wp\/v2\/comments?post=4055"}],"version-history":[{"count":0,"href":"https:\/\/jorgezanoni.com.br\/2019\/wp-json\/wp\/v2\/posts\/4055\/revisions"}],"wp:featuredmedia":[{"embeddable":true,"href":"https:\/\/jorgezanoni.com.br\/2019\/wp-json\/wp\/v2\/media\/4056"}],"wp:attachment":[{"href":"https:\/\/jorgezanoni.com.br\/2019\/wp-json\/wp\/v2\/media?parent=4055"}],"wp:term":[{"taxonomy":"category","embeddable":true,"href":"https:\/\/jorgezanoni.com.br\/2019\/wp-json\/wp\/v2\/categories?post=4055"},{"taxonomy":"post_tag","embeddable":true,"href":"https:\/\/jorgezanoni.com.br\/2019\/wp-json\/wp\/v2\/tags?post=4055"}],"curies":[{"name":"wp","href":"https:\/\/api.w.org\/{rel}","templated":true}]}}