{"id":40547,"date":"2020-12-19T20:12:38","date_gmt":"2020-12-19T20:12:38","guid":{"rendered":"https:\/\/jorgezanoni.com.br\/2019\/?p=40547"},"modified":"2020-12-19T20:12:38","modified_gmt":"2020-12-19T20:12:38","slug":"homem-esfaqueia-duas-pessoas-rouba-carro-e-foge-mas-acaba-preso-pela-policia-militar","status":"publish","type":"post","link":"https:\/\/jorgezanoni.com.br\/2019\/homem-esfaqueia-duas-pessoas-rouba-carro-e-foge-mas-acaba-preso-pela-policia-militar\/","title":{"rendered":"Homem esfaqueia duas pessoas, rouba carro e foge, mas acaba preso pela Pol\u00edcia Militar"},"content":{"rendered":"<p style=\"text-align: justify;\"><strong>A Pol\u00edcia Militar atendeu por volta faz 10h57 deste s\u00e1bado (19), uma ocorr\u00eancia de roubo e les\u00e3o corporal em Fl\u00f3rida Paulista.<\/strong><\/p>\n<p style=\"text-align: justify;\">Segundo informou a PM, um homem de 29 anos teria invadido uma resid\u00eancia na cidade em posse de facas, onde teria desferido golpes em duas pessoas e em seguida fugiu do local levando um ve\u00edculo \u00d4mega pertencente \u00e0 uma das v\u00edtimas.<\/p>\n<p style=\"text-align: justify;\">As v\u00edtimas foram socorridas por populares e levadas para atendimento na Santa Casa de Fl\u00f3rida Paulista com les\u00f5es causadas pelo uso de viol\u00eancia com faca que lhes atingiu os bra\u00e7os.<\/p>\n<p style=\"text-align: justify;\">Cientes de que o indiv\u00edduo teria tomado como rumo a Rodovia Comandante Jo\u00e3o Ribeiro de Barros \u2013 (SP-294), os policiais militares efetuaram o r\u00e1pido patrulhamento pela via e o localizaram nas imedia\u00e7\u00f5es do trevo do Distrito de Atl\u00e2ntida.<\/p>\n<p style=\"text-align: justify;\">O acusado recebeu voz de parada e obedeceu, por\u00e9m, desceu do carro com uma faca na m\u00e3o e insistia em n\u00e3o largar a arma. Ap\u00f3s certo tempo, ele dispensou o objeto e retornou em dire\u00e7\u00e3o ao carro novamente, resistindo \u00e0 abordagem e as ordens dos policiais que utilizaram de t\u00e9cnicas adequadas para cont\u00ea-lo.<\/p>\n<p style=\"text-align: justify;\">Na vistoria do ve\u00edculo, no assoalho do motorista, foram localizadas mais duas facas, que segundo informou a PM, poderiam ter sido novamente usadas pelo autor.<\/p>\n<p style=\"text-align: justify;\"><a href=\"https:\/\/i0.wp.com\/ifolharegional.com.br\/wp-content\/uploads\/2020\/12\/WhatsApp-Image-2020-12-19-at-15.00.22.jpeg?ssl=1\"><img loading=\"lazy\" decoding=\"async\" class=\"aligncenter  wp-image-29591\" src=\"https:\/\/i0.wp.com\/ifolharegional.com.br\/wp-content\/uploads\/2020\/12\/WhatsApp-Image-2020-12-19-at-15.00.22.jpeg?resize=549%2C267&amp;ssl=1\" sizes=\"auto, (max-width: 549px) 100vw, 549px\" srcset=\"https:\/\/i0.wp.com\/ifolharegional.com.br\/wp-content\/uploads\/2020\/12\/WhatsApp-Image-2020-12-19-at-15.00.22.jpeg?w=1152&amp;ssl=1 1152w, https:\/\/i0.wp.com\/ifolharegional.com.br\/wp-content\/uploads\/2020\/12\/WhatsApp-Image-2020-12-19-at-15.00.22.jpeg?resize=300%2C146&amp;ssl=1 300w, https:\/\/i0.wp.com\/ifolharegional.com.br\/wp-content\/uploads\/2020\/12\/WhatsApp-Image-2020-12-19-at-15.00.22.jpeg?resize=1024%2C498&amp;ssl=1 1024w, https:\/\/i0.wp.com\/ifolharegional.com.br\/wp-content\/uploads\/2020\/12\/WhatsApp-Image-2020-12-19-at-15.00.22.jpeg?resize=768%2C373&amp;ssl=1 768w\" alt=\"\" width=\"549\" height=\"267\" data-attachment-id=\"29591\" data-permalink=\"https:\/\/ifolharegional.com.br\/2020\/12\/19\/homem-esfaqueia-duas-pessoas-rouba-carro-e-foge-mas-acaba-preso-pela-policia-militar\/whatsapp-image-2020-12-19-at-15-00-22\/\" data-orig-file=\"https:\/\/i0.wp.com\/ifolharegional.com.br\/wp-content\/uploads\/2020\/12\/WhatsApp-Image-2020-12-19-at-15.00.22.jpeg?fit=1152%2C560&amp;ssl=1\" data-orig-size=\"1152,560\" data-comments-opened=\"0\" data-image-meta=\"{&quot;aperture&quot;:&quot;0&quot;,&quot;credit&quot;:&quot;&quot;,&quot;camera&quot;:&quot;&quot;,&quot;caption&quot;:&quot;&quot;,&quot;created_timestamp&quot;:&quot;0&quot;,&quot;copyright&quot;:&quot;&quot;,&quot;focal_length&quot;:&quot;0&quot;,&quot;iso&quot;:&quot;0&quot;,&quot;shutter_speed&quot;:&quot;0&quot;,&quot;title&quot;:&quot;&quot;,&quot;orientation&quot;:&quot;0&quot;}\" data-image-title=\"WhatsApp Image 2020-12-19 at 15.00.22\" data-image-description=\"\" data-medium-file=\"https:\/\/i0.wp.com\/ifolharegional.com.br\/wp-content\/uploads\/2020\/12\/WhatsApp-Image-2020-12-19-at-15.00.22.jpeg?fit=300%2C146&amp;ssl=1\" data-large-file=\"https:\/\/i0.wp.com\/ifolharegional.com.br\/wp-content\/uploads\/2020\/12\/WhatsApp-Image-2020-12-19-at-15.00.22.jpeg?fit=740%2C360&amp;ssl=1\" data-recalc-dims=\"1\" \/><\/a><\/p>\n<p style=\"text-align: justify;\">Ele foi conduzido para o Plant\u00e3o Policial em Adamantina onde foi apresentada a ocorr\u00eancia. O delegado plantonista deliberou por mant\u00ea-lo preso e \u00e0 disposi\u00e7\u00e3o da Justi\u00e7a.<\/p>\n<p style=\"text-align: justify;\">O carro recuperado pelos policiais militares foi devolvido para a v\u00edtima.<\/p>\n<p style=\"text-align: justify;\">Atuaram nesta ocorr\u00eancia a Pol\u00edcia Militar de Fl\u00f3rida Paulista e as equipes de Pacaembu, Adamantina e o Comando da 2\u00aa Companhia de Adamantina.<\/p>\n<p style=\"text-align: justify;\">\u201cGra\u00e7as ao empenho e dedica\u00e7\u00e3o dos policiais militares, a ordem foi reestabelecida e o autor detido e preso em flagrante, devolvendo assim a tranquilidade da popula\u00e7\u00e3o\u201d, destacou o Sargento PM D\u2019Aquino em conversa com a reportagem.<\/p>\n<p style=\"text-align: justify;\">Fonte: Folha Regional e Com. Social 25\u00ba BPM\/I<\/p>\n","protected":false},"excerpt":{"rendered":"<p>A Pol\u00edcia Militar atendeu por volta faz 10h57 deste s\u00e1bado (19), uma ocorr\u00eancia de roubo e les\u00e3o corporal em Fl\u00f3rida Paulista. Segundo informou a PM, um homem de 29 anos teria invadido uma resid\u00eancia na cidade em posse de facas, onde teria desferido golpes em duas pessoas e em seguida fugiu do local levando um [&hellip;]<\/p>\n","protected":false},"author":1,"featured_media":40548,"comment_status":"closed","ping_status":"open","sticky":false,"template":"","format":"standard","meta":{"footnotes":""},"categories":[110,2],"tags":[],"class_list":["post-40547","post","type-post","status-publish","format-standard","has-post-thumbnail","hentry","category-noticiasdestaque","category-policial"],"_links":{"self":[{"href":"https:\/\/jorgezanoni.com.br\/2019\/wp-json\/wp\/v2\/posts\/40547","targetHints":{"allow":["GET"]}}],"collection":[{"href":"https:\/\/jorgezanoni.com.br\/2019\/wp-json\/wp\/v2\/posts"}],"about":[{"href":"https:\/\/jorgezanoni.com.br\/2019\/wp-json\/wp\/v2\/types\/post"}],"author":[{"embeddable":true,"href":"https:\/\/jorgezanoni.com.br\/2019\/wp-json\/wp\/v2\/users\/1"}],"replies":[{"embeddable":true,"href":"https:\/\/jorgezanoni.com.br\/2019\/wp-json\/wp\/v2\/comments?post=40547"}],"version-history":[{"count":0,"href":"https:\/\/jorgezanoni.com.br\/2019\/wp-json\/wp\/v2\/posts\/40547\/revisions"}],"wp:featuredmedia":[{"embeddable":true,"href":"https:\/\/jorgezanoni.com.br\/2019\/wp-json\/wp\/v2\/media\/40548"}],"wp:attachment":[{"href":"https:\/\/jorgezanoni.com.br\/2019\/wp-json\/wp\/v2\/media?parent=40547"}],"wp:term":[{"taxonomy":"category","embeddable":true,"href":"https:\/\/jorgezanoni.com.br\/2019\/wp-json\/wp\/v2\/categories?post=40547"},{"taxonomy":"post_tag","embeddable":true,"href":"https:\/\/jorgezanoni.com.br\/2019\/wp-json\/wp\/v2\/tags?post=40547"}],"curies":[{"name":"wp","href":"https:\/\/api.w.org\/{rel}","templated":true}]}}