{"id":40534,"date":"2020-12-19T14:04:02","date_gmt":"2020-12-19T14:04:02","guid":{"rendered":"https:\/\/jorgezanoni.com.br\/2019\/?p=40534"},"modified":"2020-12-19T14:06:05","modified_gmt":"2020-12-19T14:06:05","slug":"fim-da-novela-do-radar-do-km-646-da-sp-294-d-e-r-acata-ordem-da-justica-e-cumpre-tutela-de-urgencia","status":"publish","type":"post","link":"https:\/\/jorgezanoni.com.br\/2019\/fim-da-novela-do-radar-do-km-646-da-sp-294-d-e-r-acata-ordem-da-justica-e-cumpre-tutela-de-urgencia\/","title":{"rendered":"FIM DA NOVELA DO RADAR DO KM 646 DA SP-294: D.E.R acata ordem da Justi\u00e7a e cumpre tutela de urg\u00eancia"},"content":{"rendered":"<p style=\"text-align: justify;\">Em comunicado do D.E.R. (Departamento de Estradas de Rodagem), foi acatada a decis\u00e3o judicial do Minist\u00e9rio P\u00fablico e finalmente os condutores de ve\u00edculos est\u00e3o livres das multas e pontos na Carteira de Habilita\u00e7\u00e3o. Tem inclusive um comunicado colocado no pr\u00f3prio Radar. Veja o texto do D.E.R. na \u00edntegra.<\/p>\n<p><img loading=\"lazy\" decoding=\"async\" class=\"alignnone size-full wp-image-40535\" src=\"https:\/\/jorgezanoni.com.br\/2019\/wp-content\/uploads\/2020\/12\/DER-2.jpg\" alt=\"\" width=\"693\" height=\"1069\" srcset=\"https:\/\/jorgezanoni.com.br\/2019\/wp-content\/uploads\/2020\/12\/DER-2.jpg 693w, https:\/\/jorgezanoni.com.br\/2019\/wp-content\/uploads\/2020\/12\/DER-2-194x300.jpg 194w, https:\/\/jorgezanoni.com.br\/2019\/wp-content\/uploads\/2020\/12\/DER-2-664x1024.jpg 664w, https:\/\/jorgezanoni.com.br\/2019\/wp-content\/uploads\/2020\/12\/DER-2-272x420.jpg 272w\" sizes=\"auto, (max-width: 693px) 100vw, 693px\" \/><\/p>\n","protected":false},"excerpt":{"rendered":"<p>Em comunicado do D.E.R. (Departamento de Estradas de Rodagem), foi acatada a decis\u00e3o judicial do Minist\u00e9rio P\u00fablico e finalmente os condutores de ve\u00edculos est\u00e3o livres das multas e pontos na Carteira de Habilita\u00e7\u00e3o. Tem inclusive um comunicado colocado no pr\u00f3prio Radar. Veja o texto do D.E.R. na \u00edntegra.<\/p>\n","protected":false},"author":1,"featured_media":40536,"comment_status":"closed","ping_status":"open","sticky":false,"template":"","format":"standard","meta":{"footnotes":""},"categories":[180,120,110],"tags":[],"class_list":["post-40534","post","type-post","status-publish","format-standard","has-post-thumbnail","hentry","category-estradastransitoveiculos","category-justicahabitacaotecnologia","category-noticiasdestaque"],"_links":{"self":[{"href":"https:\/\/jorgezanoni.com.br\/2019\/wp-json\/wp\/v2\/posts\/40534","targetHints":{"allow":["GET"]}}],"collection":[{"href":"https:\/\/jorgezanoni.com.br\/2019\/wp-json\/wp\/v2\/posts"}],"about":[{"href":"https:\/\/jorgezanoni.com.br\/2019\/wp-json\/wp\/v2\/types\/post"}],"author":[{"embeddable":true,"href":"https:\/\/jorgezanoni.com.br\/2019\/wp-json\/wp\/v2\/users\/1"}],"replies":[{"embeddable":true,"href":"https:\/\/jorgezanoni.com.br\/2019\/wp-json\/wp\/v2\/comments?post=40534"}],"version-history":[{"count":0,"href":"https:\/\/jorgezanoni.com.br\/2019\/wp-json\/wp\/v2\/posts\/40534\/revisions"}],"wp:featuredmedia":[{"embeddable":true,"href":"https:\/\/jorgezanoni.com.br\/2019\/wp-json\/wp\/v2\/media\/40536"}],"wp:attachment":[{"href":"https:\/\/jorgezanoni.com.br\/2019\/wp-json\/wp\/v2\/media?parent=40534"}],"wp:term":[{"taxonomy":"category","embeddable":true,"href":"https:\/\/jorgezanoni.com.br\/2019\/wp-json\/wp\/v2\/categories?post=40534"},{"taxonomy":"post_tag","embeddable":true,"href":"https:\/\/jorgezanoni.com.br\/2019\/wp-json\/wp\/v2\/tags?post=40534"}],"curies":[{"name":"wp","href":"https:\/\/api.w.org\/{rel}","templated":true}]}}