{"id":40467,"date":"2020-12-18T00:41:20","date_gmt":"2020-12-18T00:41:20","guid":{"rendered":"https:\/\/jorgezanoni.com.br\/2019\/?p=40467"},"modified":"2020-12-18T00:41:20","modified_gmt":"2020-12-18T00:41:20","slug":"mp-propoe-duas-acoes-contra-o-prefeito-de-dracena-e-uma-contra-vereador","status":"publish","type":"post","link":"https:\/\/jorgezanoni.com.br\/2019\/mp-propoe-duas-acoes-contra-o-prefeito-de-dracena-e-uma-contra-vereador\/","title":{"rendered":"MP prop\u00f5e duas a\u00e7\u00f5es contra o prefeito de Dracena e uma contra vereador"},"content":{"rendered":"<p style=\"text-align: justify;\">O Minist\u00e9rio P\u00fablico, atrav\u00e9s da Procuradoria Geral de Justi\u00e7a e da 3\u00ba Promotoria de Justi\u00e7a de Dracena, ingressou, respectivamente, com a\u00e7\u00f5es criminal e c\u00edvel (de improbidade administrativa) em face de Juliano Brito Bertolini. Segundo constou nas duas a\u00e7\u00f5es, por tr\u00eas vezes entre os meses de abril de 2017 e fevereiro de 2018, nesta cidade e comarca, Juliano Brito Bertolini, prefeito do munic\u00edpio de Dracena, utilizou-se indevidamente, em proveito alheio, de servi\u00e7os p\u00fablicos que estavam sendo executados pela APMIAD (Associa\u00e7\u00e3o de Prote\u00e7\u00e3o \u00e0 Maternidade, Inf\u00e2ncia e Adolesc\u00eancia de Dracena). Tamb\u00e9m, nas mesmas circunst\u00e2ncias de tempo e local descritos, Juliano Brito Bertolini desviou indevidamente, em proveito alheio, parte das rendas p\u00fablicas destinadas \u00e0 APMIAD.<\/p>\n<p style=\"text-align: justify;\">Na a\u00e7\u00e3o civil p\u00fablica em curso na comarca de Dracena tamb\u00e9m consta no polo passivo o vereador Ailton Oscar Lorensetti, porquanto o mesmo legislou em causa pr\u00f3pria, tendo em conta que, atrav\u00e9s de emenda parlamentar, destinou significativa quantia de dinheiro a entidade de terceiro setor (APMIAD) e esta, por seu turno, realizava compras no estabelecimento comercial de propriedade do referido vereador.<\/p>\n<p style=\"text-align: justify;\">O processo criminal ter\u00e1 seu curso junto ao Tribunal de Justi\u00e7a do Estado de S\u00e3o Paulo, enquanto a a\u00e7\u00e3o civil de improbidade administrativa tramitar\u00e1 pela Justi\u00e7a de Dracena. Se for condenado no processo crime, Juliano poder\u00e1 receber pena de deten\u00e7\u00e3o, que pode variar entre 03 meses a 12 anos. J\u00e1 se forem condenados no processo civil, Juliano e Ailton poder\u00e3o receber penas de perda dos direitos pol\u00edticos, pagamento de multa, perda do cargo p\u00fablico, repara\u00e7\u00e3o dos danos etc.<\/p>\n<p style=\"text-align: justify;\">Segundo o promotor de justi\u00e7a, Ruy Fernando Anelli Bodini, houve relativa demora no ajuizamento das a\u00e7\u00f5es, tendo em vista que as investiga\u00e7\u00f5es ocorreram simultaneamente em S\u00e3o Paulo e em Dracena, o que dificultou a colheita das provas necess\u00e1rias para o adequado esclarecimento dos fatos.<\/p>\n<p>Fonte: Portal Regional<\/p>\n<p>Imagens Arquivo<\/p>\n<p style=\"text-align: justify;\">\n","protected":false},"excerpt":{"rendered":"<p>O Minist\u00e9rio P\u00fablico, atrav\u00e9s da Procuradoria Geral de Justi\u00e7a e da 3\u00ba Promotoria de Justi\u00e7a de Dracena, ingressou, respectivamente, com a\u00e7\u00f5es criminal e c\u00edvel (de improbidade administrativa) em face de Juliano Brito Bertolini. Segundo constou nas duas a\u00e7\u00f5es, por tr\u00eas vezes entre os meses de abril de 2017 e fevereiro de 2018, nesta cidade e [&hellip;]<\/p>\n","protected":false},"author":1,"featured_media":40468,"comment_status":"closed","ping_status":"open","sticky":false,"template":"","format":"standard","meta":{"footnotes":""},"categories":[120,110,116],"tags":[],"class_list":["post-40467","post","type-post","status-publish","format-standard","has-post-thumbnail","hentry","category-justicahabitacaotecnologia","category-noticiasdestaque","category-politicaeeconomia"],"_links":{"self":[{"href":"https:\/\/jorgezanoni.com.br\/2019\/wp-json\/wp\/v2\/posts\/40467","targetHints":{"allow":["GET"]}}],"collection":[{"href":"https:\/\/jorgezanoni.com.br\/2019\/wp-json\/wp\/v2\/posts"}],"about":[{"href":"https:\/\/jorgezanoni.com.br\/2019\/wp-json\/wp\/v2\/types\/post"}],"author":[{"embeddable":true,"href":"https:\/\/jorgezanoni.com.br\/2019\/wp-json\/wp\/v2\/users\/1"}],"replies":[{"embeddable":true,"href":"https:\/\/jorgezanoni.com.br\/2019\/wp-json\/wp\/v2\/comments?post=40467"}],"version-history":[{"count":0,"href":"https:\/\/jorgezanoni.com.br\/2019\/wp-json\/wp\/v2\/posts\/40467\/revisions"}],"wp:featuredmedia":[{"embeddable":true,"href":"https:\/\/jorgezanoni.com.br\/2019\/wp-json\/wp\/v2\/media\/40468"}],"wp:attachment":[{"href":"https:\/\/jorgezanoni.com.br\/2019\/wp-json\/wp\/v2\/media?parent=40467"}],"wp:term":[{"taxonomy":"category","embeddable":true,"href":"https:\/\/jorgezanoni.com.br\/2019\/wp-json\/wp\/v2\/categories?post=40467"},{"taxonomy":"post_tag","embeddable":true,"href":"https:\/\/jorgezanoni.com.br\/2019\/wp-json\/wp\/v2\/tags?post=40467"}],"curies":[{"name":"wp","href":"https:\/\/api.w.org\/{rel}","templated":true}]}}