{"id":40464,"date":"2020-12-18T00:16:23","date_gmt":"2020-12-18T00:16:23","guid":{"rendered":"https:\/\/jorgezanoni.com.br\/2019\/?p=40464"},"modified":"2020-12-18T00:16:23","modified_gmt":"2020-12-18T00:16:23","slug":"policia-civil-apreende-adolescente-que-vendia-drogas-na-praca-arthur-pagnozzi-em-dracena","status":"publish","type":"post","link":"https:\/\/jorgezanoni.com.br\/2019\/policia-civil-apreende-adolescente-que-vendia-drogas-na-praca-arthur-pagnozzi-em-dracena\/","title":{"rendered":"Pol\u00edcia Civil apreende adolescente que vendia drogas na pra\u00e7a Arthur Pagnozzi em Dracena"},"content":{"rendered":"<p style=\"text-align: justify;\"><strong>Em poder do adolescente foram apreendidas por\u00e7\u00f5es de maconha e dinheiro. A a\u00e7\u00e3o ocorreu interior da pra\u00e7a central de Dracena.<\/strong><\/p>\n<p style=\"text-align: justify;\">A Pol\u00edcia Civil, por interm\u00e9dio das Delegacias Especializadas (Delegacia de Investiga\u00e7\u00f5es Gerais &#8211; DIG e Delegacia de Investiga\u00e7\u00e3o Sobre Entorpecentes &#8211; DISE), apreendeu nesta quinta-feira (17) um adolescente de 17 anos, que comercializava drogas no interior da pra\u00e7a Arthur Pagnozzi, que fica na regi\u00e3o central de Dracena.<\/p>\n<p style=\"text-align: justify;\">A\u00e7\u00e3o foi desencadeada por agentes das Delegacias Especializadas que realizavam trabalhos investigativos acerca da comercializa\u00e7\u00e3o de drogas no interior da pra\u00e7a Arthur Pagnozzi.<\/p>\n<p style=\"text-align: justify;\">No momento, da abordagem o menor infrator estava na posse de uma pochete preta, que continha quatro por\u00e7\u00f5es de maconha, embaladas e prontas para venda, al\u00e9m da quantia de 40 reais.<\/p>\n<p style=\"text-align: justify;\">Na delegacia, j\u00e1 acompanhado de sua genitora, o adolescente infrator confirmou o cometimento do ato infracional an\u00e1logo a tr\u00e1fico de drogas, que j\u00e1 estava vendendo drogas na pra\u00e7a central h\u00e1 alguns dias, e que cada por\u00e7\u00e3o era vendida por 10 reais.<\/p>\n<p style=\"text-align: justify;\">Ap\u00f3s os procedimentos dos trabalhos de Pol\u00edcia Judici\u00e1ria, o menor ficou \u00e0 disposi\u00e7\u00e3o da Vara de Inf\u00e2ncia e Juventude, que determinou o acolhimento do adolescente infrator para uma unidade da Funda\u00e7\u00e3o Casa.<\/p>\n<p style=\"text-align: justify;\">Fonte: Comunica\u00e7\u00e3o Social Seccional Dracena<\/p>\n","protected":false},"excerpt":{"rendered":"<p>Em poder do adolescente foram apreendidas por\u00e7\u00f5es de maconha e dinheiro. A a\u00e7\u00e3o ocorreu interior da pra\u00e7a central de Dracena. A Pol\u00edcia Civil, por interm\u00e9dio das Delegacias Especializadas (Delegacia de Investiga\u00e7\u00f5es Gerais &#8211; DIG e Delegacia de Investiga\u00e7\u00e3o Sobre Entorpecentes &#8211; DISE), apreendeu nesta quinta-feira (17) um adolescente de 17 anos, que comercializava drogas no [&hellip;]<\/p>\n","protected":false},"author":1,"featured_media":40465,"comment_status":"closed","ping_status":"open","sticky":false,"template":"","format":"standard","meta":{"footnotes":""},"categories":[110,2],"tags":[],"class_list":["post-40464","post","type-post","status-publish","format-standard","has-post-thumbnail","hentry","category-noticiasdestaque","category-policial"],"_links":{"self":[{"href":"https:\/\/jorgezanoni.com.br\/2019\/wp-json\/wp\/v2\/posts\/40464","targetHints":{"allow":["GET"]}}],"collection":[{"href":"https:\/\/jorgezanoni.com.br\/2019\/wp-json\/wp\/v2\/posts"}],"about":[{"href":"https:\/\/jorgezanoni.com.br\/2019\/wp-json\/wp\/v2\/types\/post"}],"author":[{"embeddable":true,"href":"https:\/\/jorgezanoni.com.br\/2019\/wp-json\/wp\/v2\/users\/1"}],"replies":[{"embeddable":true,"href":"https:\/\/jorgezanoni.com.br\/2019\/wp-json\/wp\/v2\/comments?post=40464"}],"version-history":[{"count":0,"href":"https:\/\/jorgezanoni.com.br\/2019\/wp-json\/wp\/v2\/posts\/40464\/revisions"}],"wp:featuredmedia":[{"embeddable":true,"href":"https:\/\/jorgezanoni.com.br\/2019\/wp-json\/wp\/v2\/media\/40465"}],"wp:attachment":[{"href":"https:\/\/jorgezanoni.com.br\/2019\/wp-json\/wp\/v2\/media?parent=40464"}],"wp:term":[{"taxonomy":"category","embeddable":true,"href":"https:\/\/jorgezanoni.com.br\/2019\/wp-json\/wp\/v2\/categories?post=40464"},{"taxonomy":"post_tag","embeddable":true,"href":"https:\/\/jorgezanoni.com.br\/2019\/wp-json\/wp\/v2\/tags?post=40464"}],"curies":[{"name":"wp","href":"https:\/\/api.w.org\/{rel}","templated":true}]}}