{"id":40460,"date":"2020-12-17T23:54:34","date_gmt":"2020-12-17T23:54:34","guid":{"rendered":"https:\/\/jorgezanoni.com.br\/2019\/?p=40460"},"modified":"2020-12-17T23:54:34","modified_gmt":"2020-12-17T23:54:34","slug":"servicos-de-agua-e-esgoto-foram-implantados-ha-65-anos-em-dracena","status":"publish","type":"post","link":"https:\/\/jorgezanoni.com.br\/2019\/servicos-de-agua-e-esgoto-foram-implantados-ha-65-anos-em-dracena\/","title":{"rendered":"Servi\u00e7os\u00a0de\u00a0\u00e1gua\u00a0e\u00a0esgoto\u00a0foram\u00a0implantados\u00a0h\u00e1\u00a065\u00a0anos em Dracena"},"content":{"rendered":"<p style=\"text-align: justify;\">Dez anos ap\u00f3s sua funda\u00e7\u00e3o, Dracena inaugurou os servi\u00e7os de \u00e1gua e esgoto. Placa instalada na caixa principal da Emdaep informa que a data oficial \u00e9 25 de dezembro de 1955.<br \/>\nA placa inaugural indica que as obras foram iniciadas no mandato do governador Lucas Nogueira Garcez, com t\u00e9rmino na gest\u00e3o de J\u00e2nio da Silva Quadros. Jo\u00e3o Caetano \u00c1lvares era o secret\u00e1rio da Via\u00e7\u00e3o e Obras P\u00fablicas. Dracena tinha como prefeito Arthur Pagnozzi.<br \/>\nA Prefeitura foi respons\u00e1vel pelos servi\u00e7os de abastecimento de \u00e1gua e tratamento de esgoto at\u00e9 a d\u00e9cada de 1970, quando houve a constru\u00e7\u00e3o da lagoa do Bairro Mirassol. Na \u00e9poca surgiu o Samae \u2013 Servi\u00e7o Aut\u00f4nomo Municipal de \u00c1gua e Esgoto. A Empresa de Desenvolvimento, \u00c1gua, Esgoto e Pavimenta\u00e7\u00e3o (Emdaep) foi criada em agosto de 1983 e iniciou atividades em 1984, permanecendo at\u00e9 os dias atuais. A lagoa de tratamento do Bairro das Antas foi constru\u00edda na d\u00e9cada do ano 2000.<\/p>\n<p>Ass. Rela\u00e7\u00f5es P\u00fablicas da Emdaep<\/p>\n<p>Legenda: Placa da inaugura\u00e7\u00e3o dos servi\u00e7os de \u00e1gua e esgoto no Natal de 1955<\/p>\n","protected":false},"excerpt":{"rendered":"<p>Dez anos ap\u00f3s sua funda\u00e7\u00e3o, Dracena inaugurou os servi\u00e7os de \u00e1gua e esgoto. Placa instalada na caixa principal da Emdaep informa que a data oficial \u00e9 25 de dezembro de 1955. A placa inaugural indica que as obras foram iniciadas no mandato do governador Lucas Nogueira Garcez, com t\u00e9rmino na gest\u00e3o de J\u00e2nio da Silva [&hellip;]<\/p>\n","protected":false},"author":1,"featured_media":40461,"comment_status":"closed","ping_status":"open","sticky":false,"template":"","format":"standard","meta":{"footnotes":""},"categories":[179,184,110],"tags":[],"class_list":["post-40460","post","type-post","status-publish","format-standard","has-post-thumbnail","hentry","category-cidadeseregiao","category-dracena","category-noticiasdestaque"],"_links":{"self":[{"href":"https:\/\/jorgezanoni.com.br\/2019\/wp-json\/wp\/v2\/posts\/40460","targetHints":{"allow":["GET"]}}],"collection":[{"href":"https:\/\/jorgezanoni.com.br\/2019\/wp-json\/wp\/v2\/posts"}],"about":[{"href":"https:\/\/jorgezanoni.com.br\/2019\/wp-json\/wp\/v2\/types\/post"}],"author":[{"embeddable":true,"href":"https:\/\/jorgezanoni.com.br\/2019\/wp-json\/wp\/v2\/users\/1"}],"replies":[{"embeddable":true,"href":"https:\/\/jorgezanoni.com.br\/2019\/wp-json\/wp\/v2\/comments?post=40460"}],"version-history":[{"count":0,"href":"https:\/\/jorgezanoni.com.br\/2019\/wp-json\/wp\/v2\/posts\/40460\/revisions"}],"wp:featuredmedia":[{"embeddable":true,"href":"https:\/\/jorgezanoni.com.br\/2019\/wp-json\/wp\/v2\/media\/40461"}],"wp:attachment":[{"href":"https:\/\/jorgezanoni.com.br\/2019\/wp-json\/wp\/v2\/media?parent=40460"}],"wp:term":[{"taxonomy":"category","embeddable":true,"href":"https:\/\/jorgezanoni.com.br\/2019\/wp-json\/wp\/v2\/categories?post=40460"},{"taxonomy":"post_tag","embeddable":true,"href":"https:\/\/jorgezanoni.com.br\/2019\/wp-json\/wp\/v2\/tags?post=40460"}],"curies":[{"name":"wp","href":"https:\/\/api.w.org\/{rel}","templated":true}]}}