{"id":40457,"date":"2020-12-17T23:35:35","date_gmt":"2020-12-17T23:35:35","guid":{"rendered":"https:\/\/jorgezanoni.com.br\/2019\/?p=40457"},"modified":"2020-12-17T23:35:35","modified_gmt":"2020-12-17T23:35:35","slug":"alunos-de-enfermagem-da-unifadra-assistem-a-palestra-sobre-saude-do-trabalhador","status":"publish","type":"post","link":"https:\/\/jorgezanoni.com.br\/2019\/alunos-de-enfermagem-da-unifadra-assistem-a-palestra-sobre-saude-do-trabalhador\/","title":{"rendered":"Alunos de Enfermagem da Unifadra assistem \u00e0 palestra sobre sa\u00fade do trabalhador"},"content":{"rendered":"<p dir=\"ltr\" style=\"text-align: justify;\">Os estudantes do 8\u00ba termo de Enfermagem da Faculdade Unifadra\/Fundec de Dracena participaram, no dia 9 de dezembro, da palestra &#8220;A sa\u00fade, seguran\u00e7a e higiene ocupacional nos profissionais de sa\u00fade&#8221;, ministrada pelo T\u00e9cnico de Seguran\u00e7a do Trabalho Eduardo Antoniassi Oliveira, colaborador da Irmandade Santa Casa de Miseric\u00f3rdia de Dracena. O evento foi realizado no Audit\u00f3rio &#8220;Professora Rachel Alves de Faria&#8221;, na Unifadra\/Fundec, seguindo o distanciamento social e os protocolos sanit\u00e1rios. A organiza\u00e7\u00e3o do evento foi feita pelas docentes Angela Vilella, Regiane Palomo e Jacqueline Maria de Souza, com a finalidade de ampliar o conhecimento dos acad\u00eamicos sobre a atua\u00e7\u00e3o do enfermeiro na preven\u00e7\u00e3o e promo\u00e7\u00e3o da sa\u00fade do trabalhador.<br \/>\nA coordenadora do curso de Enfermagem Profa. Dra. Lilian Panicio destacou que \u00e9 fundamental que os estudantes entendam a import\u00e2ncia do enfermeiro do trabalho no servi\u00e7o de sa\u00fade ocupacional das empresas e nos ambientes laborais dos trabalhadores, principalmente daqueles expostos a risco ocupacional. Essa \u00e9 uma excelente possibilidade de atua\u00e7\u00e3o do enfermeiro.<br \/>\nO diretor acad\u00eamico da Unifadra Prof. Dr. Enio Garbelini destaca a import\u00e2ncia desses eventos, que complementam a forma\u00e7\u00e3o dos alunos, devido \u00e0 relev\u00e2ncia do tema.<\/p>\n<p style=\"text-align: justify;\"><span id=\"gmail-docs-internal-guid-356cbb75-7fff-43af-5a9d-ffe355ce5237\"><\/span>Foto: O palestrante\u00a0 Eduardo Antoniassi Oliveira no Audit\u00f3rio da Fundec.<\/p>\n<div class=\"gmail_signature\" dir=\"ltr\">\n<div dir=\"ltr\" style=\"text-align: justify;\">Carolina Colnago<br \/>\nAssistente de Comunica\u00e7\u00e3o<br \/>\nFunda\u00e7\u00e3o Dracenense de Educa\u00e7\u00e3o e Cultura<\/div>\n<\/div>\n","protected":false},"excerpt":{"rendered":"<p>Os estudantes do 8\u00ba termo de Enfermagem da Faculdade Unifadra\/Fundec de Dracena participaram, no dia 9 de dezembro, da palestra &#8220;A sa\u00fade, seguran\u00e7a e higiene ocupacional nos profissionais de sa\u00fade&#8221;, ministrada pelo T\u00e9cnico de Seguran\u00e7a do Trabalho Eduardo Antoniassi Oliveira, colaborador da Irmandade Santa Casa de Miseric\u00f3rdia de Dracena. O evento foi realizado no Audit\u00f3rio [&hellip;]<\/p>\n","protected":false},"author":1,"featured_media":40458,"comment_status":"closed","ping_status":"open","sticky":false,"template":"","format":"standard","meta":{"footnotes":""},"categories":[122],"tags":[],"class_list":["post-40457","post","type-post","status-publish","format-standard","has-post-thumbnail","hentry","category-saudeeducacaoeconcurso"],"_links":{"self":[{"href":"https:\/\/jorgezanoni.com.br\/2019\/wp-json\/wp\/v2\/posts\/40457","targetHints":{"allow":["GET"]}}],"collection":[{"href":"https:\/\/jorgezanoni.com.br\/2019\/wp-json\/wp\/v2\/posts"}],"about":[{"href":"https:\/\/jorgezanoni.com.br\/2019\/wp-json\/wp\/v2\/types\/post"}],"author":[{"embeddable":true,"href":"https:\/\/jorgezanoni.com.br\/2019\/wp-json\/wp\/v2\/users\/1"}],"replies":[{"embeddable":true,"href":"https:\/\/jorgezanoni.com.br\/2019\/wp-json\/wp\/v2\/comments?post=40457"}],"version-history":[{"count":0,"href":"https:\/\/jorgezanoni.com.br\/2019\/wp-json\/wp\/v2\/posts\/40457\/revisions"}],"wp:featuredmedia":[{"embeddable":true,"href":"https:\/\/jorgezanoni.com.br\/2019\/wp-json\/wp\/v2\/media\/40458"}],"wp:attachment":[{"href":"https:\/\/jorgezanoni.com.br\/2019\/wp-json\/wp\/v2\/media?parent=40457"}],"wp:term":[{"taxonomy":"category","embeddable":true,"href":"https:\/\/jorgezanoni.com.br\/2019\/wp-json\/wp\/v2\/categories?post=40457"},{"taxonomy":"post_tag","embeddable":true,"href":"https:\/\/jorgezanoni.com.br\/2019\/wp-json\/wp\/v2\/tags?post=40457"}],"curies":[{"name":"wp","href":"https:\/\/api.w.org\/{rel}","templated":true}]}}