{"id":40454,"date":"2020-12-17T23:13:05","date_gmt":"2020-12-17T23:13:05","guid":{"rendered":"https:\/\/jorgezanoni.com.br\/2019\/?p=40454"},"modified":"2020-12-17T23:13:05","modified_gmt":"2020-12-17T23:13:05","slug":"camara-de-dracena-define-normas-para-a-posse-da-18a-legislatura","status":"publish","type":"post","link":"https:\/\/jorgezanoni.com.br\/2019\/camara-de-dracena-define-normas-para-a-posse-da-18a-legislatura\/","title":{"rendered":"C\u00e2mara de Dracena define normas para a posse da 18\u00aa Legislatura\u00a0"},"content":{"rendered":"<p style=\"text-align: justify;\"><strong>Medidas atendem aos protocolos sanit\u00e1rios municipais e nacionais de conten\u00e7\u00e3o do Covid-19.<\/strong><\/p>\n<p style=\"text-align: justify;\">A sess\u00e3o de posse dos 13 vereadores eleitos para compor a 18\u00aa legislatura (2021-2024) e do prefeito e vice de Dracena ser\u00e1 realizada no dia 1\u00ba de janeiro de 2021, a partir das 9h, na C\u00e2mara Municipal.<\/p>\n<p style=\"text-align: justify;\">Devido ao aumento de casos de Covid-19 e \u00e0 regi\u00e3o se encontrar na faixa amarela do Plano S\u00e3o Paulo, o n\u00famero de participantes no plen\u00e1rio ser\u00e1 restrito aos eleitos, que poder\u00e3o levar at\u00e9 tr\u00eas familiares. O p\u00fablico em geral pode acompanhar a transmiss\u00e3o ao vivo pela TV C\u00e2mara no YouTube e no Facebook.<\/p>\n<p style=\"text-align: justify;\">As medidas impostas obedecem aos protocolos de seguran\u00e7a determinados pelas autoridades de sa\u00fade municipais e nacionais para evitar a dissemina\u00e7\u00e3o do Covid-19. Tanto os eleitos como seus convidados dever\u00e3o seguir as regras de distanciamento social, o uso de m\u00e1scaras faciais e \u00e1lcool gel.<\/p>\n<p style=\"text-align: justify;\"><strong>Imprensa<\/strong><strong>\u00a0<\/strong><\/p>\n<p style=\"text-align: justify;\">Quanto \u00e0 cobertura jornal\u00edstica da sess\u00e3o, ser\u00e1 limitada a um representante por ve\u00edculo de imprensa, \u00e0 exce\u00e7\u00e3o de emissoras de TV que poder\u00e3o enviar at\u00e9 dois representantes (cinegrafista e rep\u00f3rter).<\/p>\n<p style=\"text-align: justify;\"><strong>Acompanhe ao vivo<\/strong><strong>\u00a0<\/strong><\/p>\n<p style=\"text-align: justify;\">Os mun\u00edcipes podem acompanhar a transmiss\u00e3o do vivo da posse atrav\u00e9s dos canais abaixo:<\/p>\n<p style=\"text-align: justify;\">Facebook:\u00a0<a href=\"http:\/\/www.facebook.com\/CamaraMunicipalDeDracena\" target=\"_blank\" rel=\"noopener noreferrer\">www.facebook.com\/CamaraMunicipalDeDracena<\/a><\/p>\n<p style=\"text-align: justify;\">TV C\u00e2mara no YouTube (<a href=\"https:\/\/www.youtube.com\/c\/C%C3%A2maraMunicipaldeDracenaSP\" target=\"_blank\" rel=\"noopener noreferrer\">https:\/\/www.youtube.com\/c\/C\u00e2maraMunicipaldeDracenaSP<\/a>)<\/p>\n<p style=\"text-align: justify;\">R\u00e1dio: 95,3 FM<\/p>\n","protected":false},"excerpt":{"rendered":"<p>Medidas atendem aos protocolos sanit\u00e1rios municipais e nacionais de conten\u00e7\u00e3o do Covid-19. A sess\u00e3o de posse dos 13 vereadores eleitos para compor a 18\u00aa legislatura (2021-2024) e do prefeito e vice de Dracena ser\u00e1 realizada no dia 1\u00ba de janeiro de 2021, a partir das 9h, na C\u00e2mara Municipal. Devido ao aumento de casos de [&hellip;]<\/p>\n","protected":false},"author":1,"featured_media":40455,"comment_status":"closed","ping_status":"open","sticky":false,"template":"","format":"standard","meta":{"footnotes":""},"categories":[110,116],"tags":[],"class_list":["post-40454","post","type-post","status-publish","format-standard","has-post-thumbnail","hentry","category-noticiasdestaque","category-politicaeeconomia"],"_links":{"self":[{"href":"https:\/\/jorgezanoni.com.br\/2019\/wp-json\/wp\/v2\/posts\/40454","targetHints":{"allow":["GET"]}}],"collection":[{"href":"https:\/\/jorgezanoni.com.br\/2019\/wp-json\/wp\/v2\/posts"}],"about":[{"href":"https:\/\/jorgezanoni.com.br\/2019\/wp-json\/wp\/v2\/types\/post"}],"author":[{"embeddable":true,"href":"https:\/\/jorgezanoni.com.br\/2019\/wp-json\/wp\/v2\/users\/1"}],"replies":[{"embeddable":true,"href":"https:\/\/jorgezanoni.com.br\/2019\/wp-json\/wp\/v2\/comments?post=40454"}],"version-history":[{"count":0,"href":"https:\/\/jorgezanoni.com.br\/2019\/wp-json\/wp\/v2\/posts\/40454\/revisions"}],"wp:featuredmedia":[{"embeddable":true,"href":"https:\/\/jorgezanoni.com.br\/2019\/wp-json\/wp\/v2\/media\/40455"}],"wp:attachment":[{"href":"https:\/\/jorgezanoni.com.br\/2019\/wp-json\/wp\/v2\/media?parent=40454"}],"wp:term":[{"taxonomy":"category","embeddable":true,"href":"https:\/\/jorgezanoni.com.br\/2019\/wp-json\/wp\/v2\/categories?post=40454"},{"taxonomy":"post_tag","embeddable":true,"href":"https:\/\/jorgezanoni.com.br\/2019\/wp-json\/wp\/v2\/tags?post=40454"}],"curies":[{"name":"wp","href":"https:\/\/api.w.org\/{rel}","templated":true}]}}