{"id":40392,"date":"2020-12-16T22:47:03","date_gmt":"2020-12-16T22:47:03","guid":{"rendered":"https:\/\/jorgezanoni.com.br\/2019\/?p=40392"},"modified":"2020-12-16T22:47:03","modified_gmt":"2020-12-16T22:47:03","slug":"2o-festival-e-concurso-literario-da-diretoria-de-ensino-de-adamantina-entrega-premios-amanha-em-junqueiropolis","status":"publish","type":"post","link":"https:\/\/jorgezanoni.com.br\/2019\/2o-festival-e-concurso-literario-da-diretoria-de-ensino-de-adamantina-entrega-premios-amanha-em-junqueiropolis\/","title":{"rendered":"2\u00ba Festival e Concurso Liter\u00e1rio da Diretoria de Ensino de Adamantina entrega Pr\u00eamios amanh\u00e3 em Junqueir\u00f3polis"},"content":{"rendered":"<p style=\"text-align: justify;\"><strong>P\u00daBLICO-ALVO: ALUNOS DA REDE ESTADUAL DE ENSINO DE SP<\/strong><\/p>\n<p style=\"text-align: justify;\"><strong>TEMA: \u201cEM TEMPOS DE PANDEMIA, POESIAS QUE TRANSFORMAM\u201d<\/strong><strong>\u00a0<\/strong><\/p>\n<p style=\"text-align: justify;\"><strong>No dia 11 de dezembro de 2020 a DER- Adamantina realizou o 2\u00ba Festival e Concurso Liter\u00e1rio, com apresenta\u00e7\u00f5es de trabalhos e poemas, produzidos por alunos das unidades escolares jurisdicionadas \u00e0 Diretoria de Ensino. <\/strong>Os textos foram elaborados com embasamento e aporte te\u00f3rico de leitura, das obras do autor e poeta Br\u00e1ulio Bessa, considerando que \u00e9 um poeta que possui um estilo liter\u00e1rio simples, carregado de sensibilidade, muito pertinente para esse contexto.<\/p>\n<p style=\"text-align: justify;\"><img loading=\"lazy\" decoding=\"async\" class=\"alignnone size-full wp-image-40393\" src=\"https:\/\/jorgezanoni.com.br\/2019\/wp-content\/uploads\/2020\/12\/irmes.jpg\" alt=\"\" width=\"600\" height=\"337\" srcset=\"https:\/\/jorgezanoni.com.br\/2019\/wp-content\/uploads\/2020\/12\/irmes.jpg 600w, https:\/\/jorgezanoni.com.br\/2019\/wp-content\/uploads\/2020\/12\/irmes-300x169.jpg 300w\" sizes=\"auto, (max-width: 600px) 100vw, 600px\" \/><\/p>\n<p style=\"text-align: justify;\">O evento aconteceu em parceria com a UNIFAI (Centro Universit\u00e1rio que abrange \u00e0 regi\u00e3o) e com o apoio de v\u00e1rios outros parceiros que doaram pr\u00eamios para os trabalhos que obtiveram as primeiras coloca\u00e7\u00f5es de cada segmento EF\/EJA e EM\/EJA, al\u00e9m de outros brindes que foram sorteados entre os participantes.<\/p>\n<p style=\"text-align: justify;\"><img loading=\"lazy\" decoding=\"async\" class=\"alignnone size-full wp-image-40394\" src=\"https:\/\/jorgezanoni.com.br\/2019\/wp-content\/uploads\/2020\/12\/irmes1.png\" alt=\"\" width=\"568\" height=\"375\" srcset=\"https:\/\/jorgezanoni.com.br\/2019\/wp-content\/uploads\/2020\/12\/irmes1.png 568w, https:\/\/jorgezanoni.com.br\/2019\/wp-content\/uploads\/2020\/12\/irmes1-300x198.png 300w\" sizes=\"auto, (max-width: 568px) 100vw, 568px\" \/> <img loading=\"lazy\" decoding=\"async\" class=\"alignnone size-full wp-image-40395\" src=\"https:\/\/jorgezanoni.com.br\/2019\/wp-content\/uploads\/2020\/12\/irmes2.jpg\" alt=\"\" width=\"1080\" height=\"608\" srcset=\"https:\/\/jorgezanoni.com.br\/2019\/wp-content\/uploads\/2020\/12\/irmes2.jpg 1080w, https:\/\/jorgezanoni.com.br\/2019\/wp-content\/uploads\/2020\/12\/irmes2-300x169.jpg 300w, https:\/\/jorgezanoni.com.br\/2019\/wp-content\/uploads\/2020\/12\/irmes2-1024x576.jpg 1024w, https:\/\/jorgezanoni.com.br\/2019\/wp-content\/uploads\/2020\/12\/irmes2-768x432.jpg 768w, https:\/\/jorgezanoni.com.br\/2019\/wp-content\/uploads\/2020\/12\/irmes2-696x392.jpg 696w, https:\/\/jorgezanoni.com.br\/2019\/wp-content\/uploads\/2020\/12\/irmes2-1068x601.jpg 1068w, https:\/\/jorgezanoni.com.br\/2019\/wp-content\/uploads\/2020\/12\/irmes2-746x420.jpg 746w\" sizes=\"auto, (max-width: 1080px) 100vw, 1080px\" \/><\/p>\n<p style=\"text-align: justify;\"><strong>PREMIA\u00c7\u00c3O<\/strong><\/p>\n<p style=\"text-align: justify;\"><strong>CATEGORIA &#8211; ENSINO FUNDAMENTAL\/EJA<\/strong>:<em>\u00a0<\/em><\/p>\n<p style=\"text-align: justify;\">10\u00ba &#8211; Nat\u00e1lia Morais Botassini &#8211; 6\u00ba Ano &#8211; EE 9 de Julho &#8211; Texto: Consequ\u00eancias da pandemia &#8211; Pseud\u00f4nimo: Sonhos de ver\u00e3o<em>\u00a0<\/em><\/p>\n<p style=\"text-align: justify;\">9\u00ba &#8211; Luana Galv\u00e3o Watanabe &#8211; 9\u00ba Ano &#8211; EE 9 de Julho &#8211; Texto: Acreditar que vai melhorar &#8211; Pseud\u00f4nimo: Lua<em>\u00a0<\/em><\/p>\n<p style=\"text-align: justify;\">8\u00ba &#8211; Kauan de Arruda Fraz\u00e3o &#8211; 6\u00ba Ano &#8211; EE 9 de Julho &#8211; Texto: No meu tempo de crian\u00e7a &#8211; Pseud\u00f4nimo: Kak\u00e1<em>\u00a0<\/em><\/p>\n<p style=\"text-align: justify;\">7\u00ba &#8211; Ana La\u00eds da Silva Melo &#8211; 9\u00ba Ano &#8211; EE Prof. Geraldo Pecorari &#8211; Texto: Aprendizado &#8211; Pseud\u00f4nimo: Friedrich Borgov<em>\u00a0<\/em><\/p>\n<p style=\"text-align: justify;\">6\u00ba &#8211; Isabela Marques Luiz Lima &#8211; 8\u00ba Ano &#8211; EE Eng. Isac Pereira Garcez &#8211; Texto: Nos versos da poesia encontrei alegria &#8211; Pseud\u00f4nimo: Boo Baby<em>\u00a0<\/em><\/p>\n<p style=\"text-align: justify;\">5\u00ba &#8211; Micaela Machado de Lima &#8211; 8\u00ba Ano &#8211; EE Eng. Isac Pereira Garcez &#8211; Texto: Criadores da liberdade &#8211; Pseud\u00f4nimo: Afrodite<em>\u00a0<\/em><\/p>\n<p style=\"text-align: justify;\">4\u00ba &#8211; Kamilly Eduarda Auresco &#8211; 9\u00ba Ano &#8211; EE 9 de Julho &#8211; Texto: Conex\u00e3o &#8211; Pseud\u00f4nimo: Auresco<em>\u00a0<\/em><\/p>\n<p style=\"text-align: justify;\"><em>3\u00ba Lugar EF\/EJA\u00a0<\/em><\/p>\n<p style=\"text-align: justify;\">Maria Clara Lima Basso<\/p>\n<p style=\"text-align: justify;\">9\u00ba Ano<\/p>\n<p style=\"text-align: justify;\">EE 9 de Julho<\/p>\n<p style=\"text-align: justify;\">Texto: Em tempos de pandemia, poesias que transformam<\/p>\n<p style=\"text-align: justify;\">Pseud\u00f4nimo: Maria Basso<\/p>\n<p style=\"text-align: justify;\">2\u00ba lugar EF\/EJA<\/p>\n<p style=\"text-align: justify;\">Carolina da Silva Ueda<\/p>\n<p style=\"text-align: justify;\">9\u00ba Ano<\/p>\n<p style=\"text-align: justify;\">EE Prof. Geraldo Pecorari<\/p>\n<p style=\"text-align: justify;\">Texto: O dia em que a terra parou<\/p>\n<p style=\"text-align: justify;\">Pseud\u00f4nimo: Guinho Moranguinho<em>\u00a0<\/em><\/p>\n<p style=\"text-align: justify;\"><em>1\u00ba Lugar EF\/EJA<\/em><em>\u00a0<\/em><\/p>\n<p style=\"text-align: justify;\"><em>Jaiane Lima Foguer<\/em><\/p>\n<ol style=\"text-align: justify;\">\n<li><em> Prof\u00ba Geraldo Pecorari<\/em><\/li>\n<\/ol>\n<p style=\"text-align: justify;\"><em>Texto: Confinamento<\/em><\/p>\n<p style=\"text-align: justify;\">Pseud\u00f4nimo: Wonder Woman<\/p>\n<p style=\"text-align: justify;\"><strong>CATEGORIA &#8211; ENSINO M\u00c9DIO\/EJA:<\/strong><strong><em>\u00a0<\/em><\/strong><\/p>\n<p style=\"text-align: justify;\">10<strong>\u00ba &#8211; <\/strong>Isabela Ferraro Pereira &#8211; 3\u00ba S\u00e9rie EM &#8211; EE Profa. L\u00e9a Aparecida Vieira Guedes &#8211; Texto: A melodia da vida &#8211; Pseud\u00f4nimo: Isabela<em>\u00a0<\/em><\/p>\n<p style=\"text-align: justify;\">9\u00ba &#8211; J\u00falia de Moraes Santos &#8211; 1\u00ba S\u00e9rie EM &#8211; EE Eng. Isac Pereira Garcez &#8211; Texto: Poesias e suas nuances &#8211; Pseud\u00f4nimo: Amy Luce<em>\u00a0<\/em><\/p>\n<p style=\"text-align: justify;\">8\u00ba &#8211; Lu\u00eds Guilherme Perle &#8211; 1\u00ba S\u00e9rie &#8211; EE Prof. Salvador Ramos de Moura &#8211; Texto: A pandemia e a vida &#8211; Pseud\u00f4nimo: L.G. Perle<em>\u00a0<\/em><\/p>\n<p style=\"text-align: justify;\">7\u00ba &#8211; Julia Lalier Santana &#8211; 1\u00ba S\u00e9rie &#8211; EE 9 de Julho &#8211; Texto: Tempos de resili\u00eancia &#8211; Pseud\u00f4nimo: Flor do Caribe<em>\u00a0<\/em><\/p>\n<p style=\"text-align: justify;\">6\u00ba &#8211; Sabrina F\u00e9lix Torres &#8211; 3\u00ba S\u00e9rie &#8211; EE Jo\u00e3o Br\u00e1sio &#8211; Texto: Esperan\u00e7a &#8211; Pseud\u00f4nimo: F\u00eanix29<em>\u00a0<\/em><\/p>\n<p style=\"text-align: justify;\">5\u00ba &#8211; Ana Laura Charalli de Oliveira &#8211; 2\u00ba S\u00e9rie EM &#8211; EE 9 de Julho &#8211; Texto: Solitude &#8211; Pseud\u00f4nimo: Lilli<em>\u00a0<\/em><\/p>\n<p style=\"text-align: justify;\">4\u00ba &#8211; Sandy Aline Dantas Schneiker &#8211; 1\u00ba S\u00e9rie &#8211; EE Eng. Isac Pereira Garcez &#8211; Texto: \u00c1rdua moldagem &#8211; Pseud\u00f4nimo: Athena<\/p>\n<p style=\"text-align: justify;\">3\u00ba Lugar<\/p>\n<p style=\"text-align: justify;\">Ester Tieko Kato<\/p>\n<p style=\"text-align: justify;\">2\u00ba S\u00e9rie EM<\/p>\n<p style=\"text-align: justify;\">EE Alfredo Machado<\/p>\n<p style=\"text-align: justify;\">Texto: Vida<\/p>\n<p style=\"text-align: justify;\">Pseud\u00f4nimo: Tiek<\/p>\n<p style=\"text-align: justify;\">2\u00ba Lugar EM\/EJA<\/p>\n<p style=\"text-align: justify;\">Ana Vit\u00f3ria Rodrigues de Lima<\/p>\n<p style=\"text-align: justify;\">2\u00ba S\u00e9rie EM<\/p>\n<p style=\"text-align: justify;\">EE Benjamin Constant<\/p>\n<p style=\"text-align: justify;\">Texto: Pra n\u00e3o morrer de saudade<\/p>\n<p style=\"text-align: justify;\">Pseud\u00f4nimo: Maria da Rima Bonita<\/p>\n<p style=\"text-align: justify;\">1\u00ba Lugar EM\/EJA<\/p>\n<p style=\"text-align: justify;\">Aline Dias Batista<\/p>\n<p style=\"text-align: justify;\">2\u00ba S\u00e9rie EM<\/p>\n<p style=\"text-align: justify;\">EE 9 de Julho<\/p>\n<p style=\"text-align: justify;\">Texto: E o novo agora<\/p>\n<p style=\"text-align: justify;\">Pseud\u00f4nimo: Line<\/p>\n<p style=\"text-align: justify;\"><strong>CONVITE E LOCAL<\/strong>:<\/p>\n<p style=\"text-align: justify;\">Convidamos para a solenidade de Premia\u00e7\u00e3o do 2\u00ba Festival e Concurso Liter\u00e1rio da DER de Adamantina, que ser\u00e1 realizada no dia 17\/12\/2020 \u00e0s 09:00 da manh\u00e3, na EE Geraldo Pecorari, em Junqueir\u00f3polis.<\/p>\n","protected":false},"excerpt":{"rendered":"<p>P\u00daBLICO-ALVO: ALUNOS DA REDE ESTADUAL DE ENSINO DE SP TEMA: \u201cEM TEMPOS DE PANDEMIA, POESIAS QUE TRANSFORMAM\u201d\u00a0 No dia 11 de dezembro de 2020 a DER- Adamantina realizou o 2\u00ba Festival e Concurso Liter\u00e1rio, com apresenta\u00e7\u00f5es de trabalhos e poemas, produzidos por alunos das unidades escolares jurisdicionadas \u00e0 Diretoria de Ensino. Os textos foram elaborados [&hellip;]<\/p>\n","protected":false},"author":1,"featured_media":40396,"comment_status":"closed","ping_status":"open","sticky":false,"template":"","format":"standard","meta":{"footnotes":""},"categories":[110,122],"tags":[],"class_list":["post-40392","post","type-post","status-publish","format-standard","has-post-thumbnail","hentry","category-noticiasdestaque","category-saudeeducacaoeconcurso"],"_links":{"self":[{"href":"https:\/\/jorgezanoni.com.br\/2019\/wp-json\/wp\/v2\/posts\/40392","targetHints":{"allow":["GET"]}}],"collection":[{"href":"https:\/\/jorgezanoni.com.br\/2019\/wp-json\/wp\/v2\/posts"}],"about":[{"href":"https:\/\/jorgezanoni.com.br\/2019\/wp-json\/wp\/v2\/types\/post"}],"author":[{"embeddable":true,"href":"https:\/\/jorgezanoni.com.br\/2019\/wp-json\/wp\/v2\/users\/1"}],"replies":[{"embeddable":true,"href":"https:\/\/jorgezanoni.com.br\/2019\/wp-json\/wp\/v2\/comments?post=40392"}],"version-history":[{"count":0,"href":"https:\/\/jorgezanoni.com.br\/2019\/wp-json\/wp\/v2\/posts\/40392\/revisions"}],"wp:featuredmedia":[{"embeddable":true,"href":"https:\/\/jorgezanoni.com.br\/2019\/wp-json\/wp\/v2\/media\/40396"}],"wp:attachment":[{"href":"https:\/\/jorgezanoni.com.br\/2019\/wp-json\/wp\/v2\/media?parent=40392"}],"wp:term":[{"taxonomy":"category","embeddable":true,"href":"https:\/\/jorgezanoni.com.br\/2019\/wp-json\/wp\/v2\/categories?post=40392"},{"taxonomy":"post_tag","embeddable":true,"href":"https:\/\/jorgezanoni.com.br\/2019\/wp-json\/wp\/v2\/tags?post=40392"}],"curies":[{"name":"wp","href":"https:\/\/api.w.org\/{rel}","templated":true}]}}