{"id":40389,"date":"2020-12-16T21:22:13","date_gmt":"2020-12-16T21:22:13","guid":{"rendered":"https:\/\/jorgezanoni.com.br\/2019\/?p=40389"},"modified":"2020-12-16T21:22:13","modified_gmt":"2020-12-16T21:22:13","slug":"dracena-tempersul-e-adc-intelli-encerram-parceria","status":"publish","type":"post","link":"https:\/\/jorgezanoni.com.br\/2019\/dracena-tempersul-e-adc-intelli-encerram-parceria\/","title":{"rendered":"Dracena Tempersul e ADC Intelli encerram parceria"},"content":{"rendered":"<div dir=\"ltr\" style=\"text-align: justify;\">O Dracena Futsal Tempersul, representado por seu presidente Lucas Henrique Batista, e a ADC Intelli, representada por seu presidente Cid\u00e3o, decidiram pelo encerramento definitivo da parceria esportiva firmada para a temporada 2020 e que resultou na conquista do in\u00e9dito t\u00edtulo da Liga Paulista e disputa da Liga Nacional da modalidade.<\/p>\n<div style=\"text-align: justify;\">\nLucas Batista desejou sucesso \u00e0 ADC Intelli nas pr\u00f3ximas temporadas e agradeceu ao presidente Cid\u00e3o pela confian\u00e7a depositada no projeto do Dracena Tempersul. Por seu lado, Cid\u00e3o ressaltou o sucesso esportivo da uni\u00e3o e agradeceu a acolhida por parte da popula\u00e7\u00e3o de Dracena.<\/div>\n<div><\/div>\n<div>Assessoria de Imprensa<\/div>\n<div><\/div>\n<div>Imagem Arquivo<\/div>\n<\/div>\n","protected":false},"excerpt":{"rendered":"<p>O Dracena Futsal Tempersul, representado por seu presidente Lucas Henrique Batista, e a ADC Intelli, representada por seu presidente Cid\u00e3o, decidiram pelo encerramento definitivo da parceria esportiva firmada para a temporada 2020 e que resultou na conquista do in\u00e9dito t\u00edtulo da Liga Paulista e disputa da Liga Nacional da modalidade. Lucas Batista desejou sucesso \u00e0 [&hellip;]<\/p>\n","protected":false},"author":1,"featured_media":40390,"comment_status":"closed","ping_status":"open","sticky":false,"template":"","format":"standard","meta":{"footnotes":""},"categories":[111,110],"tags":[],"class_list":["post-40389","post","type-post","status-publish","format-standard","has-post-thumbnail","hentry","category-esporteecultura","category-noticiasdestaque"],"_links":{"self":[{"href":"https:\/\/jorgezanoni.com.br\/2019\/wp-json\/wp\/v2\/posts\/40389","targetHints":{"allow":["GET"]}}],"collection":[{"href":"https:\/\/jorgezanoni.com.br\/2019\/wp-json\/wp\/v2\/posts"}],"about":[{"href":"https:\/\/jorgezanoni.com.br\/2019\/wp-json\/wp\/v2\/types\/post"}],"author":[{"embeddable":true,"href":"https:\/\/jorgezanoni.com.br\/2019\/wp-json\/wp\/v2\/users\/1"}],"replies":[{"embeddable":true,"href":"https:\/\/jorgezanoni.com.br\/2019\/wp-json\/wp\/v2\/comments?post=40389"}],"version-history":[{"count":0,"href":"https:\/\/jorgezanoni.com.br\/2019\/wp-json\/wp\/v2\/posts\/40389\/revisions"}],"wp:featuredmedia":[{"embeddable":true,"href":"https:\/\/jorgezanoni.com.br\/2019\/wp-json\/wp\/v2\/media\/40390"}],"wp:attachment":[{"href":"https:\/\/jorgezanoni.com.br\/2019\/wp-json\/wp\/v2\/media?parent=40389"}],"wp:term":[{"taxonomy":"category","embeddable":true,"href":"https:\/\/jorgezanoni.com.br\/2019\/wp-json\/wp\/v2\/categories?post=40389"},{"taxonomy":"post_tag","embeddable":true,"href":"https:\/\/jorgezanoni.com.br\/2019\/wp-json\/wp\/v2\/tags?post=40389"}],"curies":[{"name":"wp","href":"https:\/\/api.w.org\/{rel}","templated":true}]}}