{"id":40386,"date":"2020-12-16T16:12:20","date_gmt":"2020-12-16T16:12:20","guid":{"rendered":"https:\/\/jorgezanoni.com.br\/2019\/?p=40386"},"modified":"2020-12-16T16:12:20","modified_gmt":"2020-12-16T16:12:20","slug":"alunos-do-anglo-cid-estudam-as-paralimpiadas-e-a-inclusao-social","status":"publish","type":"post","link":"https:\/\/jorgezanoni.com.br\/2019\/alunos-do-anglo-cid-estudam-as-paralimpiadas-e-a-inclusao-social\/","title":{"rendered":"Alunos do Anglo-CID estudam as Paralimp\u00edadas e a inclus\u00e3o social"},"content":{"rendered":"<p dir=\"ltr\" style=\"text-align: justify;\">A professora\u00a0 de Educa\u00e7\u00e3o F\u00edsica do Anglo-CID Aline Siqueira trabalhou, durante o m\u00eas de novembro e in\u00edcio de dezembro, as Paralimp\u00edadas com os alunos do 7\u00ba ano do ensino fundamental.<br \/>\nAline explicou que o principal objetivo da inclus\u00e3o social na\u00a0Paralimp\u00edada\u00a0\u00e9 a valoriza\u00e7\u00e3o dos esportistas com defici\u00eancia como atletas, destacando apenas sua atua\u00e7\u00e3o na competi\u00e7\u00e3o, independentemente de seu biotipo ou de sua defici\u00eancia. Essa inclus\u00e3o \u00e9 submetida a uma adequa\u00e7\u00e3o, para dar oportunidades de viv\u00eancias produtivas \u00e0s pessoas envolvidas. O profissional deve ser valorizado por suas potencialidades e pela contribui\u00e7\u00e3o que oferece para a sociedade.<br \/>\n&#8220;As pessoas com defici\u00eancias t\u00eam nas\u00a0Paralimp\u00edadas\u00a0uma oportunidade para elevar sua autoestima, direta ou indiretamente, al\u00e9m de provar para todos o seu valor como atleta e como cidad\u00e3o. Nossos alunos aprenderam sobre o esporte, mas, sobretudo, aprenderam sobre valores e autoestima&#8221;, ressaltou Aline Siqueira.<br \/>\nA diretora do Anglo-CID Eul\u00e1lia Pires Fava destacou que &#8220;o esporte \u00e9 uma atividade de extrema import\u00e2ncia para a melhoria da qualidade de vida do ser humano e as Paralimp\u00edadas v\u00eam ao encontro das necessidades dos atletas com defici\u00eancia, seja ela f\u00edsica ou intelectual. A inclus\u00e3o dessas pessoas nesse evento esportivo as auxilia bastante nos aspectos emocional e psicol\u00f3gico, inserindo-as em um contexto social satisfat\u00f3rio para o desenvolvimento de novas habilidades.&#8221;<br \/>\nO movimento paral\u00edmpico vem conquistando a aten\u00e7\u00e3o e o respeito de milh\u00f5es de pessoas em todo o mundo. Palavras como supera\u00e7\u00e3o, atitude, garra, for\u00e7a, esperan\u00e7a, confian\u00e7a, f\u00e9 e, principalmente, perseveran\u00e7a, fizeram com que os\u00a0Jogos Paral\u00edmpicos\u00a0se transformassem no\u00a0segundo maior evento esportivo do mundo.<span id=\"gmail-docs-internal-guid-b1107f29-7fff-7daf-3d6a-e617a78486d9\"><\/span><\/p>\n<div class=\"gmail_signature\" dir=\"ltr\">\n<div dir=\"ltr\" style=\"text-align: justify;\"><b>Carolina Colnago<br \/>\nAssistente de Comunica\u00e7\u00e3o\u00a0<\/b><br \/>\n<b>Funda\u00e7\u00e3o Dracenense de Educa\u00e7\u00e3o e Cultura<\/b><\/div>\n<\/div>\n","protected":false},"excerpt":{"rendered":"<p>A professora\u00a0 de Educa\u00e7\u00e3o F\u00edsica do Anglo-CID Aline Siqueira trabalhou, durante o m\u00eas de novembro e in\u00edcio de dezembro, as Paralimp\u00edadas com os alunos do 7\u00ba ano do ensino fundamental. Aline explicou que o principal objetivo da inclus\u00e3o social na\u00a0Paralimp\u00edada\u00a0\u00e9 a valoriza\u00e7\u00e3o dos esportistas com defici\u00eancia como atletas, destacando apenas sua atua\u00e7\u00e3o na competi\u00e7\u00e3o, independentemente [&hellip;]<\/p>\n","protected":false},"author":1,"featured_media":40387,"comment_status":"closed","ping_status":"open","sticky":false,"template":"","format":"standard","meta":{"footnotes":""},"categories":[122],"tags":[],"class_list":["post-40386","post","type-post","status-publish","format-standard","has-post-thumbnail","hentry","category-saudeeducacaoeconcurso"],"_links":{"self":[{"href":"https:\/\/jorgezanoni.com.br\/2019\/wp-json\/wp\/v2\/posts\/40386","targetHints":{"allow":["GET"]}}],"collection":[{"href":"https:\/\/jorgezanoni.com.br\/2019\/wp-json\/wp\/v2\/posts"}],"about":[{"href":"https:\/\/jorgezanoni.com.br\/2019\/wp-json\/wp\/v2\/types\/post"}],"author":[{"embeddable":true,"href":"https:\/\/jorgezanoni.com.br\/2019\/wp-json\/wp\/v2\/users\/1"}],"replies":[{"embeddable":true,"href":"https:\/\/jorgezanoni.com.br\/2019\/wp-json\/wp\/v2\/comments?post=40386"}],"version-history":[{"count":0,"href":"https:\/\/jorgezanoni.com.br\/2019\/wp-json\/wp\/v2\/posts\/40386\/revisions"}],"wp:featuredmedia":[{"embeddable":true,"href":"https:\/\/jorgezanoni.com.br\/2019\/wp-json\/wp\/v2\/media\/40387"}],"wp:attachment":[{"href":"https:\/\/jorgezanoni.com.br\/2019\/wp-json\/wp\/v2\/media?parent=40386"}],"wp:term":[{"taxonomy":"category","embeddable":true,"href":"https:\/\/jorgezanoni.com.br\/2019\/wp-json\/wp\/v2\/categories?post=40386"},{"taxonomy":"post_tag","embeddable":true,"href":"https:\/\/jorgezanoni.com.br\/2019\/wp-json\/wp\/v2\/tags?post=40386"}],"curies":[{"name":"wp","href":"https:\/\/api.w.org\/{rel}","templated":true}]}}