{"id":40383,"date":"2020-12-16T16:01:59","date_gmt":"2020-12-16T16:01:59","guid":{"rendered":"https:\/\/jorgezanoni.com.br\/2019\/?p=40383"},"modified":"2020-12-16T16:01:59","modified_gmt":"2020-12-16T16:01:59","slug":"ex-aluna-de-enfermagem-da-unifadra-ministra-webpalestra-sobre-covid-19-para-alunos","status":"publish","type":"post","link":"https:\/\/jorgezanoni.com.br\/2019\/ex-aluna-de-enfermagem-da-unifadra-ministra-webpalestra-sobre-covid-19-para-alunos\/","title":{"rendered":"Ex-aluna de Enfermagem da Unifadra ministra webpalestra sobre Covid-19 para alunos"},"content":{"rendered":"<p dir=\"ltr\" style=\"text-align: justify;\">Os estudantes do 8\u00ba termo de Enfermagem da Faculdade Unifadra\/Fundec de Dracena, da disciplina de Est\u00e1gio Supervisionado Hospitalar, modalidade Internato, participaram, no dia 10 de dezembro, de uma webpalestra ministrada pela ex-aluna do curso de Enfermagem B\u00e1rbara Bernardo Tonasse.<\/p>\n<p dir=\"ltr\" style=\"text-align: justify;\">A atividade buscou apresentar aos estudantes o rastreamento e o monitoramento dos casos positivos de Covid-19 e de seus contatos, no combate ao coronav\u00edrus, realizados no munic\u00edpio de Tupi Paulista (SP) e assim aprimorar o saber dos acad\u00eamicos, na atua\u00e7\u00e3o em situa\u00e7\u00e3o de pandemia. A organiza\u00e7\u00e3o do evento foi feita pela docente Angela Vilella, supervisora do internato hospitalar.<\/p>\n<p dir=\"ltr\" style=\"text-align: justify;\">A coordenadora do curso de Enfermagem da Unifadra Profa. Dra. Lilian Pan\u00edcio destacou que o evento contribuiu para a evolu\u00e7\u00e3o do conhecimento dos estudantes, visto que foram inseridos na viv\u00eancia do trabalho da enfermeira que foi formada em nossa institui\u00e7\u00e3o.<\/p>\n<p dir=\"ltr\" style=\"text-align: justify;\">O diretor acad\u00eamico da Unifadra Prof. Dr. Enio Garbelini parabeniza a ex-aluna B\u00e1rbara pelo desenvolvimento desse trabalho, que \u00e9 de grande import\u00e2ncia, principalmente pelo momento que estamos vivenciando com a pandemia.<\/p>\n<div class=\"gmail_signature\" dir=\"ltr\">\n<div dir=\"ltr\" style=\"text-align: justify;\"><b>Carolina Colnago<br \/>\nAssistente de Comunica\u00e7\u00e3o\u00a0<\/b><br \/>\n<b>Funda\u00e7\u00e3o Dracenense de Educa\u00e7\u00e3o e Cultura<\/b><\/div>\n<\/div>\n","protected":false},"excerpt":{"rendered":"<p>Os estudantes do 8\u00ba termo de Enfermagem da Faculdade Unifadra\/Fundec de Dracena, da disciplina de Est\u00e1gio Supervisionado Hospitalar, modalidade Internato, participaram, no dia 10 de dezembro, de uma webpalestra ministrada pela ex-aluna do curso de Enfermagem B\u00e1rbara Bernardo Tonasse. A atividade buscou apresentar aos estudantes o rastreamento e o monitoramento dos casos positivos de Covid-19 [&hellip;]<\/p>\n","protected":false},"author":1,"featured_media":40384,"comment_status":"closed","ping_status":"open","sticky":false,"template":"","format":"standard","meta":{"footnotes":""},"categories":[122],"tags":[],"class_list":["post-40383","post","type-post","status-publish","format-standard","has-post-thumbnail","hentry","category-saudeeducacaoeconcurso"],"_links":{"self":[{"href":"https:\/\/jorgezanoni.com.br\/2019\/wp-json\/wp\/v2\/posts\/40383","targetHints":{"allow":["GET"]}}],"collection":[{"href":"https:\/\/jorgezanoni.com.br\/2019\/wp-json\/wp\/v2\/posts"}],"about":[{"href":"https:\/\/jorgezanoni.com.br\/2019\/wp-json\/wp\/v2\/types\/post"}],"author":[{"embeddable":true,"href":"https:\/\/jorgezanoni.com.br\/2019\/wp-json\/wp\/v2\/users\/1"}],"replies":[{"embeddable":true,"href":"https:\/\/jorgezanoni.com.br\/2019\/wp-json\/wp\/v2\/comments?post=40383"}],"version-history":[{"count":0,"href":"https:\/\/jorgezanoni.com.br\/2019\/wp-json\/wp\/v2\/posts\/40383\/revisions"}],"wp:featuredmedia":[{"embeddable":true,"href":"https:\/\/jorgezanoni.com.br\/2019\/wp-json\/wp\/v2\/media\/40384"}],"wp:attachment":[{"href":"https:\/\/jorgezanoni.com.br\/2019\/wp-json\/wp\/v2\/media?parent=40383"}],"wp:term":[{"taxonomy":"category","embeddable":true,"href":"https:\/\/jorgezanoni.com.br\/2019\/wp-json\/wp\/v2\/categories?post=40383"},{"taxonomy":"post_tag","embeddable":true,"href":"https:\/\/jorgezanoni.com.br\/2019\/wp-json\/wp\/v2\/tags?post=40383"}],"curies":[{"name":"wp","href":"https:\/\/api.w.org\/{rel}","templated":true}]}}