{"id":40353,"date":"2020-12-16T02:35:28","date_gmt":"2020-12-16T02:35:28","guid":{"rendered":"https:\/\/jorgezanoni.com.br\/2019\/?p=40353"},"modified":"2020-12-16T02:35:28","modified_gmt":"2020-12-16T02:35:28","slug":"liminar-e-concedida-e-motoristas-que-foram-autuados-no-radar-do-km-646-da-sp-294-tem-suspensao-da-cobranca-de-multas","status":"publish","type":"post","link":"https:\/\/jorgezanoni.com.br\/2019\/liminar-e-concedida-e-motoristas-que-foram-autuados-no-radar-do-km-646-da-sp-294-tem-suspensao-da-cobranca-de-multas\/","title":{"rendered":"Liminar \u00e9 concedida e motoristas que foram autuados no Radar do Km 646 da SP-294. tem suspens\u00e3o da cobran\u00e7a de multas"},"content":{"rendered":"<p style=\"text-align: justify;\">Por volta de 18:00 Horas desta ter\u00e7a-feira (15) o Minist\u00e9rio P\u00fablico teve a Liminar deferida em favor dos condutores, que est\u00e3o livres das in\u00fameras multas, bem como dos pontos na CNH. que haviam recebidos no Radar da Rodovia Comandante Jo\u00e3o Ribeiro de Barros, SP-294 no munic\u00edpio de Dracena.<\/p>\n<p style=\"text-align: justify;\">Leia na \u00edntegra a decis\u00e3o, sendo que as partes que definem est\u00e3o <strong>GRIFADAS EM NEGRITO.<\/strong><\/p>\n<p style=\"text-align: justify;\">TRIBUNAL DE JUSTI\u00c7A DO ESTADO DE S\u00c3O PAULO<br \/>\nCOMARCA DE DRACENA<br \/>\nFORO DE DRACENA<br \/>\n2\u00aa VARA<br \/>\nRua Bolivia, 137, ., Jd. Am\u00e9rica &#8211; CEP 17900-000, Fone: (18) 3822-1156,<br \/>\nDracena-SP &#8211; E-mail: dracena2@tjsp.jus.br<br \/>\nHor\u00e1rio de Atendimento ao P\u00fablico: das 12h30min \u00e0s19h00min<br \/>\nATO ORDINAT\u00d3RIO<br \/>\nProcesso Digital n\u00b0: 1004021-85.2020.8.26.0168<br \/>\nClasse Assunto: A\u00e7\u00e3o Civil P\u00fablica C\u00edvel &#8211; Transporte Terrestre<br \/>\nRequerente: Minist\u00e9rio P\u00fablico do Estado de S\u00e3o Paulo<br \/>\nRequerido: DEPARTAMENTO DE ESTRADAS E RODAGEM &#8211; DER e outro<br \/>\nCERTID\u00c3O ATO ORDINAT\u00d3RIO<br \/>\nCertifico e dou f\u00e9 que, o ato abaixo foi encaminhado ao portal<br \/>\neletr\u00f4nico para cita\u00e7\u00e3o da Fazenda Publica Estadual\/Autarquia Estadual. &#8220;VISTOS. Trata-se de A\u00e7\u00e3o Civil P\u00fablica com Pedido de Tutela de Urg\u00eancia que o<br \/>\nMINIST\u00c9RIO P\u00daBLICO DO ESTADO DE S\u00c3O PAULO move em face do<br \/>\nDEPARTAMENTO DE ESTRADAS E RODAGEM DO ESTADO DE S\u00c3O PAULO<br \/>\nDER e do DEPARTAMENTO ESTADUAL DE TR\u00c2NSITO &#8211; DETRAN, alegando<br \/>\nque recebeu da Delegacia Seccional de Dracena, atrav\u00e9s do of\u00edcio 46\/2020, c\u00f3pia dos<br \/>\nRDO&#8217;s 2321\/2020 e 2322\/2020, noticiando a reclama\u00e7\u00e3o de usu\u00e1rios da Rodovia SP<br \/>\n294 (Comandante Jo\u00e3o Ribeiro de Barros) direcionada \u00e0 poss\u00edveis irregularidades na<br \/>\ninstala\u00e7\u00e3o de novos medidores fixos de velocidade, especificamente no km 646<br \/>\n(radares DER n\u00ba 17013 e 17014). Aduz ainda, haver recebido tamb\u00e9m, expediente<br \/>\noriundo do site www.change.or\/pt-BR, em que milhares de usu\u00e1rios da mesma<br \/>\nrodovia noticiam ter recebido notifica\u00e7\u00f5es de imposi\u00e7\u00e3o de penalidades, por ocasi\u00e3o<br \/>\ndo in\u00edcio de opera\u00e7\u00e3o dos radares DER n\u00ba 17013 e 17014, requerendo tomada de<br \/>\nprovid\u00eancias voltadas \u00e0 nulidade dos autos de infra\u00e7\u00e3o. Foi instaurado Inqu\u00e9rito<br \/>\nCivil n\u00ba 14.0253.0001121\/2020-6, para apura\u00e7\u00e3o de eventuais irregularidades e\/ou<br \/>\ndesvio de finalidade na instala\u00e7\u00e3o dos medidores de velocidade fixo pelo requerido.<br \/>\nCom efeito, ap\u00f3s encerradas as dilig\u00eancias necess\u00e1rias, concluiu-se pela necessidade<br \/>\ndo ajuizamento da presente A\u00e7\u00e3o Civil P\u00fablica, objetivando a anula\u00e7\u00e3o de atos<br \/>\nadministrativos ilegais, praticados com ofensa \u00e0 legisla\u00e7\u00e3o aplic\u00e1vel, aos princ\u00edpios da<br \/>\nboa-f\u00e9 objetiva, da razoabilidade e da proporcionalidades e com desvio de finalidade<br \/>\nque causaram les\u00e3o e direitos individuais homog\u00eaneos. No caso concreto, foram<br \/>\ninstalados em setembro de 2019 os mencionados equipamentos objeto da lide.<br \/>\nConforme consta nos elementos de prova acostados \u00e0 inicial (vide fls. 106\/113 e<br \/>\n252\/260), tais equipamentos tinham como finalidade a realiza\u00e7\u00e3o de pesquisa de fluxo<br \/>\nde tr\u00e1fego. Note-se que a pr\u00f3pria administra\u00e7\u00e3o afixou nos mencionados<br \/>\nequipamentos banners com os dizeres: &#8220;pesquisa de tr\u00e1fego&#8221; (fls. 34 e 110). Ali\u00e1s,<br \/>\ndiga-se por oportuno, a presen\u00e7a dos mencionados banners era fato not\u00f3rio,<br \/>\npresenciado por este Magistrado nas in\u00fameras vezes que trafegou no local. No mesmo<br \/>\nsentido, os depoimentos de testemunhas em fase administrativa (fls. 106\/113). Tal<br \/>\nsitua\u00e7\u00e3o de pesquisa de tr\u00e1fego se coadunava com o fato de que a Rodovia<br \/>\nComandante Jo\u00e3o Ribeiro de Barros SP 294 estava em licita\u00e7\u00e3o para a concess\u00e3o \u00e0<br \/>\niniciativa privada (PIPA Piracicaba\/Panorama), no bojo da Concorr\u00eancia<br \/>\nInternacional 01\/2019 (fls. 276 e seguintes). Ora, para a composi\u00e7\u00e3o da equa\u00e7\u00e3o<br \/>\necon\u00f4mico -financeira e a estipula\u00e7\u00e3o da tarifa do ped\u00e1gio, \u00e9 necess\u00e1rio ter uma<br \/>\nm\u00e9dia de fluxo de ve\u00edculos que circulam no trecho. Assim, a presen\u00e7a de<br \/>\nequipamentos para a pesquisa do fluxo de tr\u00e1fego era razo\u00e1vel. E mais, a poucos<br \/>\nEste documento \u00e9 c\u00f3pia do original, assinado digitalmente por EDUARDO VIRIATO ESTEVES, liberado nos autos em 15\/12\/2020 \u00e0s 18:00 .<br \/>\nPara conferir o original, acesse o site https:\/\/esaj.tjsp.jus.br\/pastadigital\/pg\/abrirConferenciaDocumento.do, informe o processo 1004021-85.2020.8.26.0168 e c\u00f3digo 618E29D.<br \/>\nfls. 1080<br \/>\nTRIBUNAL DE JUSTI\u00c7A DO ESTADO DE S\u00c3O PAULO<br \/>\nCOMARCA DE DRACENA<br \/>\nFORO DE DRACENA<br \/>\n2\u00aa VARA<br \/>\nRua Bolivia, 137, ., Jd. Am\u00e9rica &#8211; CEP 17900-000, Fone: (18) 3822-1156,<br \/>\nDracena-SP &#8211; E-mail: dracena2@tjsp.jus.br<br \/>\nHor\u00e1rio de Atendimento ao P\u00fablico: das 12h30min \u00e0s19h00min<br \/>\nmetros desses dois noveis equipamentos objeto da lide, j\u00e1 estavam em funcionamento<br \/>\n02 (dois) outros radares fixos de velocidade h\u00e1 consider\u00e1vel lapso temporal. Como se<br \/>\nnota no croqui \u00e0s fls. 34 e 481, a dist\u00e2ncia entre o novo equipamento para o antigo \u00e9<br \/>\nde 500m (quinhentos metros) no sentido Junqueir\u00f3polis-Dracena e, 700m (setecentos<br \/>\nmetros), no sentido Dracena-Junqueir\u00f3polis. Segundo a administra\u00e7\u00e3o, tais radares<br \/>\nforam desligados em maio de 2020, devido ao encerramento dos respectivos<br \/>\ncontratos, que n\u00e3o foram relicitados no mesmo local pela administra\u00e7\u00e3o. Vale dizer<br \/>\nque o limite de velocidade m\u00e1xima na maior parte da rodovia \u00e9 de 100km\/h, ao passo<br \/>\nque o limite de velocidade para os novos equipamentos \u00e9 de 60km\/h. Logo ap\u00f3s a<br \/>\ninstala\u00e7\u00e3o dos radares, registrou-se a ocorr\u00eancia m\u00e9dia di\u00e1ria de cerca de 1.300<br \/>\ninfra\u00e7\u00f5es de tr\u00e2nsito por excesso de velocidade, o que totalizou mais de 12 mil multas<br \/>\nem pouco mais de 10 (dez) dias de opera\u00e7\u00e3o (fls. 1.061). O n\u00famero de multas se<br \/>\nmostra vultoso considerando que o fluxo veicular di\u00e1rio \u00e9 de 4.300 (fl. 506). Desse<br \/>\nmodo, conclui-se que o radar multou 1\/4 dos motoristas que trafegaram no local<br \/>\nnesses dias. Vale dizer que essa utiliza\u00e7\u00e3o dos equipamentos para pesquisa de tr\u00e1fego<br \/>\nfoi reafirmada pela pr\u00f3pria administra\u00e7\u00e3o em diversas reportagens veiculadas na<br \/>\nimprensa regional (fls. 252\/260), sendo que a \u00faltima delas datada de 24\/09\/2020. A<br \/>\npr\u00f3pria administra\u00e7\u00e3o em tais reportagens disse que caso os mencionados<br \/>\nequipamentos fossem ser utilizados para a fiscaliza\u00e7\u00e3o fixa de velocidade, seria dada<br \/>\nampla publicidade na imprensa regional. Pois bem. Desde setembro de 2019 at\u00e9<br \/>\n12\/10\/2020 tais equipamentos tinham como \u00fanica finalidade a pesquisa de tr\u00e1fego.<br \/>\nEntretanto, em 09\/10\/2020 fora publicada unicamente no DO a homologa\u00e7\u00e3o dos<br \/>\nequipamentos como radares fixos de velocidade, tendo in\u00edcio a sua opera\u00e7\u00e3o em<br \/>\n13\/12\/2020, logo ap\u00f3s o feriado de Nossa Senhora Aparecida. Assim, requereu o<br \/>\nDouto Minist\u00e9rio P\u00fablico a liminar a fim de o requerido DER, suspenda<br \/>\nimediatamente a fun\u00e7\u00e3o de fiscaliza\u00e7\u00e3o de velocidade dos radares DER n\u00bas 17013 e<br \/>\n17014, bem como suspenda os efeitos de todas as multas por excesso de velocidade j\u00e1<br \/>\nlavradas desde o in\u00edcio de opera\u00e7\u00f5es at\u00e9 a data do efetivo desligamento dos aparelhos,<br \/>\nsob pena de crime de desobedi\u00eancia e multa di\u00e1ria e ainda, para que o requerido<br \/>\nDETRAN, suspenda os efeitos das autua\u00e7\u00f5es e os respectivos pontos eventualmente j\u00e1<br \/>\nlan\u00e7ados no cadastro das CNHs dos lesados, bem como abster-se de efetuar<br \/>\nlan\u00e7amentos futuros. \u00c9 o relat\u00f3rio. Fundamento e decido em car\u00e1ter liminar. A<br \/>\npossibilidade de concess\u00e3o de tutela de urg\u00eancia e evid\u00eancia encontra espeque nos art.<br \/>\n5\u00ba, XXXV, LIV (referentes ao acesso \u00e0 justi\u00e7a), LXXVIII (razo\u00e1vel dura\u00e7\u00e3o do<br \/>\nprocesso), todos da Constitui\u00e7\u00e3o Federal; art. 12, \u00a72\u00ba da Lei 7.347\/85; art. 84, \u00a73\u00ba e 4\u00ba<br \/>\nda Lei 8.078\/90, bem como no pr\u00f3prio C\u00f3digo de Processo Civil nos arts. 300 e<br \/>\nseguintes. A presente tutela visa assegurar o resultado pr\u00e1tico perquirido pela parte<br \/>\nautora, qual seja: a anula\u00e7\u00e3o das atua\u00e7\u00f5es e seus respectivos efeitos (imposi\u00e7\u00e3o de<br \/>\npontua\u00e7\u00e3o na CNH) realizadas pelos radares DER n\u00ba 17013 e 17014 por excesso de<br \/>\nvelocidade. \u00c9 manifesto o perigo na demora na presente, diante do concreto risco de<br \/>\ndano de dif\u00edcil repara\u00e7\u00e3o se a medida de fundo for acolhida s\u00f3 ao final do deslinde do<br \/>\nprocesso, considerando tamb\u00e9m o decurso de tempo a se superar at\u00e9 o encerramento<br \/>\ndefinitivo do processo. A manuten\u00e7\u00e3o da imposi\u00e7\u00e3o das autua\u00e7\u00f5es e a consequente<br \/>\nimposi\u00e7\u00e3o de pontua\u00e7\u00e3o na CNH at\u00e9 o deslinde do feito em rela\u00e7\u00e3o \u00e0 milhares de<br \/>\ncondutores poder\u00e1 acarretar grave e irrepar\u00e1vel dano para os que sofreram tais<br \/>\nsan\u00e7\u00f5es. N\u00e3o somente pelo aspecto econ\u00f4mico das multas, que podem gerar<br \/>\ndificuldades financeiras a tais condutores, mas tamb\u00e9m, inclusive, por impedirem o<br \/>\nlicencimento anual e expedi\u00e7\u00e3o do CRLV dos ve\u00edculos. Assim, mesmo sob j\u00fadice, tais<br \/>\nEste documento \u00e9 c\u00f3pia do original, assinado digitalmente por EDUARDO VIRIATO ESTEVES, liberado nos autos em 15\/12\/2020 \u00e0s 18:00 .<br \/>\nPara conferir o original, acesse o site https:\/\/esaj.tjsp.jus.br\/pastadigital\/pg\/abrirConferenciaDocumento.do, informe o processo 1004021-85.2020.8.26.0168 e c\u00f3digo 618E29D.<br \/>\nfls. 1081<br \/>\nTRIBUNAL DE JUSTI\u00c7A DO ESTADO DE S\u00c3O PAULO<br \/>\nCOMARCA DE DRACENA<br \/>\nFORO DE DRACENA<br \/>\n2\u00aa VARA<br \/>\nRua Bolivia, 137, ., Jd. Am\u00e9rica &#8211; CEP 17900-000, Fone: (18) 3822-1156,<br \/>\nDracena-SP &#8211; E-mail: dracena2@tjsp.jus.br<br \/>\nHor\u00e1rio de Atendimento ao P\u00fablico: das 12h30min \u00e0s19h00min<br \/>\nautua\u00e7\u00f5es poderiam impossibilitar a livre circula\u00e7\u00e3o dos ve\u00edculos autuados, se tais<br \/>\nd\u00e9bitos n\u00e3o forem arcados no in\u00edcio do pr\u00f3ximo exerc\u00edcio fiscal que se avizinha.<br \/>\nAdemais, h\u00e1 risco na demora ante possibilidade de suspens\u00e3o\/cassa\u00e7\u00e3o do direito de<br \/>\ndirigir dos autuados. Tais consequ\u00eancias s\u00e3o graves, gerando diversos percal\u00e7os aos<br \/>\ncondutores. E mais, podem acarretar at\u00e9 mesmo na demiss\u00e3o de motoristas<br \/>\nprofissionais, mesmo estando a quest\u00e3o pendente de julgamento, deixando-os \u00e0<br \/>\nm\u00edngua em plena crise sanit\u00e1ria e socioecon\u00f4mica. E mais, considerando os ex\u00edguos<br \/>\nprazos recursais administrativos relativos \u00e0s autua\u00e7\u00f5es de tr\u00e2nsito, a espera do<br \/>\ntr\u00e2nsito em julgado da presente poderia gerar efeitos concretos nulos, eis que boa<br \/>\nparte dos condutores j\u00e1 teriam suportado os efeitos materiais da multa pecuni\u00e1ria,<br \/>\nbem como a eventual suspens\u00e3o\/cassa\u00e7\u00e3o da CNH, tornando o resultado \u00fatil do<br \/>\nprocesso in\u00f3cuo. Assim, conclui-se que preenchido requisito do perigo de dano. Em<br \/>\nacr\u00e9scimo, tamb\u00e9m verifico preenchido o requisito quanto \u00e0 probabilidade do direito<br \/>\naduzido pelo Minist\u00e9rio P\u00fablico. Sen\u00e3o vejamos. 1) DA NULIDADE DO ESTUDO<br \/>\nT\u00c9CNICO E DO ATO QUE HOMOLOGOU OS EQUIPAMENTOS MEDIDORES<br \/>\nDE VELOCIDADE DER n\u00ba 17013 e 17014 AUS\u00caNCIA DE PUBLICIDADE E ART \u00c0<br \/>\n\u00e9poca da realiza\u00e7\u00e3o do procedimento administrativo de instala\u00e7\u00e3o e homologa\u00e7\u00e3o dos<br \/>\nmencionados equipamentos medidores de velocidade estava em vigor a Res.<br \/>\nCONTRAN 396\/2011. A mencionada Resolu\u00e7\u00e3o disciplina a instala\u00e7\u00e3o e in\u00edcio de<br \/>\nopera\u00e7\u00e3o de equipamentos eletr\u00f4nicos para o controle de velocidade. O art. 4\u00ba, \u00a72\u00ba da<br \/>\nmencionada Resolu\u00e7\u00e3o estipula que \u00e9 necess\u00e1rio pr\u00e9vio estudo t\u00e9cnico que comprove<br \/>\na necessidade de controle ou redu\u00e7\u00e3o do limite de velocidade no local, constando, no<br \/>\nm\u00ednimo, as vari\u00e1veis do Anexo I, item &#8220;A&#8221;, in verbis: Res. CONTRAN 396\/2011 Art.<br \/>\n4\u00ba (&#8230;) \u00a7 2\u00ba Para determinar a necessidade da instala\u00e7\u00e3o de medidor de velocidade do<br \/>\ntipo fixo, deve ser realizado estudo t\u00e9cnico que contemple, no m\u00ednimo, as vari\u00e1veis do<br \/>\nmodelo constante no item A do Anexo I, que venham a comprovar a necessidade de<br \/>\ncontrole ou redu\u00e7\u00e3o do limite de velocidade no local, garantindo a visibilidade do<br \/>\nequipamento. O mencionado estudo consta \u00e0s fls. 953\/958 dos autos, possuindo v\u00edcios<br \/>\ninsan\u00e1veis. De in\u00edcio, em an\u00e1lise prelibat\u00f3ria, verifica-se que o mencionado estudo<br \/>\nn\u00e3o fora publicado previamente ao processo administrativo que ensejou a instala\u00e7\u00e3o<br \/>\ndos radares fixos objeto dos autos, ao arrepio da norma de reg\u00eancia. Ora, a n\u00e3o<br \/>\npublica\u00e7\u00e3o pr\u00e9via do mencionado estudo vulnera o princ\u00edpio constitucional da<br \/>\npublicidade, que todo ato da administra\u00e7\u00e3o deve observar (art. 5\u00ba, LXXII c\/c 37, \u00a73\u00ba,<br \/>\nII da CF\/88). Isto porque, a publicidade dos atos da administra\u00e7\u00e3o possibilita aos<br \/>\nadministrados o controle da legitimidade e conduta dos agentes administrativos. S\u00f3<br \/>\ncom a transpar\u00eancia \u00e9 que poder\u00e3o os indiv\u00edduos aquilatar a legalidade ou n\u00e3o dos<br \/>\natos e o grau de efici\u00eancia que se revestem. E \u00e9 justamente para possibilitar o controle<br \/>\npelos administrados dos atos da administra\u00e7\u00e3o na presente seara \u00e9 que a Res.<br \/>\nCONTRAN 396\/2011 determinou a realiza\u00e7\u00e3o de estudos pr\u00e9vios. A pr\u00e1tica social \u00e9<br \/>\nprenhe de exemplos de utiliza\u00e7\u00e3o abusiva de medidores de velocidade, em n\u00edtido<br \/>\ncar\u00e1ter arrecadat\u00f3rio ou calcado em outro fundamento em desvio de finalidade, sem<br \/>\npreocupa\u00e7\u00e3o efetiva com a seguran\u00e7a vi\u00e1ria. Por essa raz\u00e3o, estipulou-se a<br \/>\nnecessidade de estudos t\u00e9cnicos pr\u00e9vios \u00e0 instala\u00e7\u00e3o desses medidores. Assim, a n\u00e3o<br \/>\npublicidade pr\u00e9via de tais estudos vulnera n\u00e3o somente o princ\u00edpio constitucional da<br \/>\npublicidade, mas tamb\u00e9m, a pr\u00f3pria raz\u00e3o de existir do requisito presente na norma<br \/>\ninfralegal em comento, que \u00e9 a possibilidade de controle social desse ato. Analisando<br \/>\nem car\u00e1ter liminar os elementos constantes no autos, verifico que o estudo em<br \/>\ncomento somente veio \u00e0 l\u00famen ap\u00f3s a requisi\u00e7\u00e3o efetuada pelo Minist\u00e9rio P\u00fablico no<br \/>\nEste documento \u00e9 c\u00f3pia do original, assinado digitalmente por EDUARDO VIRIATO ESTEVES, liberado nos autos em 15\/12\/2020 \u00e0s 18:00 .<br \/>\nPara conferir o original, acesse o site https:\/\/esaj.tjsp.jus.br\/pastadigital\/pg\/abrirConferenciaDocumento.do, informe o processo 1004021-85.2020.8.26.0168 e c\u00f3digo 618E29D.<br \/>\nfls. 1082<br \/>\nTRIBUNAL DE JUSTI\u00c7A DO ESTADO DE S\u00c3O PAULO<br \/>\nCOMARCA DE DRACENA<br \/>\nFORO DE DRACENA<br \/>\n2\u00aa VARA<br \/>\nRua Bolivia, 137, ., Jd. Am\u00e9rica &#8211; CEP 17900-000, Fone: (18) 3822-1156,<br \/>\nDracena-SP &#8211; E-mail: dracena2@tjsp.jus.br<br \/>\nHor\u00e1rio de Atendimento ao P\u00fablico: das 12h30min \u00e0s19h00min<br \/>\nbojo do inqu\u00e9rito civil. Desse modo, tal ato \u00e9 nulo de pleno direito ante a aus\u00eancia de<br \/>\npublicidade, inquinando de nulidade por arrastamento todos os atos subsequentes<br \/>\nque encontrem fundamento de validade nele. Logo, por arrastamento, s\u00e3o nulas todas<br \/>\nas autua\u00e7\u00f5es realizadas pelos equipamentos em comento. Cabe frisar que n\u00e3o h\u00e1<br \/>\nsequer como se apurar a idoneidade da suposta data em que o mencionado estudo<br \/>\nfora realizado, eis que ausente qualquer indicativo de publicidade. E mais, conforme<br \/>\nmencionou o douto Parquet, o mencionado laudo t\u00e9cnico \u00e9 servi\u00e7o de engenharia<br \/>\nprivativo de profissionais fiscalizados pelo CREA, nos termos do art. 7\u00ba da Lei n\u00ba<br \/>\n5.194\/1966 e Res. N\u00ba 218\/1973. Assim sendo, est\u00e1 sujeito \u00e0 Anota\u00e7\u00e3o de<br \/>\nResponsabilidade T\u00e9cnica (ART), conforme disp\u00f5e a Lei n\u00ba 6.496\/1977. Anote-se que<br \/>\no exerc\u00edcio de cargo ou fun\u00e7\u00e3o profissional de quadro t\u00e9cnico de pessoa jur\u00eddica n\u00e3o<br \/>\nexime o registro de ART de presta\u00e7\u00e3o de servi\u00e7o, na forma prevista nos arts. 9\u00ba e 44<br \/>\nda Res. N\u00ba 1.025 do CONFEA. E conforme pesquisa de fls. 29\/30, o subscritor do<br \/>\nlaudo n\u00e3o possui qualquer registro de ART em rela\u00e7\u00e3o ao presente laudo. Para al\u00e9m<br \/>\nda irregularidade profissional, a aus\u00eancia do ART milita em trazer s\u00e9rias d\u00favidas<br \/>\nquanto \u00e0 real data de realiza\u00e7\u00e3o do estudo e at\u00e9 mesmo acerca da veracidade das<br \/>\ninforma\u00e7\u00f5es constantes nele. Veja-se que a n\u00e3o publica\u00e7\u00e3o na imprensa oficial e o n\u00e3o<br \/>\nregistro da ART do estudo t\u00e9cnico abre margem para a realiza\u00e7\u00e3o de estudos t\u00e9cnicos<br \/>\ncom data reatroativa. Assim, mais um fundamento pela nulidade absoluta do estudo<br \/>\nt\u00e9cnico. 2) DA TEORIA DOS MOTIVOS DETERMINANTES E O ESTUDO<br \/>\nT\u00c9CNICO A Teoria dos motivos determinantes \u00e9 calcada no princ\u00edpio de que o<br \/>\nmotivo do ato administrativo deve sempre guardar compatibilidade com a situa\u00e7\u00e3o<br \/>\nde fato que gerou a manifesta\u00e7\u00e3o de vontade. Tal Teoria serve n\u00e3o apenas para o<br \/>\ncontrole de legalidade dos atos administrativos vinculados. Mas tamb\u00e9m permite o<br \/>\ncontrole do judici\u00e1rio at\u00e9 mesmo sobre atos discricion\u00e1rios, exatamente porque s\u00e3o<br \/>\neles que conferem ao agente maior liberdade na aferi\u00e7\u00e3o da conveni\u00eancia e<br \/>\noportunidade em cotejo com a situa\u00e7\u00e3o f\u00e1tica concreta. Vale dizer que a<br \/>\njurisprud\u00eancia do Superior Tribunal de Justi\u00e7a \u00e9 pac\u00edfica acerca da incid\u00eancia da<br \/>\nmencionada teoria para o controle de atos administrativos discricion\u00e1rios, conforme<br \/>\nindica o leading case MS 9.944-DF, 1\u00aa Se\u00e7\u00e3o. Rel. Min. Teori Zavascki. Pois bem,<br \/>\nanalisando, preliminarmente, o estudo t\u00e9cnico acostado aos autos (fls. 506 e segs. \/<br \/>\n953 e segs.), verifico diversas incongru\u00eancias que tornam o mencionado estudo<br \/>\ninv\u00e1lido. De in\u00edcio, as fotos do local e imagens de sat\u00e9lites denotam que os radares<br \/>\nest\u00e3o situados em \u00e1rea rural, em que pese o local ser pr\u00f3ximo a \u00e1rea urbana de<br \/>\nDracena (fls. 13\/14). Portanto, n\u00e3o h\u00e1 fluxo de pedestres e ciclistas no local. At\u00e9<br \/>\nmesmo, como demonstram as imagens, n\u00e3o h\u00e1 nenhum com\u00e9rcio, industria ou<br \/>\nresid\u00eancia instalada ao largo de onde os novos equipamentos foram instalados, nos<br \/>\ndois sentidos. Desse modo, a justificativa apresentada pela administra\u00e7\u00e3o para a<br \/>\ncoloca\u00e7\u00e3o do radar n\u00e3o encontra subs\u00eddio f\u00e1tico. Como a \u00e1rea onde se encontram os<br \/>\nradares \u00e9 rural, e n\u00e3o h\u00e1 nenhum com\u00e9rcio, ind\u00fastria ou resid\u00eancia instalada na \u00e1rea<br \/>\nlindeira, n\u00e3o h\u00e1 fluxo de pedestres ou ciclistas trafegando no local. O loteamento que<br \/>\naparece nas imagens de sat\u00e9lite est\u00e1 em fase de implementa\u00e7\u00e3o, sem constru\u00e7\u00f5es. E<br \/>\nmais, ser\u00e1 separado da rodovia por via marginal local, n\u00e3o havendo acesso direto \u00e0<br \/>\nrodovia em quest\u00e3o no local. Ademais, coforme bem salientou o MP, mediante<br \/>\ninforma\u00e7\u00f5es da Policia Rodovi\u00e1ria Estadual (fls. 855\/857), o n\u00famero de acidentes do<br \/>\nlocal n\u00e3o se mostra elevado. Em verdade, ao contr\u00e1rio do que disp\u00f5e o laudo, ocorreu<br \/>\n1 (um) acidente sem v\u00edtimas no 06 (seis) meses anteriores ao estudo e mais 03 (tr\u00eas)<br \/>\nacidentes no per\u00edodo de 01 (um) ano anterior aos estudos t\u00e9cnicos. Veja-se que<br \/>\nEste documento \u00e9 c\u00f3pia do original, assinado digitalmente por EDUARDO VIRIATO ESTEVES, liberado nos autos em 15\/12\/2020 \u00e0s 18:00 .<br \/>\nPara conferir o original, acesse o site https:\/\/esaj.tjsp.jus.br\/pastadigital\/pg\/abrirConferenciaDocumento.do, informe o processo 1004021-85.2020.8.26.0168 e c\u00f3digo 618E29D.<br \/>\nfls. 1083<br \/>\nTRIBUNAL DE JUSTI\u00c7A DO ESTADO DE S\u00c3O PAULO<br \/>\nCOMARCA DE DRACENA<br \/>\nFORO DE DRACENA<br \/>\n2\u00aa VARA<br \/>\nRua Bolivia, 137, ., Jd. Am\u00e9rica &#8211; CEP 17900-000, Fone: (18) 3822-1156,<br \/>\nDracena-SP &#8211; E-mail: dracena2@tjsp.jus.br<br \/>\nHor\u00e1rio de Atendimento ao P\u00fablico: das 12h30min \u00e0s19h00min<br \/>\nsomente um gerou vitima com ferimentos leves. Em um universo de 4.300-5.000<br \/>\nve\u00edculos que trafegam no local diariamente, n\u00e3o se mostra um n\u00famero excessivo.<br \/>\nVeja-se que os laudos n\u00e3o trazem crit\u00e9rios objetivos a indicar que no local h\u00e1 alto<br \/>\n\u00edndice de acidentalidade, como era de se esperar de um &#8216;estudo&#8217; que se diz t\u00e9cnico.<br \/>\nVale dizer que analisando mais detidamente os BOs\/PM dos mencionados acidentes,<br \/>\nnota-se que os acidentes ocorreram, em sua esmagadora maioria, dezenas ou centenas<br \/>\nde metros do local onde est\u00e3o instalados os medidores novos. A maioria dos sinistros<br \/>\nocorreu j\u00e1 na \u00e1rea verdadeiramente urbana, pr\u00f3ximos a onde estavam os antigos<br \/>\nmedidores de velocidade desativados. Acrescente-se que o estudo t\u00e9cnico constou a<br \/>\nsuposta exist\u00eancia de uma rotat\u00f3ria no local a justificar a presen\u00e7a dos radares.<br \/>\nEntretanto, suposta rotat\u00f3ria \u00e9 inexistente em concreto, conforme demonstram as<br \/>\nimagens em sat\u00e9lite. Registre-se ainda que o estudo t\u00e9cnico motiva a exist\u00eancia dos<br \/>\nequipamentos por ser a &#8220;\u00e1rea escolar&#8221;. Mais uma incongru\u00eancia com a realidade que<br \/>\nchega a ser bizarra. N\u00e3o h\u00e1 nenhuma escola pr\u00f3xima aos equipamentos, como bem<br \/>\ndemonstrou o Parquet na imagens colacionadas \u00e0 inicial. A dist\u00e2ncia de 1.8km em<br \/>\numa cidade de apenas 47 mil habitantes \u00e9 consider\u00e1vel. Fosse assim, a cidade inteira<br \/>\nseria \u00e1rea escolar, ante o tamanho da cidade e a quantidade de unidades escolares<br \/>\naqui existentes. E mais, consigne-se que a unidade escolar mais pr\u00f3xima fica bem no<br \/>\ninterior da zona urbana do munic\u00edpio, diversos quarteir\u00f5es afastados da rodovia, j\u00e1<br \/>\nem outra via. Por fim, no croqui do estudo t\u00e9cnico constou que no sentido oeste<br \/>\nsupostamente o condutor seguiria para Tup\u00e3-SP, quando na realidade segue para<br \/>\nTupi Paulista SP. E no sentido leste, segundo o estudo, seguiria para Hercul\u00e2ndia SP,<br \/>\nquando na verdade segue para Junqueir\u00f3polis SP. Situa\u00e7\u00e3o essa que indica ser o<br \/>\npresente estudo um &#8216;recorte e cola&#8217; de outros estudos feitos em outras regi\u00f5es, sem<br \/>\nan\u00e1lise qualitativa. Em linhas gerais o estudo comento n\u00e3o possui elementos t\u00e9cnicos<br \/>\nm\u00ednimos suficiente, possuindo erros teratol\u00f3gicos. Pelo descrito acima, pairam s\u00e9rias<br \/>\nd\u00favidas se ao menos o seu subscritor compareceu em visita de campo ou analisou<br \/>\ndetidamente o local. Situa\u00e7\u00f5es como essa demonstram a falta de preparo ou zelo do<br \/>\ncorpo t\u00e9cnico da requerida. Vidas poderiam estar sendo salvas se houvesse maior<br \/>\ndenodo na realiza\u00e7\u00e3o desses estudos t\u00e9cnicos. E mais, cabe mencionar que h\u00e1<br \/>\ndisp\u00eandio de verbas p\u00fablicas na compra, instala\u00e7\u00e3o e manuten\u00e7\u00e3o desses aparelhos.<br \/>\nAssim, causa grande preocupa\u00e7\u00e3o a fragilidade dos mencionados estudos, gerando<br \/>\ninefici\u00eancia no gasto do dinheiro p\u00fablico. De mesmo modo, em an\u00e1lise prelibat\u00f3ria, \u00e9<br \/>\nnulo o estudo t\u00e9cnico, em raz\u00e3o da Teoria dos motivos Determinantes, gerando a<br \/>\nnulidade, por arrastamento, das autua\u00e7\u00f5es de tr\u00e2nsito dos equipamentos. 3)<br \/>\nPRINC\u00cdPIO DA PROTE\u00c7\u00c3O \u00c0 LEG\u00cdTIMA CONFIAN\u00c7A, BOA-F\u00c9 OBJETIVA E<br \/>\nVENIRE CONTRA FACTUM PROPRIUM Conforme j\u00e1 mencionado, os<br \/>\nequipamentos em tela foram instalados em setembro de 2019 com a finalidade<br \/>\nexclusiva de realizar pesquisa de tr\u00e1fego. Para dar maior publicidade a tal finalidade,<br \/>\na requerida, voluntariamente, ap\u00f4s nos pr\u00f3prios equipamentos banners com os<br \/>\nseguintes dizeres &#8220;pesquisa de tr\u00e1fego&#8221; (fls. 34 e 110). Tal situa\u00e7\u00e3o de pesquisa de<br \/>\ntr\u00e1fego se coadunava com o fato de que a Rodovia Comandante Jo\u00e3o Ribeiro de<br \/>\nBarros SP 294 estava em licita\u00e7\u00e3o para a concess\u00e3o \u00e0 iniciativa privada (PIPA<br \/>\nPiracicaba\/Panorama), no bojo da Concorr\u00eancia Internacional 01\/2019 (fls. 276 e<br \/>\nseguintes). Ora, para a composi\u00e7\u00e3o da equa\u00e7\u00e3o econ\u00f4mico -financeira e a estipula\u00e7\u00e3o<br \/>\nda tarifa do ped\u00e1gio, \u00e9 necess\u00e1rio ter uma m\u00e9dia de fluxo de ve\u00edculos que circulam no<br \/>\ntrecho. Assim, a presen\u00e7a de equipamentos para a pesquisa do fluxo de tr\u00e1fego era<br \/>\nrazo\u00e1vel. E mais, a poucos metros desses dois noveis equipamentos objeto da lide, j\u00e1<br \/>\nEste documento \u00e9 c\u00f3pia do original, assinado digitalmente por EDUARDO VIRIATO ESTEVES, liberado nos autos em 15\/12\/2020 \u00e0s 18:00 .<br \/>\nPara conferir o original, acesse o site https:\/\/esaj.tjsp.jus.br\/pastadigital\/pg\/abrirConferenciaDocumento.do, informe o processo 1004021-85.2020.8.26.0168 e c\u00f3digo 618E29D.<br \/>\nfls. 1084<br \/>\nTRIBUNAL DE JUSTI\u00c7A DO ESTADO DE S\u00c3O PAULO<br \/>\nCOMARCA DE DRACENA<br \/>\nFORO DE DRACENA<br \/>\n2\u00aa VARA<br \/>\nRua Bolivia, 137, ., Jd. Am\u00e9rica &#8211; CEP 17900-000, Fone: (18) 3822-1156,<br \/>\nDracena-SP &#8211; E-mail: dracena2@tjsp.jus.br<br \/>\nHor\u00e1rio de Atendimento ao P\u00fablico: das 12h30min \u00e0s19h00min<br \/>\nestavam em funcionamento 02 (dois) outros radares fixos de velocidade h\u00e1<br \/>\nconsider\u00e1vel lapso temporal. Como se nota no croqui \u00e0s fls. 34 e 481, a dist\u00e2ncia entre<br \/>\no novo equipamento para o antigo \u00e9 de 500m (quinhentos metros) no sentido<br \/>\nJunqueir\u00f3polis-Dracena e, 700m (setecentos metros), no sentido DracenaJunqueir\u00f3polis. Segundo a administra\u00e7\u00e3o, tais radares foram desligados em maio de<br \/>\n2020, devido ao encerramento dos respectivos contratos, que n\u00e3o foram relicitados no<br \/>\nmesmo local pela administra\u00e7\u00e3o. Mas cabe frisar que mesmo desligados, a requerida<br \/>\nn\u00e3o retirou os equipamentos do local ou tampouco sinalizou o desligamento destes.<br \/>\nVale dizer que o limite de velocidade m\u00e1xima na maior parte da rodovia \u00e9 de<br \/>\n100km\/h, ao passo que o limite de velocidade para os novos equipamentos \u00e9 de<br \/>\n60km\/h. Logo ap\u00f3s a instala\u00e7\u00e3o dos radares, registrou-se a ocorr\u00eancia m\u00e9dia di\u00e1ria<br \/>\nde cerca de 1.300 infra\u00e7\u00f5es de tr\u00e2nsito por excesso de velocidade, o que totalizou mais<br \/>\nde 12 mil multas em pouco mais de 10 (dez) dias de opera\u00e7\u00e3o (fls. 1.061). O n\u00famero<br \/>\nde multas se mostra vultoso considerando que o fluxo veicular di\u00e1rio \u00e9 de 4.300-5.000<br \/>\n(fl. 506). Desse modo, conclui-se que o radar multou cerca de 1\/4 dos motoristas que<br \/>\ntrafegaram no local durante os dias analisados. Vale dizer que essa utiliza\u00e7\u00e3o dos<br \/>\nequipamentos para pesquisa de tr\u00e1fego foi reafirmada pela pr\u00f3pria administra\u00e7\u00e3o<br \/>\nem diversas reportagens veiculadas na imprensa regional (fls. 252\/260), sendo que a<br \/>\n\u00faltima delas \u00e9 do dia 24\/09\/2020. A pr\u00f3pria administra\u00e7\u00e3o em tais reportagens disse<br \/>\nque caso os mencionados equipamentos fossem ser utilizados para a fiscaliza\u00e7\u00e3o fixa<br \/>\nde velocidade, seria dada ampla publicidade na imprensa regional. Pois bem. Desde<br \/>\nsetembro de 2019 at\u00e9 12\/10\/2020 tais equipamentos tinham como \u00fanica finalidade a<br \/>\npesquisa de tr\u00e1fego. Entretanto, em 09\/10\/2020, foi publicado unicamente no D.O. a<br \/>\nhomologa\u00e7\u00e3o dos equipamentos como radares fixos, tendo in\u00edcio a sua opera\u00e7\u00e3o em<br \/>\n13\/12\/2020, logo ap\u00f3s o feriado de Nossa Senhora Aparecida. De plano se conclui que<br \/>\no comportamento da administra\u00e7\u00e3o \u00e9 contradit\u00f3rio, viola a boa-f\u00e9 objetiva e a<br \/>\nleg\u00edtima confian\u00e7a dos administrados. Isto porque a administra\u00e7\u00e3o voluntariamente<br \/>\ndeu publicidade por mais de um ano atrav\u00e9s de banners instalados nos aparelhos de<br \/>\nque eles tinham por \u00fanica finalidade a &#8220;pesquisa de tr\u00e1fego&#8221;. E tal informa\u00e7\u00e3o fora<br \/>\nveiculada por diversas vezes na imprensa local. E mais, houve indicativo nas mat\u00e9rias<br \/>\nque o in\u00edcio da opera\u00e7\u00e3o desses radares seria objeto de ampla publicidade nos<br \/>\nmesmos meios de comunica\u00e7\u00e3o. Em concreto, o que se notou foi justamente o inverso.<br \/>\nHouve publica\u00e7\u00e3o t\u00e3o somente no Di\u00e1rio Oficial do Estado, em uma sexta-feira, dia<br \/>\n09\/10\/2020, na v\u00e9spera do feriado cat\u00f3lico do dia de Nossa Senhora Aparecida. E t\u00e3o<br \/>\nlogo no primeiro dia \u00fatil subsequente a mencionada publica\u00e7\u00e3o, os radares iniciaram<br \/>\nsua opera\u00e7\u00e3o como controladores de velocidade. N\u00e3o houve a mesma publicidade<br \/>\nconferida pela pr\u00f3pria administra\u00e7\u00e3o no per\u00edodo de um ano em que esses aparelhos<br \/>\npermaneceram com a finalidade de pesquisa de tr\u00e1fego, mediante a coloca\u00e7\u00e3o de<br \/>\nbanners. N\u00e3o houve informa\u00e7\u00e3o \u00e0 impressa local. N\u00e3o houve notifica\u00e7\u00e3o da<br \/>\nPrefeitura Municipal. N\u00e3o se discute que a publica\u00e7\u00e3o em di\u00e1rio oficial confere a<br \/>\npublicidade formal. Mas no caso concreto, tal publicidade n\u00e3o foi material ou<br \/>\nsubstancialmente id\u00f4nea pela leg\u00edtima expectativa criada pela pr\u00f3pria administra\u00e7\u00e3o.<br \/>\nN\u00e3o fora pela leg\u00edtima confian\u00e7a e expectativa que a pr\u00f3pria requerida gerou nos<br \/>\nadministrados ao colocar os banners nos equipamento por mais de um ano indicando<br \/>\nsua finalidade. N\u00e3o o foi, pela aus\u00eancia de informa\u00e7\u00e3o \u00e0 imprensa local. A popula\u00e7\u00e3o<br \/>\nda regi\u00e3o legitimamente possu\u00eda a leg\u00edtima expectativa de que a requerida conferisse<br \/>\na mesma publicidade que se utilizou quando mudasse a finalidade dos equipamentos.<br \/>\nTal confian\u00e7a leg\u00edtima \u00e9 explicitada pelo excessivo n\u00famero de ve\u00edculos autuados nos<br \/>\nEste documento \u00e9 c\u00f3pia do original, assinado digitalmente por EDUARDO VIRIATO ESTEVES, liberado nos autos em 15\/12\/2020 \u00e0s 18:00 .<br \/>\nPara conferir o original, acesse o site https:\/\/esaj.tjsp.jus.br\/pastadigital\/pg\/abrirConferenciaDocumento.do, informe o processo 1004021-85.2020.8.26.0168 e c\u00f3digo 618E29D.<br \/>\nfls. 1085<br \/>\nTRIBUNAL DE JUSTI\u00c7A DO ESTADO DE S\u00c3O PAULO<br \/>\nCOMARCA DE DRACENA<br \/>\nFORO DE DRACENA<br \/>\n2\u00aa VARA<br \/>\nRua Bolivia, 137, ., Jd. Am\u00e9rica &#8211; CEP 17900-000, Fone: (18) 3822-1156,<br \/>\nDracena-SP &#8211; E-mail: dracena2@tjsp.jus.br<br \/>\nHor\u00e1rio de Atendimento ao P\u00fablico: das 12h30min \u00e0s19h00min<br \/>\nprimeiros dias de funcionamento: cerca de 1\/4 do fluxo que trafegou no local. Cabe<br \/>\nmencionar que os n\u00fameros de autuados s\u00e3o elevad\u00edssimos para o padr\u00e3o<br \/>\npopulacional dessa regi\u00e3o long\u00ednqua e afastada do Estado. Cerca de 12 mil atua\u00e7\u00f5es<br \/>\natinge um n\u00famero representativo a quase 1\/3 da frota total de ve\u00edculos do Munic\u00edpio<br \/>\nDracena. Caso a requerida n\u00e3o tivesse colocado os banners, ou prestados informa\u00e7\u00f5es<br \/>\nna impressa local de que a popula\u00e7\u00e3o seria avisada com anteced\u00eancia, n\u00e3o haveria<br \/>\nirregularidade nesse ponto. Mas n\u00e3o foi o caso. Tal comportamento da requerida \u00e9<br \/>\ndesleal, e viola a leg\u00edtima confian\u00e7a dos administrados, que esperavam que o in\u00edcio da<br \/>\nfiscaliza\u00e7\u00e3o por velocidade fosse objeto do mesmo tipo de publicidade dada quando<br \/>\nos mesmos equipamentos eram utilizados para mero controle de tr\u00e1fego. H\u00e1<br \/>\nprecedentes nos Tribunais Superiores impedindo a efic\u00e1cia de atos administrativos<br \/>\nque veiculem condutas contradit\u00f3rias e violadoras da boa-f\u00e9 objetiva, em n\u00edtido<br \/>\nvenire contra factum proprium: RECURSO ORDIN\u00c1RIO EM MANDADO DE<br \/>\nSEGURAN\u00c7A. ADMINISTRATIVO. SERVIDOR P\u00daBLICO MILITAR. CURSO<br \/>\nDE FORMA\u00c7\u00c3O. MATR\u00cdCULA POR FOR\u00c7A DE LIMINAR. M\u00c9RITO<br \/>\nJULGADO IMPROCEDENTE. MANUTEN\u00c7\u00c3O NA ACADEMIA, INGRESSO E<br \/>\nPROMO\u00c7\u00c3O NA CARREIRA POR ATOS DA ADMINISTRA\u00c7\u00c3O<br \/>\nPOSTERIORES \u00c0 CASSA\u00c7\u00c3O DA DECIS\u00c3O JUDICIAL. TRANSCURSO DE<br \/>\nMAIS DE CINCO ANOS. ANULA\u00c7\u00c3O. SEGURAN\u00c7A JUR\u00cdDICA E BOA-F\u00c9<br \/>\nOBJETIVA VULNERADOS. VEDA\u00c7\u00c3O AO COMPORTAMENTO<br \/>\nCONTRADIT\u00d3RIO. PRINC\u00cdPIOS DA RAZOABILIDADE E<br \/>\nPROPORCIONALIDADE. CONSTATA\u00c7\u00c3O DE QUE O CANDIDATO<br \/>\nPREENCHIA O REQUISITO CUJA SUPOSTA AUS\u00caNCIA IMPEDIRA SUA<br \/>\nADMISS\u00c3O NO CURSO DE FORMA\u00c7\u00c3O. ATENDIMENTO AOS<br \/>\nPRESSUPOSTOS LEGAIS E CONSTITUCIONAIS PARA INGRESSO E<br \/>\nEXERC\u00cdCIO DO CARGO DE OFICIAL DA POL\u00cdCIA MILITAR. 1. Os princ\u00edpios<br \/>\nda seguran\u00e7a jur\u00eddica e da boa-f\u00e9 objetiva, bem como a veda\u00e7\u00e3o ao comportamento<br \/>\ncontradit\u00f3rio (venire contra factum proprium), impedem que a Administra\u00e7\u00e3o, ap\u00f3s<br \/>\npraticar atos em determinado sentido, que criaram uma apar\u00eancia de estabilidade<br \/>\ndas rela\u00e7\u00f5es jur\u00eddicas, venha adotar atos na dire\u00e7\u00e3o contr\u00e1ria, com a vulnera\u00e7\u00e3o de<br \/>\ndireito que, em raz\u00e3o da anterior conduta administrativa e do longo per\u00edodo de<br \/>\ntempo transcorrido, j\u00e1 se acreditava incorporado ao patrim\u00f4nio dos administrados.<br \/>\n2. \u00c0 luz dos princ\u00edpios da razoabilidade e da proporcionalidade, verifica-se que o<br \/>\nRecorrente, em sentido material, preenchia os requisitos edital\u00edcios para admiss\u00e3o no<br \/>\nCurso de Forma\u00e7\u00e3o, inclusive aquele cuja aus\u00eancia formal constitu\u00edra obst\u00e1culo<br \/>\ninicial \u00e0 sua matr\u00edcula e que ensejou o ajuizamento da a\u00e7\u00e3o judicial em cujo bojo<br \/>\nobteve a liminar. 3. Hip\u00f3tese em que, embora a liminar que autorizara a matr\u00edcula do<br \/>\nRecorrente no Curso de Forma\u00e7\u00e3o tivesse sido cassada, expressamente, em 18 de<br \/>\nfevereiro de 1997 e n\u00e3o houvesse nenhum outro t\u00edtulo judicial que determinasse sua<br \/>\nperman\u00eancia na carreira militar, n\u00e3o tomou a Administra\u00e7\u00e3o nenhuma atitude no<br \/>\nsentido de afast\u00e1-lo. Pelo contr\u00e1rio, al\u00e9m de permanecer matriculado at\u00e9 a conclus\u00e3o<br \/>\ndo Curso de Forma\u00e7\u00e3o, findada em 05 de dezembro de 1997, ingressou na carreira e,<br \/>\nainda, foi promovido, em 05 de outubro de 1998, \u00e0 patente de 2\u00ba Tenente, vindo a ser<br \/>\nanulados esses atos t\u00e3o-somente em 21 de maio de 2002. 4. A aus\u00eancia de atos<br \/>\nadministrativos tendentes a excluir o Recorrente das fileiras militares ap\u00f3s a cassa\u00e7\u00e3o<br \/>\nda liminar, corroborada pela exist\u00eancia de atos em sentido contr\u00e1rio (manuten\u00e7\u00e3o no<br \/>\nCurso, promo\u00e7\u00e3o), al\u00e9m da instaura\u00e7\u00e3o de processo administrativo, pela Academia<br \/>\nde Pol\u00edcia Militar, de of\u00edcio, para tornar definitiva a 27 L\u00d3PEZ MESA, Marcelo J.;<br \/>\nEste documento \u00e9 c\u00f3pia do original, assinado digitalmente por EDUARDO VIRIATO ESTEVES, liberado nos autos em 15\/12\/2020 \u00e0s 18:00 .<br \/>\nPara conferir o original, acesse o site https:\/\/esaj.tjsp.jus.br\/pastadigital\/pg\/abrirConferenciaDocumento.do, informe o processo 1004021-85.2020.8.26.0168 e c\u00f3digo 618E29D.<br \/>\nfls. 1086<br \/>\nTRIBUNAL DE JUSTI\u00c7A DO ESTADO DE S\u00c3O PAULO<br \/>\nCOMARCA DE DRACENA<br \/>\nFORO DE DRACENA<br \/>\n2\u00aa VARA<br \/>\nRua Bolivia, 137, ., Jd. Am\u00e9rica &#8211; CEP 17900-000, Fone: (18) 3822-1156,<br \/>\nDracena-SP &#8211; E-mail: dracena2@tjsp.jus.br<br \/>\nHor\u00e1rio de Atendimento ao P\u00fablico: das 12h30min \u00e0s19h00min<br \/>\nROGEL VIDE, Carlos. Op. Cit. p. 141-142. matr\u00edcula que fora efetivada,<br \/>\ninicialmente, em raz\u00e3o de liminar, fez criar uma certeza de que a quest\u00e3o do seu<br \/>\ningresso na carreira militar estava resolvida. 5. Os atos de admiss\u00e3o e promo\u00e7\u00e3o do<br \/>\nRecorrente praticados pela Administra\u00e7\u00e3o, bem como o longo tempo em que eles<br \/>\nvigoraram, indicavam, dentro da perspectiva da boa-f\u00e9, que o seu ingresso na<br \/>\ncarreira militar j\u00e1 havia se incorporado, definitivamente, ao seu patrim\u00f4nio jur\u00eddico,<br \/>\npelo que sua anula\u00e7\u00e3o, com base em fato anterior \u00e0 pr\u00e1tica dos atos anulados<br \/>\n(cassa\u00e7\u00e3o da liminar), feriram os princ\u00edpios da seguran\u00e7a jur\u00eddica e da boa-f\u00e9<br \/>\nobjetiva, tendo sido infringida a cl\u00e1usula venire contra factum proprium ou da<br \/>\nveda\u00e7\u00e3o ao comportamento contradit\u00f3rio. 6. Hip\u00f3tese concreta que n\u00e3o cuida da<br \/>\naplica\u00e7\u00e3o da teoria do fato consumado para convalidar ato ilegal, o que \u00e9 recha\u00e7ado<br \/>\npor esta Corte, mas de faz\u00ea-la incidir, juntamente com os princ\u00edpios da seguran\u00e7a<br \/>\njur\u00eddica e boa-f\u00e9, para tornar sem efeito atos praticados com ofensa aos princ\u00edpios<br \/>\nconstitucionais da legalidade, razoabilidade e proporcionalidade. 7. Recurso<br \/>\nordin\u00e1rio provido para conceder a seguran\u00e7a e anular o ato que cassou a promo\u00e7\u00e3o<br \/>\ndo Recorrente \u00e0 patente de 1\u00ba Tenente, bem como o ato que determinou sua exclus\u00e3o<br \/>\ndos quadros da Pol\u00edcia Militar, determinando seu imediato retorno \u00e0 fun\u00e7\u00e3o ocupada,<br \/>\ncom todos os consect\u00e1rios jur\u00eddico-financeiros dele decorrentes. (RMS 20.572\/DF,<br \/>\nRel. Ministra LAURITA VAZ, QUINTA TURMA, julgado em 01\/12\/2009, DJe<br \/>\n15\/12\/2009) 4) DESCONFORMIDADE COM AS NORMAS DE SINALIZA\u00c7\u00c3O DO<br \/>\nCONTRAM Conforme prev\u00ea o art. 6\u00ba da Res. CONTRAN n\u00ba 396\/2011, para a<br \/>\nfiscaliza\u00e7\u00e3o eletr\u00f4nica por medidor fixo, \u00e9 necess\u00e1rio a coloca\u00e7\u00e3o de placa tipo R-19,<br \/>\na uma dist\u00e2ncia compreendida pelo intervalo estabelecido na tabela constante no<br \/>\nAnexo IV da mencionada Resolu\u00e7\u00e3o. Considerando a rodovia SP 294 \u00e9 via rural com<br \/>\nlimite m\u00e1ximo de velocidade superior a 80km\/h, as placas R-19 deveriam estar a uma<br \/>\ndist\u00e2ncia no intervalo de 1000m a 2000m do medidor. Conforme demonstra o laudo<br \/>\npericial acostado \u00e0s fls. 824 e seguintes e 842 e seguintes, no sentido Junqueir\u00f3polisDracena a placa tipo R-19 estava a apenas 600m do medidor de velocidade. E no<br \/>\nsentido Dracena-Junqueir\u00f3polis sequer foi localizada placa do modelo R-19<br \/>\nindicando o limite de velocidade correto (60km\/h). O perito atestou a exist\u00eancia de<br \/>\numa placa encoberta de tecido preto com o indicativo de limite de velocidade em<br \/>\n80km\/h. Em resumo, nesse sentido da via, sequer havia placa indicando o limite<br \/>\ncorreto de velocidade. Por certo, como apontado na inicial, e conforme se extrai do<br \/>\nconjunto de documentos que foram com ela apresentados, h\u00e1 elementos indici\u00e1rios<br \/>\nsuficientes no sentido da exist\u00eancia de v\u00edcio quanto \u00e0 forma e desvio de finalidade dos<br \/>\natos administrativos ora combatidos, h\u00e1bil a gerar nulidade das autua\u00e7\u00f5es por<br \/>\ninfra\u00e7\u00e3o de tr\u00e2nsito, sem que o ju\u00edzo adentre no exame de qualquer aspecto<br \/>\ndiscricion\u00e1rio pr\u00f3prio da Administra\u00e7\u00e3o P\u00fablica e que n\u00e3o seria sindic\u00e1vel<br \/>\njudicialmente. E essa circunst\u00e2ncia, se confirmada ao final, \u00e9 h\u00e1bil o suficiente para a<br \/>\nanula\u00e7\u00e3o das autua\u00e7\u00f5es, por v\u00edcio de forma, em raz\u00e3o da nulidade do ato<br \/>\nadministrativo com base no qual elas foram lavradas. Ante o exposto, <strong>DEFIRO A<\/strong><br \/>\n<strong>TUTELA DE URG\u00caNCIA requerida pelo MINIST\u00c9RIO P\u00daBLICO DO ESTADO<\/strong><br \/>\n<strong>DE S\u00c3O PAULO, e o fa\u00e7o para determinar: AO REQUERIDO DER, para que<\/strong><br \/>\n<strong>proceda: a) a SUSPENS\u00c3O IMEDIATA, da fun\u00e7\u00e3o de fiscaliza\u00e7\u00e3o de velocidade dos<\/strong><br \/>\n<strong>radares DER n\u00bas 17013 e 17014, instalados na altura do quil\u00f4metro 646 da Rodovia <\/strong><strong>Comandante Jo\u00e3o Ribeiro de Barros (Rodovia SP-294), nesta munic\u00edpio, no sentido <\/strong><strong>oeste, sob pena de crime de desobedi\u00eancia e multa di\u00e1ria de R$ 200.000,00 (duzentos <\/strong><strong>mil reais), valor que ser\u00e1 revertido ao Fundo de Repara\u00e7\u00e3o aos Interesses Difusos.<\/strong><br \/>\nEste documento \u00e9 c\u00f3pia do original, assinado digitalmente por EDUARDO VIRIATO ESTEVES, liberado nos autos em 15\/12\/2020 \u00e0s 18:00 .<br \/>\nPara conferir o original, acesse o site https:\/\/esaj.tjsp.jus.br\/pastadigital\/pg\/abrirConferenciaDocumento.do, informe o processo 1004021-85.2020.8.26.0168 e c\u00f3digo 618E29D.<br \/>\nfls. 1087<br \/>\nTRIBUNAL DE JUSTI\u00c7A DO ESTADO DE S\u00c3O PAULO<br \/>\nCOMARCA DE DRACENA<br \/>\nFORO DE DRACENA<br \/>\n2\u00aa VARA<br \/>\nRua Bolivia, 137, ., Jd. Am\u00e9rica &#8211; CEP 17900-000, Fone: (18) 3822-1156,<br \/>\nDracena-SP &#8211; E-mail: dracena2@tjsp.jus.br<br \/>\nHor\u00e1rio de Atendimento ao P\u00fablico: das 12h30min \u00e0s19h00min<br \/>\nLesados; b) a SUSPENS\u00c3O dos efeitos de todas as multas por excesso de velocidade<br \/>\nj\u00e1 lavradas desde o in\u00edcio das opera\u00e7\u00f5es at\u00e9 a data do tr\u00e2nsito em julgado da<br \/>\npresente, no prazo m\u00e1ximo para cumprimento volunt\u00e1rio de 05 dias, sob pena de<br \/>\ncrime de desobedi\u00eancia e multa di\u00e1ria de R$ 200.000,00 (duzentos mil reais), valor<br \/>\nque ser\u00e1 revertido ao Fundo de Repara\u00e7\u00e3o aos Interesses Difusos Lesados. AO<br \/>\nREQUERIDO DETRAN, para que proceda: a) a SUSPENS\u00c3O dos efeitos das<br \/>\nautua\u00e7\u00f5es e os respectivos pontos eventualmente j\u00e1 lan\u00e7ados no cadastro das CNHs<br \/>\ndos condutores ou propriet\u00e1rios de ve\u00edculos lesados, bem como para ABSTER-SE de<br \/>\nefetuar lan\u00e7amentos futuros, no prazo m\u00e1ximo de 05 dias para cumprimento<br \/>\nvolunt\u00e1rio, sob pena de crime de desobedi\u00eancia e multa di\u00e1ria de R$ 200.000,00<br \/>\n(duzentos mil reais), valor que ser\u00e1 revertido ao Fundo de Repara\u00e7\u00e3o aos Interesses<br \/>\nDifusos Lesados. C\u00f3pia deste assinada digitalmente valer\u00e1 como OF\u00cdCIO-DECIS\u00c3O<br \/>\npara ci\u00eancia IMEDIATA DA TUTELA CONCEDIDA, bem como para<br \/>\nCUMPRIMENTO pelos r\u00e9us, DEPARTAMENTO DE ESTRADAS E RODAGEM<br \/>\nDO ESTADO DE S\u00c3O PAULO DER e DEPARTAMENTO ESTADUAL DE<br \/>\nTR\u00c2NSITO &#8211; DETRAN. Citem-se os requeridos para, querendo, apresentarem<br \/>\nresposta (contesta\u00e7\u00e3o) no prazo de 30 (trinta) dias \u00fateis (CPC, 335 e 183), sob pena de<br \/>\nserem presumidos como verdadeiros os fatos articulados pela parte requerente (CPC,<br \/>\n344 e 345). Observe-se que a contagem do prazo ter\u00e1 in\u00edcio a partir da intima\u00e7\u00e3o<br \/>\npessoal (CPC, art. 183), por portal pr\u00f3prio. OFICIE-SE o CREA-SP com c\u00f3pia da<br \/>\npresente decis\u00e3o, peti\u00e7\u00e3o inicial e estudos t\u00e9cnicos de fls. 506\/511 e 953\/958, eis que<br \/>\nora se REPRESENTA DISCIPLINARMENTE o ENG\u00ba WALMIR RIBEIRO LEITE,<br \/>\nCREA n\u00ba 0601733863, pela elabora\u00e7\u00e3o de servi\u00e7o de engenharia privativo de<br \/>\nprofissionais fiscalizados pelo CREA, nos termos do art. 7\u00ba da Lei n\u00ba 5.194\/1966 e Res.<br \/>\nN\u00ba 218\/1973, SEM a Anota\u00e7\u00e3o de Responsabilidade T\u00e9cnica (ART), conforme disp\u00f5e<br \/>\na Lei n\u00ba 6.496\/1977, pass\u00edvel das san\u00e7\u00f5es previstas nos art. 73 e segs. da Lei<br \/>\n5.194\/1966. Representa-se ainda, nesta oportunidade, ao CREA-SP, para que proceda<br \/>\na verifica\u00e7\u00e3o de todos os estudos t\u00e9cnicos do DER-SP para instala\u00e7\u00e3o de medidores de<br \/>\nvelocidade, a fim de verificar a respectiva Anota\u00e7\u00e3o de Responsabilidade T\u00e9cnica<br \/>\n(ART). Para se evitar cerceamento do exerc\u00edcio das partes \u00e0 produ\u00e7\u00e3o de provas,<br \/>\natento aos artigos 319, VI e 336, do C\u00f3digo de Processo Civil, determino, salvo no<br \/>\ncaso de julgamento antecipado da lide, que: 1) o r\u00e9u especifique, na contesta\u00e7\u00e3o, de<br \/>\nforma precisa e motivada, quais provas pretende produzir, instruindo a pe\u00e7a<br \/>\nprocessual com todos os documentos relativos ao objeto da lide; 2) em r\u00e9plica, a parte<br \/>\nautora tamb\u00e9m especifique pormenorizadamente as provas que pretende produzir,<br \/>\nindicando sua finalidade, salvo se j\u00e1 o fez no pedido inicial. Na aus\u00eancia de r\u00e9plica,<br \/>\npresumir-se-\u00e1 que a parte reitera os exatos termos do pedido inicial; Caso as partes<br \/>\npretendam a produ\u00e7\u00e3o de prova testemunhal, nos termos do \u00a74\u00ba do artigo 357, do<br \/>\nC\u00f3digo de Processo Civil, fixo o prazo de 15 (quinze) dias \u00fateis, a contar de futura<br \/>\nintima\u00e7\u00e3o que ocorrer\u00e1 via ato ordinat\u00f3rio do Cart\u00f3rio, para a apresenta\u00e7\u00e3o, no<br \/>\nprocesso eletr\u00f4nico, do rol de testemunhas (precisando-lhes, sempre que poss&#8221;.<br \/>\nDracena, 15 de dezembro de 2020. Eduardo Viriato Esteves<br \/>\nChefe de Se\u00e7\u00e3o Judici\u00e1rio<br \/>\nEste documento \u00e9 c\u00f3pia do original, assinado digitalmente por EDUARDO VIRIATO ESTEVES, liberado nos autos em 15\/12\/2020 \u00e0s 18:00 .<br \/>\nPara conferir o original, acesse o site https:\/\/esaj.tjsp.jus.br\/pastadigital\/pg\/abrirConferenciaDocumento.do, informe o processo 1004021-85.2020.8.26.0168 e c\u00f3digo 618E29D.<br \/>\nfls. 1088<br \/>\nTRIBUNAL DE JUSTI\u00c7A DO ESTADO DE S\u00c3O PAULO<br \/>\nCOMARCA DE DRACENA<br \/>\nFORO DE DRACENA<br \/>\n2\u00aa VARA<br \/>\nRua Bolivia, 137, ., Jd. Am\u00e9rica &#8211; CEP 17900-000, Fone: (18) 3822-1156,<br \/>\nDracena-SP &#8211; E-mail: dracena2@tjsp.jus.br<br \/>\nHor\u00e1rio de Atendimento ao P\u00fablico: das 12h30min \u00e0s19h00min<br \/>\nM356531<\/p>\n","protected":false},"excerpt":{"rendered":"<p>Por volta de 18:00 Horas desta ter\u00e7a-feira (15) o Minist\u00e9rio P\u00fablico teve a Liminar deferida em favor dos condutores, que est\u00e3o livres das in\u00fameras multas, bem como dos pontos na CNH. que haviam recebidos no Radar da Rodovia Comandante Jo\u00e3o Ribeiro de Barros, SP-294 no munic\u00edpio de Dracena. Leia na \u00edntegra a decis\u00e3o, sendo que [&hellip;]<\/p>\n","protected":false},"author":1,"featured_media":40354,"comment_status":"closed","ping_status":"open","sticky":false,"template":"","format":"standard","meta":{"footnotes":""},"categories":[180,120,110],"tags":[],"class_list":["post-40353","post","type-post","status-publish","format-standard","has-post-thumbnail","hentry","category-estradastransitoveiculos","category-justicahabitacaotecnologia","category-noticiasdestaque"],"_links":{"self":[{"href":"https:\/\/jorgezanoni.com.br\/2019\/wp-json\/wp\/v2\/posts\/40353","targetHints":{"allow":["GET"]}}],"collection":[{"href":"https:\/\/jorgezanoni.com.br\/2019\/wp-json\/wp\/v2\/posts"}],"about":[{"href":"https:\/\/jorgezanoni.com.br\/2019\/wp-json\/wp\/v2\/types\/post"}],"author":[{"embeddable":true,"href":"https:\/\/jorgezanoni.com.br\/2019\/wp-json\/wp\/v2\/users\/1"}],"replies":[{"embeddable":true,"href":"https:\/\/jorgezanoni.com.br\/2019\/wp-json\/wp\/v2\/comments?post=40353"}],"version-history":[{"count":0,"href":"https:\/\/jorgezanoni.com.br\/2019\/wp-json\/wp\/v2\/posts\/40353\/revisions"}],"wp:featuredmedia":[{"embeddable":true,"href":"https:\/\/jorgezanoni.com.br\/2019\/wp-json\/wp\/v2\/media\/40354"}],"wp:attachment":[{"href":"https:\/\/jorgezanoni.com.br\/2019\/wp-json\/wp\/v2\/media?parent=40353"}],"wp:term":[{"taxonomy":"category","embeddable":true,"href":"https:\/\/jorgezanoni.com.br\/2019\/wp-json\/wp\/v2\/categories?post=40353"},{"taxonomy":"post_tag","embeddable":true,"href":"https:\/\/jorgezanoni.com.br\/2019\/wp-json\/wp\/v2\/tags?post=40353"}],"curies":[{"name":"wp","href":"https:\/\/api.w.org\/{rel}","templated":true}]}}