{"id":40344,"date":"2020-12-15T23:22:07","date_gmt":"2020-12-15T23:22:07","guid":{"rendered":"https:\/\/jorgezanoni.com.br\/2019\/?p=40344"},"modified":"2020-12-15T23:25:14","modified_gmt":"2020-12-15T23:25:14","slug":"mudanca-na-futura-camara-municipal-de-dracena","status":"publish","type":"post","link":"https:\/\/jorgezanoni.com.br\/2019\/mudanca-na-futura-camara-municipal-de-dracena\/","title":{"rendered":"Mudan\u00e7a na futura C\u00e2mara Municipal de Dracena; sai Parra, entra Trabuco"},"content":{"rendered":"<p style=\"text-align: justify;\">O Prefeito eleito Andr\u00e9 Lemos, convidou o vereador reeleito Rodrigo Rossetti Parra, para ser secret\u00e1rio de Gabinete, Governo e Desenvolvimento Econ\u00f4mico.<\/p>\n<p style=\"text-align: justify;\">O vereador aceitou e com isso abriu uma vaga na C\u00e2mara Municipal que ser\u00e1 ocupada por Pedro Gon\u00e7alves Vieira, que \u00e9 o primeiro suplente do partido.<\/p>\n<p style=\"text-align: justify;\">Com isso Pedro Trabuco vai passar do s 30 anos seguidos na verean\u00e7a da &#8220;Cidade Milagre&#8221;<\/p>\n<p style=\"text-align: justify;\">Jorge Zanoni<\/p>\n<div dir=\"auto\" style=\"text-align: justify;\"><\/div>\n","protected":false},"excerpt":{"rendered":"<p>O Prefeito eleito Andr\u00e9 Lemos, convidou o vereador reeleito Rodrigo Rossetti Parra, para ser secret\u00e1rio de Gabinete, Governo e Desenvolvimento Econ\u00f4mico. O vereador aceitou e com isso abriu uma vaga na C\u00e2mara Municipal que ser\u00e1 ocupada por Pedro Gon\u00e7alves Vieira, que \u00e9 o primeiro suplente do partido. Com isso Pedro Trabuco vai passar do s [&hellip;]<\/p>\n","protected":false},"author":1,"featured_media":40345,"comment_status":"closed","ping_status":"open","sticky":false,"template":"","format":"standard","meta":{"footnotes":""},"categories":[110,116],"tags":[],"class_list":["post-40344","post","type-post","status-publish","format-standard","has-post-thumbnail","hentry","category-noticiasdestaque","category-politicaeeconomia"],"_links":{"self":[{"href":"https:\/\/jorgezanoni.com.br\/2019\/wp-json\/wp\/v2\/posts\/40344","targetHints":{"allow":["GET"]}}],"collection":[{"href":"https:\/\/jorgezanoni.com.br\/2019\/wp-json\/wp\/v2\/posts"}],"about":[{"href":"https:\/\/jorgezanoni.com.br\/2019\/wp-json\/wp\/v2\/types\/post"}],"author":[{"embeddable":true,"href":"https:\/\/jorgezanoni.com.br\/2019\/wp-json\/wp\/v2\/users\/1"}],"replies":[{"embeddable":true,"href":"https:\/\/jorgezanoni.com.br\/2019\/wp-json\/wp\/v2\/comments?post=40344"}],"version-history":[{"count":0,"href":"https:\/\/jorgezanoni.com.br\/2019\/wp-json\/wp\/v2\/posts\/40344\/revisions"}],"wp:featuredmedia":[{"embeddable":true,"href":"https:\/\/jorgezanoni.com.br\/2019\/wp-json\/wp\/v2\/media\/40345"}],"wp:attachment":[{"href":"https:\/\/jorgezanoni.com.br\/2019\/wp-json\/wp\/v2\/media?parent=40344"}],"wp:term":[{"taxonomy":"category","embeddable":true,"href":"https:\/\/jorgezanoni.com.br\/2019\/wp-json\/wp\/v2\/categories?post=40344"},{"taxonomy":"post_tag","embeddable":true,"href":"https:\/\/jorgezanoni.com.br\/2019\/wp-json\/wp\/v2\/tags?post=40344"}],"curies":[{"name":"wp","href":"https:\/\/api.w.org\/{rel}","templated":true}]}}