{"id":40340,"date":"2020-12-15T22:58:09","date_gmt":"2020-12-15T22:58:09","guid":{"rendered":"https:\/\/jorgezanoni.com.br\/2019\/?p=40340"},"modified":"2020-12-15T22:58:09","modified_gmt":"2020-12-15T22:58:09","slug":"prefeito-eleito-de-dracena-andre-lemos-anuncia-seu-secretariado","status":"publish","type":"post","link":"https:\/\/jorgezanoni.com.br\/2019\/prefeito-eleito-de-dracena-andre-lemos-anuncia-seu-secretariado\/","title":{"rendered":"Prefeito eleito de Dracena Andr\u00e9 Lemos, anuncia seu secretariado"},"content":{"rendered":"<div class=\"kvgmc6g5 cxmmr5t8 oygrvhab hcukyx3x c1et5uql ii04i59q\">\n<div dir=\"auto\" style=\"text-align: justify;\">Na tarde desta desta ter\u00e7a-feira (15), o prefeito eleito de Dracena Andr\u00e9 Lemos acompanhando do vice Guido B\u00e1ggio, anunciaram atrav\u00e9s de uma Live, o secretariado para 2021 a 2024.<\/div>\n<div dir=\"auto\"><\/div>\n<\/div>\n<div class=\"o9v6fnle cxmmr5t8 oygrvhab hcukyx3x c1et5uql ii04i59q\">\n<div dir=\"auto\" style=\"text-align: justify;\">&#8211; ADMINISTRA\u00c7\u00c3O<\/div>\n<div dir=\"auto\" style=\"text-align: justify;\">S\u00e9rgio Ricardo Baravelli, comerciante.<\/div>\n<\/div>\n<div class=\"o9v6fnle cxmmr5t8 oygrvhab hcukyx3x c1et5uql ii04i59q\" style=\"text-align: justify;\">\n<div dir=\"auto\">&#8211; AGRICULTURA, LIMPEZA P\u00daBLICA E MEIO AMBIENTE<\/div>\n<div dir=\"auto\">Ana L\u00facia Pagliusi Costa, ex-vereadora.<\/div>\n<\/div>\n<div class=\"o9v6fnle cxmmr5t8 oygrvhab hcukyx3x c1et5uql ii04i59q\" style=\"text-align: justify;\">\n<div dir=\"auto\">&#8211; ASSIST\u00caNCIA SOCIAL<\/div>\n<div dir=\"auto\">Bianca Kozan Lemos, advogada e futura primeira-dama do munic\u00edpio.<\/div>\n<\/div>\n<div class=\"o9v6fnle cxmmr5t8 oygrvhab hcukyx3x c1et5uql ii04i59q\" style=\"text-align: justify;\">\n<div dir=\"auto\">&#8211; ASSUNTOS JUR\u00cdDICOS<\/div>\n<div dir=\"auto\">Marli Bisca\u00edno Botelho Affonso, advogada.<\/div>\n<\/div>\n<div class=\"o9v6fnle cxmmr5t8 oygrvhab hcukyx3x c1et5uql ii04i59q\" style=\"text-align: justify;\">\n<div dir=\"auto\">&#8211; CULTURA E TURISMO<\/div>\n<div dir=\"auto\">Douglas Carvalho de Souza, ex-diretor de Cultura.<\/div>\n<\/div>\n<div class=\"o9v6fnle cxmmr5t8 oygrvhab hcukyx3x c1et5uql ii04i59q\" style=\"text-align: justify;\">\n<div dir=\"auto\">&#8211; EDUCA\u00c7\u00c3O<\/div>\n<div dir=\"auto\">Juliana Correa Pereira da Silva, aluna do curso de Medicina e foi secret\u00e1ria-adjunta da referida Secretaria.<\/div>\n<\/div>\n<div class=\"o9v6fnle cxmmr5t8 oygrvhab hcukyx3x c1et5uql ii04i59q\" style=\"text-align: justify;\">\n<div dir=\"auto\">&#8211; ESPORTES, LAZER E JUVENTUDE<\/div>\n<div dir=\"auto\">Milton C\u00e9sar dos Santos (Miltinho), professor de Educa\u00e7\u00e3o F\u00edsica e t\u00e9cnico de futebol e futsal.<\/div>\n<\/div>\n<div class=\"o9v6fnle cxmmr5t8 oygrvhab hcukyx3x c1et5uql ii04i59q\" style=\"text-align: justify;\">\n<div dir=\"auto\">&#8211; FAZENDA E OR\u00c7AMENTO<\/div>\n<div dir=\"auto\">Thiago Vicente dos Santos, contador e atual secret\u00e1rio da pasta.<\/div>\n<\/div>\n<div class=\"o9v6fnle cxmmr5t8 oygrvhab hcukyx3x c1et5uql ii04i59q\" style=\"text-align: justify;\">\n<div dir=\"auto\">&#8211; GABINETE, GOVERNO E DESENVOLVIMENTO ECON\u00d4MICO<\/div>\n<div dir=\"auto\">Rodrigo Rossetti Parra, vereador reeleito e ex-presidente da C\u00e2mara.<\/div>\n<\/div>\n<div class=\"o9v6fnle cxmmr5t8 oygrvhab hcukyx3x c1et5uql ii04i59q\" style=\"text-align: justify;\">\n<div dir=\"auto\">&#8211; INFRAESTRUTURA, HABITA\u00c7\u00c3O E ASSUNTOS VI\u00c1RIOS<\/div>\n<div dir=\"auto\">Ademar Alves Pereira (Ademar do Gesso), empres\u00e1rio na \u00e1rea de constru\u00e7\u00e3o civil.<\/div>\n<\/div>\n<div class=\"o9v6fnle cxmmr5t8 oygrvhab hcukyx3x c1et5uql ii04i59q\" style=\"text-align: justify;\">\n<div dir=\"auto\">&#8211; PLANEJAMENTO E A\u00c7\u00d5ES ESTRAT\u00c9TICAS<\/div>\n<div dir=\"auto\">Nelson Nabor Buzinaro, professor aposentado, foi diretor de escola, vereador e presidente da C\u00e2mara.<\/div>\n<\/div>\n<div class=\"o9v6fnle cxmmr5t8 oygrvhab hcukyx3x c1et5uql ii04i59q\" style=\"text-align: justify;\">\n<div dir=\"auto\">&#8211; SA\u00daDE E HIGIENE P\u00daBLICA<\/div>\n<div dir=\"auto\">Rosemary Maggi Fonseca de Souza, funcion\u00e1ria aposentada da \u00e1rea da Sa\u00fade.<\/div>\n<\/div>\n<div class=\"o9v6fnle cxmmr5t8 oygrvhab hcukyx3x c1et5uql ii04i59q\" style=\"text-align: justify;\">\n<div dir=\"auto\">&#8211; EMDAEP<\/div>\n<div dir=\"auto\">Presidente Guido Francisco Baggio, vice-prefeito eleito.<\/div>\n<\/div>\n<p style=\"text-align: justify;\">\n<p>&nbsp;<\/p>\n","protected":false},"excerpt":{"rendered":"<p>Na tarde desta desta ter\u00e7a-feira (15), o prefeito eleito de Dracena Andr\u00e9 Lemos acompanhando do vice Guido B\u00e1ggio, anunciaram atrav\u00e9s de uma Live, o secretariado para 2021 a 2024. &#8211; ADMINISTRA\u00c7\u00c3O S\u00e9rgio Ricardo Baravelli, comerciante. &#8211; AGRICULTURA, LIMPEZA P\u00daBLICA E MEIO AMBIENTE Ana L\u00facia Pagliusi Costa, ex-vereadora. &#8211; ASSIST\u00caNCIA SOCIAL Bianca Kozan Lemos, advogada e [&hellip;]<\/p>\n","protected":false},"author":1,"featured_media":40342,"comment_status":"closed","ping_status":"open","sticky":false,"template":"","format":"standard","meta":{"footnotes":""},"categories":[110,116],"tags":[],"class_list":["post-40340","post","type-post","status-publish","format-standard","has-post-thumbnail","hentry","category-noticiasdestaque","category-politicaeeconomia"],"_links":{"self":[{"href":"https:\/\/jorgezanoni.com.br\/2019\/wp-json\/wp\/v2\/posts\/40340","targetHints":{"allow":["GET"]}}],"collection":[{"href":"https:\/\/jorgezanoni.com.br\/2019\/wp-json\/wp\/v2\/posts"}],"about":[{"href":"https:\/\/jorgezanoni.com.br\/2019\/wp-json\/wp\/v2\/types\/post"}],"author":[{"embeddable":true,"href":"https:\/\/jorgezanoni.com.br\/2019\/wp-json\/wp\/v2\/users\/1"}],"replies":[{"embeddable":true,"href":"https:\/\/jorgezanoni.com.br\/2019\/wp-json\/wp\/v2\/comments?post=40340"}],"version-history":[{"count":0,"href":"https:\/\/jorgezanoni.com.br\/2019\/wp-json\/wp\/v2\/posts\/40340\/revisions"}],"wp:featuredmedia":[{"embeddable":true,"href":"https:\/\/jorgezanoni.com.br\/2019\/wp-json\/wp\/v2\/media\/40342"}],"wp:attachment":[{"href":"https:\/\/jorgezanoni.com.br\/2019\/wp-json\/wp\/v2\/media?parent=40340"}],"wp:term":[{"taxonomy":"category","embeddable":true,"href":"https:\/\/jorgezanoni.com.br\/2019\/wp-json\/wp\/v2\/categories?post=40340"},{"taxonomy":"post_tag","embeddable":true,"href":"https:\/\/jorgezanoni.com.br\/2019\/wp-json\/wp\/v2\/tags?post=40340"}],"curies":[{"name":"wp","href":"https:\/\/api.w.org\/{rel}","templated":true}]}}