{"id":40331,"date":"2020-12-15T17:42:30","date_gmt":"2020-12-15T17:42:30","guid":{"rendered":"https:\/\/jorgezanoni.com.br\/2019\/?p=40331"},"modified":"2020-12-15T17:43:12","modified_gmt":"2020-12-15T17:43:12","slug":"policia-militar-do-estado-de-sao-paulo-comemora-189-anos-de-fundacao","status":"publish","type":"post","link":"https:\/\/jorgezanoni.com.br\/2019\/policia-militar-do-estado-de-sao-paulo-comemora-189-anos-de-fundacao\/","title":{"rendered":"Pol\u00edcia Militar do Estado de S\u00e3o Paulo comemora 189 anos de funda\u00e7\u00e3o"},"content":{"rendered":"<div class=\"kvgmc6g5 cxmmr5t8 oygrvhab hcukyx3x c1et5uql ii04i59q\">\n<div dir=\"auto\" style=\"text-align: justify;\"><strong>25\u00ba BPM\/I &#8211; SOLENIDADE ALUSIVA AO 189\u00ba ANIVERS\u00c1RIO DA POL\u00cdCIA MILITAR DO ESTADO DE S\u00c3O PAULO.<\/strong><\/div>\n<\/div>\n<div dir=\"auto\"><\/div>\n<div dir=\"auto\"><strong>VEJA V\u00cdDEO INSTITUCIONAL:<\/strong><\/div>\n<div dir=\"auto\"><\/div>\n<div dir=\"auto\">\n<div style=\"width: 640px;\" class=\"wp-video\"><video class=\"wp-video-shortcode\" id=\"video-40331-1\" width=\"640\" height=\"352\" preload=\"metadata\" controls=\"controls\"><source type=\"video\/mp4\" src=\"https:\/\/jorgezanoni.com.br\/2019\/wp-content\/uploads\/2020\/12\/WhatsApp-Video-2020-12-15-at-14.28.58.mp4?_=1\" \/><a href=\"https:\/\/jorgezanoni.com.br\/2019\/wp-content\/uploads\/2020\/12\/WhatsApp-Video-2020-12-15-at-14.28.58.mp4\">https:\/\/jorgezanoni.com.br\/2019\/wp-content\/uploads\/2020\/12\/WhatsApp-Video-2020-12-15-at-14.28.58.mp4<\/a><\/video><\/div>\n<\/div>\n<div class=\"kvgmc6g5 cxmmr5t8 oygrvhab hcukyx3x c1et5uql ii04i59q\">\n<div dir=\"auto\" style=\"text-align: justify;\"><\/div>\n<div dir=\"auto\" style=\"text-align: justify;\">Na manh\u00e3 de hoje (15), o efetivo da sede do 25\u00ba BPM\/I, participou da solenidade Alusiva aos 189\u00ba anos de cria\u00e7\u00e3o da Pol\u00edcia Militar.<\/div>\n<div dir=\"auto\" style=\"text-align: justify;\">O efetivo em forma, prestou contin\u00eancia a Bandeira Nacional, que foi hasteada pela Soldado PM Tha\u00eds.<\/div>\n<div dir=\"auto\" style=\"text-align: justify;\">O comandante do batalh\u00e3o, Tenente Coronel S\u00e9rgio Nonato, fez a leitura da &#8220;Ordem do Dia&#8221;.<\/div>\n<div dir=\"auto\" style=\"text-align: justify;\">Para encerrar a solenidade, foi entoado a &#8220;Can\u00e7\u00e3o da Pol\u00edcia Militar&#8221;<\/div>\n<div dir=\"auto\" style=\"text-align: justify;\">Devido aos protocolos de preven\u00e7\u00e3o ao Covid-19, a solenidade n\u00e3o foi aberta a popula\u00e7\u00e3o.<\/div>\n<\/div>\n<div dir=\"auto\"><\/div>\n<div dir=\"auto\"><img loading=\"lazy\" decoding=\"async\" class=\"alignnone size-full wp-image-40333\" src=\"https:\/\/jorgezanoni.com.br\/2019\/wp-content\/uploads\/2020\/12\/pm-1.jpg\" alt=\"\" width=\"868\" height=\"1156\" srcset=\"https:\/\/jorgezanoni.com.br\/2019\/wp-content\/uploads\/2020\/12\/pm-1.jpg 868w, https:\/\/jorgezanoni.com.br\/2019\/wp-content\/uploads\/2020\/12\/pm-1-225x300.jpg 225w, https:\/\/jorgezanoni.com.br\/2019\/wp-content\/uploads\/2020\/12\/pm-1-769x1024.jpg 769w, https:\/\/jorgezanoni.com.br\/2019\/wp-content\/uploads\/2020\/12\/pm-1-768x1023.jpg 768w, https:\/\/jorgezanoni.com.br\/2019\/wp-content\/uploads\/2020\/12\/pm-1-696x927.jpg 696w, https:\/\/jorgezanoni.com.br\/2019\/wp-content\/uploads\/2020\/12\/pm-1-315x420.jpg 315w\" sizes=\"auto, (max-width: 868px) 100vw, 868px\" \/> <img loading=\"lazy\" decoding=\"async\" class=\"alignnone size-full wp-image-40334\" src=\"https:\/\/jorgezanoni.com.br\/2019\/wp-content\/uploads\/2020\/12\/pm1-1.jpg\" alt=\"\" width=\"1156\" height=\"868\" srcset=\"https:\/\/jorgezanoni.com.br\/2019\/wp-content\/uploads\/2020\/12\/pm1-1.jpg 1156w, https:\/\/jorgezanoni.com.br\/2019\/wp-content\/uploads\/2020\/12\/pm1-1-300x225.jpg 300w, https:\/\/jorgezanoni.com.br\/2019\/wp-content\/uploads\/2020\/12\/pm1-1-1024x769.jpg 1024w, https:\/\/jorgezanoni.com.br\/2019\/wp-content\/uploads\/2020\/12\/pm1-1-768x577.jpg 768w, https:\/\/jorgezanoni.com.br\/2019\/wp-content\/uploads\/2020\/12\/pm1-1-80x60.jpg 80w, https:\/\/jorgezanoni.com.br\/2019\/wp-content\/uploads\/2020\/12\/pm1-1-265x198.jpg 265w, https:\/\/jorgezanoni.com.br\/2019\/wp-content\/uploads\/2020\/12\/pm1-1-696x523.jpg 696w, https:\/\/jorgezanoni.com.br\/2019\/wp-content\/uploads\/2020\/12\/pm1-1-1068x802.jpg 1068w, https:\/\/jorgezanoni.com.br\/2019\/wp-content\/uploads\/2020\/12\/pm1-1-559x420.jpg 559w\" sizes=\"auto, (max-width: 1156px) 100vw, 1156px\" \/> <img loading=\"lazy\" decoding=\"async\" class=\"alignnone size-full wp-image-40335\" src=\"https:\/\/jorgezanoni.com.br\/2019\/wp-content\/uploads\/2020\/12\/pm2-1.jpg\" alt=\"\" width=\"1156\" height=\"868\" srcset=\"https:\/\/jorgezanoni.com.br\/2019\/wp-content\/uploads\/2020\/12\/pm2-1.jpg 1156w, https:\/\/jorgezanoni.com.br\/2019\/wp-content\/uploads\/2020\/12\/pm2-1-300x225.jpg 300w, https:\/\/jorgezanoni.com.br\/2019\/wp-content\/uploads\/2020\/12\/pm2-1-1024x769.jpg 1024w, https:\/\/jorgezanoni.com.br\/2019\/wp-content\/uploads\/2020\/12\/pm2-1-768x577.jpg 768w, https:\/\/jorgezanoni.com.br\/2019\/wp-content\/uploads\/2020\/12\/pm2-1-80x60.jpg 80w, https:\/\/jorgezanoni.com.br\/2019\/wp-content\/uploads\/2020\/12\/pm2-1-265x198.jpg 265w, https:\/\/jorgezanoni.com.br\/2019\/wp-content\/uploads\/2020\/12\/pm2-1-696x523.jpg 696w, https:\/\/jorgezanoni.com.br\/2019\/wp-content\/uploads\/2020\/12\/pm2-1-1068x802.jpg 1068w, https:\/\/jorgezanoni.com.br\/2019\/wp-content\/uploads\/2020\/12\/pm2-1-559x420.jpg 559w\" sizes=\"auto, (max-width: 1156px) 100vw, 1156px\" \/> <img loading=\"lazy\" decoding=\"async\" class=\"alignnone size-full wp-image-40336\" src=\"https:\/\/jorgezanoni.com.br\/2019\/wp-content\/uploads\/2020\/12\/pm3-1.jpg\" alt=\"\" width=\"868\" height=\"1156\" srcset=\"https:\/\/jorgezanoni.com.br\/2019\/wp-content\/uploads\/2020\/12\/pm3-1.jpg 868w, https:\/\/jorgezanoni.com.br\/2019\/wp-content\/uploads\/2020\/12\/pm3-1-225x300.jpg 225w, https:\/\/jorgezanoni.com.br\/2019\/wp-content\/uploads\/2020\/12\/pm3-1-769x1024.jpg 769w, https:\/\/jorgezanoni.com.br\/2019\/wp-content\/uploads\/2020\/12\/pm3-1-768x1023.jpg 768w, https:\/\/jorgezanoni.com.br\/2019\/wp-content\/uploads\/2020\/12\/pm3-1-696x927.jpg 696w, https:\/\/jorgezanoni.com.br\/2019\/wp-content\/uploads\/2020\/12\/pm3-1-315x420.jpg 315w\" sizes=\"auto, (max-width: 868px) 100vw, 868px\" \/><\/div>\n<div class=\"o9v6fnle cxmmr5t8 oygrvhab hcukyx3x c1et5uql ii04i59q\" style=\"text-align: justify;\">\n<div dir=\"auto\" style=\"text-align: justify;\"><a class=\"oajrlxb2 g5ia77u1 qu0x051f esr5mh6w e9989ue4 r7d6kgcz rq0escxv nhd2j8a9 nc684nl6 p7hjln8o kvgmc6g5 cxmmr5t8 oygrvhab hcukyx3x jb3vyjys rz4wbd8a qt6c0cv9 a8nywdso i1ao9s8h esuyzwwr f1sip0of lzcic4wl q66pz984 gpro0wi8 b1v8xokw\" tabindex=\"0\" role=\"link\" href=\"https:\/\/www.facebook.com\/hashtag\/25bpmi?__eep__=6&amp;__cft__[0]=AZUfacrwjw48aW6FPmyIgqZX5KiTchOSZFoU62G9pJoYhmuTN583kTw-ARWkoSzSma46oR-x8sTQMgfs4qau92kD5tMZ6cxwxzfECKLxToGU-fivJebhtSFEtE8EyH_cI2CpdDWSMqnPVMLaMkRFwF6W&amp;__tn__=*NK-R\">#25BPMI<\/a><\/div>\n<div dir=\"auto\" style=\"text-align: justify;\"><a class=\"oajrlxb2 g5ia77u1 qu0x051f esr5mh6w e9989ue4 r7d6kgcz rq0escxv nhd2j8a9 nc684nl6 p7hjln8o kvgmc6g5 cxmmr5t8 oygrvhab hcukyx3x jb3vyjys rz4wbd8a qt6c0cv9 a8nywdso i1ao9s8h esuyzwwr f1sip0of lzcic4wl q66pz984 gpro0wi8 b1v8xokw\" tabindex=\"0\" role=\"link\" href=\"https:\/\/www.facebook.com\/hashtag\/poli%CC%81ciamilitarsp?__eep__=6&amp;__cft__[0]=AZUfacrwjw48aW6FPmyIgqZX5KiTchOSZFoU62G9pJoYhmuTN583kTw-ARWkoSzSma46oR-x8sTQMgfs4qau92kD5tMZ6cxwxzfECKLxToGU-fivJebhtSFEtE8EyH_cI2CpdDWSMqnPVMLaMkRFwF6W&amp;__tn__=*NK-R\">#POLI\u0301CIAMILITARSP<\/a><\/div>\n<div dir=\"auto\" style=\"text-align: justify;\"><a class=\"oajrlxb2 g5ia77u1 qu0x051f esr5mh6w e9989ue4 r7d6kgcz rq0escxv nhd2j8a9 nc684nl6 p7hjln8o kvgmc6g5 cxmmr5t8 oygrvhab hcukyx3x jb3vyjys rz4wbd8a qt6c0cv9 a8nywdso i1ao9s8h esuyzwwr f1sip0of lzcic4wl q66pz984 gpro0wi8 b1v8xokw\" tabindex=\"0\" role=\"link\" href=\"https:\/\/www.facebook.com\/hashtag\/afor%C3%A7ap%C3%BAblicades%C3%A3opaulo?__eep__=6&amp;__cft__[0]=AZUfacrwjw48aW6FPmyIgqZX5KiTchOSZFoU62G9pJoYhmuTN583kTw-ARWkoSzSma46oR-x8sTQMgfs4qau92kD5tMZ6cxwxzfECKLxToGU-fivJebhtSFEtE8EyH_cI2CpdDWSMqnPVMLaMkRFwF6W&amp;__tn__=*NK-R\">#AFOR\u00c7AP\u00daBLICADES\u00c3OPAULO<\/a><\/div>\n<div dir=\"auto\" style=\"text-align: justify;\">COMUNICA\u00c7\u00c3O SOCIAL DO 25\u00ba BPM\/I<\/div>\n<div dir=\"auto\"><\/div>\n<\/div>\n<div dir=\"auto\" style=\"text-align: justify;\">O <strong>Site Jorge Zanoni<\/strong> parabeniza todos os Policias do 25, especialmente os amigos de Dracena.<\/div>\n<div dir=\"auto\" style=\"text-align: justify;\"><\/div>\n<div dir=\"auto\" style=\"text-align: justify;\">Jorge Zanoni<\/div>\n","protected":false},"excerpt":{"rendered":"<p>25\u00ba BPM\/I &#8211; SOLENIDADE ALUSIVA AO 189\u00ba ANIVERS\u00c1RIO DA POL\u00cdCIA MILITAR DO ESTADO DE S\u00c3O PAULO. VEJA V\u00cdDEO INSTITUCIONAL: Na manh\u00e3 de hoje (15), o efetivo da sede do 25\u00ba BPM\/I, participou da solenidade Alusiva aos 189\u00ba anos de cria\u00e7\u00e3o da Pol\u00edcia Militar. O efetivo em forma, prestou contin\u00eancia a Bandeira Nacional, que foi hasteada [&hellip;]<\/p>\n","protected":false},"author":1,"featured_media":40337,"comment_status":"closed","ping_status":"open","sticky":false,"template":"","format":"video","meta":{"footnotes":""},"categories":[110,2,169],"tags":[],"class_list":["post-40331","post","type-post","status-publish","format-video","has-post-thumbnail","hentry","category-noticiasdestaque","category-policial","category-videos","post_format-post-format-video"],"_links":{"self":[{"href":"https:\/\/jorgezanoni.com.br\/2019\/wp-json\/wp\/v2\/posts\/40331","targetHints":{"allow":["GET"]}}],"collection":[{"href":"https:\/\/jorgezanoni.com.br\/2019\/wp-json\/wp\/v2\/posts"}],"about":[{"href":"https:\/\/jorgezanoni.com.br\/2019\/wp-json\/wp\/v2\/types\/post"}],"author":[{"embeddable":true,"href":"https:\/\/jorgezanoni.com.br\/2019\/wp-json\/wp\/v2\/users\/1"}],"replies":[{"embeddable":true,"href":"https:\/\/jorgezanoni.com.br\/2019\/wp-json\/wp\/v2\/comments?post=40331"}],"version-history":[{"count":0,"href":"https:\/\/jorgezanoni.com.br\/2019\/wp-json\/wp\/v2\/posts\/40331\/revisions"}],"wp:featuredmedia":[{"embeddable":true,"href":"https:\/\/jorgezanoni.com.br\/2019\/wp-json\/wp\/v2\/media\/40337"}],"wp:attachment":[{"href":"https:\/\/jorgezanoni.com.br\/2019\/wp-json\/wp\/v2\/media?parent=40331"}],"wp:term":[{"taxonomy":"category","embeddable":true,"href":"https:\/\/jorgezanoni.com.br\/2019\/wp-json\/wp\/v2\/categories?post=40331"},{"taxonomy":"post_tag","embeddable":true,"href":"https:\/\/jorgezanoni.com.br\/2019\/wp-json\/wp\/v2\/tags?post=40331"}],"curies":[{"name":"wp","href":"https:\/\/api.w.org\/{rel}","templated":true}]}}