{"id":40306,"date":"2020-12-15T16:28:28","date_gmt":"2020-12-15T16:28:28","guid":{"rendered":"https:\/\/jorgezanoni.com.br\/2019\/?p=40306"},"modified":"2020-12-15T16:28:28","modified_gmt":"2020-12-15T16:28:28","slug":"obras-do-predio-que-abrigara-a-fase-de-internato-do-curso-de-medicina-estao-em-andamento","status":"publish","type":"post","link":"https:\/\/jorgezanoni.com.br\/2019\/obras-do-predio-que-abrigara-a-fase-de-internato-do-curso-de-medicina-estao-em-andamento\/","title":{"rendered":"Obras do pr\u00e9dio que abrigar\u00e1 a fase de internato do curso de Medicina est\u00e3o em andamento"},"content":{"rendered":"<h3 dir=\"ltr\" style=\"text-align: justify;\"><strong>A constru\u00e7\u00e3o est\u00e1 sendo realizada pela Prefeitura Municipal de Dracena e abrigar\u00e1 audit\u00f3rio, biblioteca, salas de estudo, dormit\u00f3rios e copa que ser\u00e3o utilizados pelo curso de Medicina da Unifadra e pelos preceptores da Santa Casa de Dracena.<\/strong><\/h3>\n<p dir=\"ltr\" style=\"text-align: justify;\">A Prefeitura de Dracena iniciou a constru\u00e7\u00e3o do pr\u00e9dio que abrigar\u00e1 a estrutura para a fase de internato do curso de Medicina da Unifadra\/FUNDEC, o CEAMI &#8211; Centro de Estudos Acad\u00eamicos de Medicina para o Internato. O pr\u00e9dio ser\u00e1 constru\u00eddo na Rua Ipiranga, local onde existia o estacionamento da extinta Empresa Municipal de Sa\u00fade, pr\u00f3ximo \u00e0 Santa Casa. Com aproximadamente 435 metros quadrados, contar\u00e1 com audit\u00f3rio para 100 pessoas, biblioteca, salas para estudos de casos, dormit\u00f3rios e copa.<\/p>\n<p dir=\"ltr\" style=\"text-align: justify;\">O diretor executivo da Fundec Edson Hissatomi Kai destacou que a constru\u00e7\u00e3o desse pr\u00e9dio trata-se de um projeto in\u00e9dito que oferecer\u00e1 todas as condi\u00e7\u00f5es de conforto e funcionalidade para o desenvolvimento pr\u00e1tico adequado dos estudantes em uma das fases mais importantes da Medicina, que \u00e9 o internato em hospitais.<\/p>\n<p>A coordenadora do curso de Medicina da Unifadra Profa. Dra. Marilda Morgado de Abreu ressaltou a import\u00e2ncia de um local como este para o encontro di\u00e1rio de professores e alunos, a fim de discutirem os casos dos pacientes atendidos no hospital ou na aten\u00e7\u00e3o b\u00e1sica. &#8220;Al\u00e9m disso, a exist\u00eancia de um audit\u00f3rio amplo oferecer\u00e1 condi\u00e7\u00f5es para a realiza\u00e7\u00e3o de eventos cient\u00edficos maiores, o que contribuir\u00e1 para o aprimoramento do aprendizado. E a disponibiliza\u00e7\u00e3o de dormit\u00f3rios destinados ao descanso contribuir\u00e1 para um melhor desempenho dos estudantes durante os seus plant\u00f5es. Assim, este espa\u00e7o oferecer\u00e1 as condi\u00e7\u00f5es necess\u00e1rias para o bom desenvolvimento do internato&#8221;, comentou a coordenadora.<\/p>\n<p>O diretor acad\u00eamico da Unifadra Prof. Dr. Enio Garbelini destacou que esta constru\u00e7\u00e3o ser\u00e1 muito importante, pois nossos alunos ter\u00e3o um lugar confort\u00e1vel e estruturado, que servir\u00e1 de apoio durante o per\u00edodo do internato.<\/p>\n<p dir=\"ltr\" style=\"text-align: justify;\">O valor da obra gira em torno de R$ 630 mil reais e est\u00e1 sendo custeado por meio de emendas parlamentares do deputado estadual Reinaldo Alguz e do ent\u00e3o deputado federal \u00e0 \u00e9poca Evandro Gussi, juntamente com o apoio do atual deputado federal Enrico Misasi.<\/p>\n<p dir=\"ltr\" style=\"text-align: justify;\">&#8220;A prefeitura construir\u00e1 este espa\u00e7o important\u00edssimo para a forma\u00e7\u00e3o dos alunos do curso de Medicina. Todos ganham com este projeto. \u00c9 mais um esfor\u00e7o da nossa administra\u00e7\u00e3o para a melhoria da qualidade da sa\u00fade de Dracena, utilizando do curso de Medicina da Unifadra em apoio \u00e0 Santa Casa de Dracena&#8221;, declarou o prefeito de Dracena.<\/p>\n<p dir=\"ltr\"><img loading=\"lazy\" decoding=\"async\" class=\"alignnone size-full wp-image-40308\" src=\"https:\/\/jorgezanoni.com.br\/2019\/wp-content\/uploads\/2020\/12\/ceami.jpg\" alt=\"\" width=\"800\" height=\"600\" srcset=\"https:\/\/jorgezanoni.com.br\/2019\/wp-content\/uploads\/2020\/12\/ceami.jpg 800w, https:\/\/jorgezanoni.com.br\/2019\/wp-content\/uploads\/2020\/12\/ceami-300x225.jpg 300w, https:\/\/jorgezanoni.com.br\/2019\/wp-content\/uploads\/2020\/12\/ceami-768x576.jpg 768w, https:\/\/jorgezanoni.com.br\/2019\/wp-content\/uploads\/2020\/12\/ceami-80x60.jpg 80w, https:\/\/jorgezanoni.com.br\/2019\/wp-content\/uploads\/2020\/12\/ceami-265x198.jpg 265w, https:\/\/jorgezanoni.com.br\/2019\/wp-content\/uploads\/2020\/12\/ceami-696x522.jpg 696w, https:\/\/jorgezanoni.com.br\/2019\/wp-content\/uploads\/2020\/12\/ceami-560x420.jpg 560w\" sizes=\"auto, (max-width: 800px) 100vw, 800px\" \/><\/p>\n<div class=\"gmail_signature\" dir=\"ltr\">\n<div dir=\"ltr\" style=\"text-align: justify;\">Carolina Colnago<br \/>\nAssistente de Comunica\u00e7\u00e3o<br \/>\nFunda\u00e7\u00e3o Dracenense de Educa\u00e7\u00e3o e Cultura<\/div>\n<\/div>\n","protected":false},"excerpt":{"rendered":"<p>A constru\u00e7\u00e3o est\u00e1 sendo realizada pela Prefeitura Municipal de Dracena e abrigar\u00e1 audit\u00f3rio, biblioteca, salas de estudo, dormit\u00f3rios e copa que ser\u00e3o utilizados pelo curso de Medicina da Unifadra e pelos preceptores da Santa Casa de Dracena. A Prefeitura de Dracena iniciou a constru\u00e7\u00e3o do pr\u00e9dio que abrigar\u00e1 a estrutura para a fase de internato [&hellip;]<\/p>\n","protected":false},"author":1,"featured_media":40307,"comment_status":"closed","ping_status":"open","sticky":false,"template":"","format":"standard","meta":{"footnotes":""},"categories":[110,122],"tags":[],"class_list":["post-40306","post","type-post","status-publish","format-standard","has-post-thumbnail","hentry","category-noticiasdestaque","category-saudeeducacaoeconcurso"],"_links":{"self":[{"href":"https:\/\/jorgezanoni.com.br\/2019\/wp-json\/wp\/v2\/posts\/40306","targetHints":{"allow":["GET"]}}],"collection":[{"href":"https:\/\/jorgezanoni.com.br\/2019\/wp-json\/wp\/v2\/posts"}],"about":[{"href":"https:\/\/jorgezanoni.com.br\/2019\/wp-json\/wp\/v2\/types\/post"}],"author":[{"embeddable":true,"href":"https:\/\/jorgezanoni.com.br\/2019\/wp-json\/wp\/v2\/users\/1"}],"replies":[{"embeddable":true,"href":"https:\/\/jorgezanoni.com.br\/2019\/wp-json\/wp\/v2\/comments?post=40306"}],"version-history":[{"count":0,"href":"https:\/\/jorgezanoni.com.br\/2019\/wp-json\/wp\/v2\/posts\/40306\/revisions"}],"wp:featuredmedia":[{"embeddable":true,"href":"https:\/\/jorgezanoni.com.br\/2019\/wp-json\/wp\/v2\/media\/40307"}],"wp:attachment":[{"href":"https:\/\/jorgezanoni.com.br\/2019\/wp-json\/wp\/v2\/media?parent=40306"}],"wp:term":[{"taxonomy":"category","embeddable":true,"href":"https:\/\/jorgezanoni.com.br\/2019\/wp-json\/wp\/v2\/categories?post=40306"},{"taxonomy":"post_tag","embeddable":true,"href":"https:\/\/jorgezanoni.com.br\/2019\/wp-json\/wp\/v2\/tags?post=40306"}],"curies":[{"name":"wp","href":"https:\/\/api.w.org\/{rel}","templated":true}]}}