{"id":40271,"date":"2020-12-15T01:39:56","date_gmt":"2020-12-15T01:39:56","guid":{"rendered":"https:\/\/jorgezanoni.com.br\/2019\/?p=40271"},"modified":"2020-12-15T01:39:56","modified_gmt":"2020-12-15T01:39:56","slug":"policia-militar-prende-dois-homens-por-furto-em-residencia-de-dracena","status":"publish","type":"post","link":"https:\/\/jorgezanoni.com.br\/2019\/policia-militar-prende-dois-homens-por-furto-em-residencia-de-dracena\/","title":{"rendered":"Pol\u00edcia Militar prende dois homens por furto em resid\u00eancia de Dracena"},"content":{"rendered":"<div class=\"kvgmc6g5 cxmmr5t8 oygrvhab hcukyx3x c1et5uql ii04i59q\">\n<div dir=\"auto\" style=\"text-align: justify;\"><strong>POL\u00cdCIA MILITAR PRENDE 02 HOMENS EM DRACENA\/SP, POR FURTO EM RESID\u00caNCIA.<\/strong><\/div>\n<div dir=\"auto\" style=\"text-align: justify;\">Na noite de ontem (13), por volta das 23h, durante patrulhamento de For\u00e7a T\u00e1tica pelo munic\u00edpio de Dracena, os policiais receberam um alerta sobre 02 indiv\u00edduos em atitude suspeita pelo bairro Sol Nascente. A equipe policial foi at\u00e9 o bairro para averiguar a den\u00fancia, onde avistaram 02 homens com alguns objetos nas m\u00e3os e que ao perceberem a viatura policial, jogaram os objetos e empreenderam fuga a p\u00e9, por\u00e9m foram alcan\u00e7ados e abordados. Durante a busca pessoal nos autores (49 e 30 anos) nada de il\u00edcito foi localizado, por\u00e9m ao perguntar sobre os objetos, confessaram serem furtados, indicando ainda a casa em constru\u00e7\u00e3o de onde haviam furtado. Em contato com o propriet\u00e1rio da obra, que chegou ao local e reconheceu os objetos (01 serra m\u00e1rmore, 01 carregador de celular, 01 extens\u00e3o, 01 alicate e 01 r\u00e1dio) como sendo de propriedade de seu pedreiro que tamb\u00e9m \u00e9 seu parente. Diante do fato foi dada voz de pris\u00e3o aos autores que permaneceram presos a disposi\u00e7\u00e3o da justi\u00e7a.<\/div>\n<\/div>\n<div class=\"o9v6fnle cxmmr5t8 oygrvhab hcukyx3x c1et5uql ii04i59q\">\n<div dir=\"auto\" style=\"text-align: justify;\"><a class=\"oajrlxb2 g5ia77u1 qu0x051f esr5mh6w e9989ue4 r7d6kgcz rq0escxv nhd2j8a9 nc684nl6 p7hjln8o kvgmc6g5 cxmmr5t8 oygrvhab hcukyx3x jb3vyjys rz4wbd8a qt6c0cv9 a8nywdso i1ao9s8h esuyzwwr f1sip0of lzcic4wl q66pz984 gpro0wi8 b1v8xokw\" tabindex=\"0\" role=\"link\" href=\"https:\/\/www.facebook.com\/hashtag\/25bpmi?__eep__=6&amp;__cft__[0]=AZWDbtubn2UTmMQY-jsQ1bOLlY85cKWnQu3QVigNnEh59IDHs8fVKVEJst4lGeRPHFfA0U25WeX9xgD829wk79cFiCGcS8FvMagmTUclsX816KmO1OMaKEoRQbkjaalx5ImF1gpX45iXp3AG6L-kWzdH&amp;__tn__=*NK-R\">#25BPMI<\/a><\/div>\n<div dir=\"auto\" style=\"text-align: justify;\"><a class=\"oajrlxb2 g5ia77u1 qu0x051f esr5mh6w e9989ue4 r7d6kgcz rq0escxv nhd2j8a9 nc684nl6 p7hjln8o kvgmc6g5 cxmmr5t8 oygrvhab hcukyx3x jb3vyjys rz4wbd8a qt6c0cv9 a8nywdso i1ao9s8h esuyzwwr f1sip0of lzcic4wl q66pz984 gpro0wi8 b1v8xokw\" tabindex=\"0\" role=\"link\" href=\"https:\/\/www.facebook.com\/hashtag\/policiamilitarsp?__eep__=6&amp;__cft__[0]=AZWDbtubn2UTmMQY-jsQ1bOLlY85cKWnQu3QVigNnEh59IDHs8fVKVEJst4lGeRPHFfA0U25WeX9xgD829wk79cFiCGcS8FvMagmTUclsX816KmO1OMaKEoRQbkjaalx5ImF1gpX45iXp3AG6L-kWzdH&amp;__tn__=*NK-R\">#policiamilitarsp<\/a><\/div>\n<div dir=\"auto\" style=\"text-align: justify;\"><a class=\"oajrlxb2 g5ia77u1 qu0x051f esr5mh6w e9989ue4 r7d6kgcz rq0escxv nhd2j8a9 nc684nl6 p7hjln8o kvgmc6g5 cxmmr5t8 oygrvhab hcukyx3x jb3vyjys rz4wbd8a qt6c0cv9 a8nywdso i1ao9s8h esuyzwwr f1sip0of lzcic4wl q66pz984 gpro0wi8 b1v8xokw\" tabindex=\"0\" role=\"link\" href=\"https:\/\/www.facebook.com\/hashtag\/afor%C3%A7ap%C3%BAblicades%C3%A3opaulo?__eep__=6&amp;__cft__[0]=AZWDbtubn2UTmMQY-jsQ1bOLlY85cKWnQu3QVigNnEh59IDHs8fVKVEJst4lGeRPHFfA0U25WeX9xgD829wk79cFiCGcS8FvMagmTUclsX816KmO1OMaKEoRQbkjaalx5ImF1gpX45iXp3AG6L-kWzdH&amp;__tn__=*NK-R\">#AFOR\u00c7AP\u00daBLICADES\u00c3OPAULO<\/a><\/div>\n<div dir=\"auto\">COMUNICA\u00c7\u00c3O SOCIAL DO 25\u00ba BPM\/I<\/div>\n<\/div>\n","protected":false},"excerpt":{"rendered":"<p>POL\u00cdCIA MILITAR PRENDE 02 HOMENS EM DRACENA\/SP, POR FURTO EM RESID\u00caNCIA. Na noite de ontem (13), por volta das 23h, durante patrulhamento de For\u00e7a T\u00e1tica pelo munic\u00edpio de Dracena, os policiais receberam um alerta sobre 02 indiv\u00edduos em atitude suspeita pelo bairro Sol Nascente. A equipe policial foi at\u00e9 o bairro para averiguar a den\u00fancia, [&hellip;]<\/p>\n","protected":false},"author":1,"featured_media":40272,"comment_status":"closed","ping_status":"open","sticky":false,"template":"","format":"standard","meta":{"footnotes":""},"categories":[110,2],"tags":[],"class_list":["post-40271","post","type-post","status-publish","format-standard","has-post-thumbnail","hentry","category-noticiasdestaque","category-policial"],"_links":{"self":[{"href":"https:\/\/jorgezanoni.com.br\/2019\/wp-json\/wp\/v2\/posts\/40271","targetHints":{"allow":["GET"]}}],"collection":[{"href":"https:\/\/jorgezanoni.com.br\/2019\/wp-json\/wp\/v2\/posts"}],"about":[{"href":"https:\/\/jorgezanoni.com.br\/2019\/wp-json\/wp\/v2\/types\/post"}],"author":[{"embeddable":true,"href":"https:\/\/jorgezanoni.com.br\/2019\/wp-json\/wp\/v2\/users\/1"}],"replies":[{"embeddable":true,"href":"https:\/\/jorgezanoni.com.br\/2019\/wp-json\/wp\/v2\/comments?post=40271"}],"version-history":[{"count":0,"href":"https:\/\/jorgezanoni.com.br\/2019\/wp-json\/wp\/v2\/posts\/40271\/revisions"}],"wp:featuredmedia":[{"embeddable":true,"href":"https:\/\/jorgezanoni.com.br\/2019\/wp-json\/wp\/v2\/media\/40272"}],"wp:attachment":[{"href":"https:\/\/jorgezanoni.com.br\/2019\/wp-json\/wp\/v2\/media?parent=40271"}],"wp:term":[{"taxonomy":"category","embeddable":true,"href":"https:\/\/jorgezanoni.com.br\/2019\/wp-json\/wp\/v2\/categories?post=40271"},{"taxonomy":"post_tag","embeddable":true,"href":"https:\/\/jorgezanoni.com.br\/2019\/wp-json\/wp\/v2\/tags?post=40271"}],"curies":[{"name":"wp","href":"https:\/\/api.w.org\/{rel}","templated":true}]}}