{"id":4026,"date":"2019-08-18T01:51:50","date_gmt":"2019-08-18T01:51:50","guid":{"rendered":"https:\/\/jorgezanoni.com.br\/2019\/?p=4026"},"modified":"2019-08-18T01:51:50","modified_gmt":"2019-08-18T01:51:50","slug":"cavalos-sobem-em-telhado-e-sao-resgatados-pelo-corpo-de-bombeiros","status":"publish","type":"post","link":"https:\/\/jorgezanoni.com.br\/2019\/cavalos-sobem-em-telhado-e-sao-resgatados-pelo-corpo-de-bombeiros\/","title":{"rendered":"Cavalos sobem em telhado e s\u00e3o resgatados pelo Corpo de Bombeiros"},"content":{"rendered":"<h2 class=\"subtitulo\" style=\"text-align: justify;\"><strong>Bombeiros realizaram o resgate dos animais com o apoio de um caminh\u00e3o munck.<\/strong><\/h2>\n<p><img loading=\"lazy\" decoding=\"async\" class=\"alignnone size-full wp-image-4027\" src=\"https:\/\/jorgezanoni.com.br\/2019\/wp-content\/uploads\/2019\/08\/cavalos.jpg\" alt=\"\" width=\"540\" height=\"300\" srcset=\"https:\/\/jorgezanoni.com.br\/2019\/wp-content\/uploads\/2019\/08\/cavalos.jpg 540w, https:\/\/jorgezanoni.com.br\/2019\/wp-content\/uploads\/2019\/08\/cavalos-300x167.jpg 300w\" sizes=\"auto, (max-width: 540px) 100vw, 540px\" \/><\/p>\n<p style=\"text-align: justify;\">Um dos cavalos, no alto do barrac\u00e3o, foi resgatado em seguida pelo Corpo de Bombeiros (Foto: J. Serafim Show).<\/p>\n<p style=\"text-align: justify;\">Em Lins, dois cavalos conseguiram subir no telhado de um barrac\u00e3o e de uma casa, e s\u00f3 foram retirados do local com a a\u00e7\u00e3o do Corpo de Bombeiros e a ajuda de um caminh\u00e3o munck. O caso foi na tarde desta quinta-feira (15) e chamou a aten\u00e7\u00e3o da cidade e regi\u00e3o.<\/p>\n<p><img loading=\"lazy\" decoding=\"async\" class=\"alignnone size-full wp-image-4028\" src=\"https:\/\/jorgezanoni.com.br\/2019\/wp-content\/uploads\/2019\/08\/cavalo1.jpg\" alt=\"\" width=\"540\" height=\"300\" srcset=\"https:\/\/jorgezanoni.com.br\/2019\/wp-content\/uploads\/2019\/08\/cavalo1.jpg 540w, https:\/\/jorgezanoni.com.br\/2019\/wp-content\/uploads\/2019\/08\/cavalo1-300x167.jpg 300w\" sizes=\"auto, (max-width: 540px) 100vw, 540px\" \/><\/p>\n<p style=\"font-weight: 400; text-align: justify;\"><em>Foto: Ciro Augusto\u00a0<\/em><\/p>\n<p style=\"font-weight: 400; text-align: justify;\">Os animais tiveram acesso ao telhado dos im\u00f3veis a partir de um terreno lateral, cujo n\u00edvel dos lotes est\u00e1 na altura da cobertura dos dois im\u00f3veis vizinhos. Com essa facilidade do desn\u00edvel, os dois animais teriam saltado do terreno at\u00e9 o telhado.<\/p>\n<p style=\"font-weight: 400; text-align: justify;\">A cobertura da casa \u00e9 de telhas cer\u00e2micas, que cederam com o peso do animal. O cavalo ficou preso entre o madeiramento.<\/p>\n<p style=\"font-weight: 400; text-align: justify;\">J\u00e1 o segundo animal saltou para um barrac\u00e3o com cobertura met\u00e1lica, cujas telhas de zinco n\u00e3o cederam.<\/p>\n<p style=\"font-weight: 400; text-align: justify;\">Os animais foram retirados com a atua\u00e7\u00e3o do Corpo de Bombeiros de Linz e um caminh\u00e3o munck. Os cavalos foram envolvidos em uma cinta de alta resist\u00eancia e i\u00e7ados do local, em seguran\u00e7a, e foram devolvidos aos donos.<\/p>\n<p><img loading=\"lazy\" decoding=\"async\" class=\"alignnone size-full wp-image-4029\" src=\"https:\/\/jorgezanoni.com.br\/2019\/wp-content\/uploads\/2019\/08\/cavalo4.jpg\" alt=\"\" width=\"540\" height=\"960\" srcset=\"https:\/\/jorgezanoni.com.br\/2019\/wp-content\/uploads\/2019\/08\/cavalo4.jpg 540w, https:\/\/jorgezanoni.com.br\/2019\/wp-content\/uploads\/2019\/08\/cavalo4-169x300.jpg 169w, https:\/\/jorgezanoni.com.br\/2019\/wp-content\/uploads\/2019\/08\/cavalo4-236x420.jpg 236w\" sizes=\"auto, (max-width: 540px) 100vw, 540px\" \/><\/p>\n<p>Fonte: sigamais.com<\/p>\n","protected":false},"excerpt":{"rendered":"<p>Bombeiros realizaram o resgate dos animais com o apoio de um caminh\u00e3o munck. Um dos cavalos, no alto do barrac\u00e3o, foi resgatado em seguida pelo Corpo de Bombeiros (Foto: J. Serafim Show). Em Lins, dois cavalos conseguiram subir no telhado de um barrac\u00e3o e de uma casa, e s\u00f3 foram retirados do local com a [&hellip;]<\/p>\n","protected":false},"author":1,"featured_media":4030,"comment_status":"closed","ping_status":"open","sticky":false,"template":"","format":"standard","meta":{"footnotes":""},"categories":[110,2],"tags":[],"class_list":["post-4026","post","type-post","status-publish","format-standard","has-post-thumbnail","hentry","category-noticiasdestaque","category-policial"],"_links":{"self":[{"href":"https:\/\/jorgezanoni.com.br\/2019\/wp-json\/wp\/v2\/posts\/4026","targetHints":{"allow":["GET"]}}],"collection":[{"href":"https:\/\/jorgezanoni.com.br\/2019\/wp-json\/wp\/v2\/posts"}],"about":[{"href":"https:\/\/jorgezanoni.com.br\/2019\/wp-json\/wp\/v2\/types\/post"}],"author":[{"embeddable":true,"href":"https:\/\/jorgezanoni.com.br\/2019\/wp-json\/wp\/v2\/users\/1"}],"replies":[{"embeddable":true,"href":"https:\/\/jorgezanoni.com.br\/2019\/wp-json\/wp\/v2\/comments?post=4026"}],"version-history":[{"count":0,"href":"https:\/\/jorgezanoni.com.br\/2019\/wp-json\/wp\/v2\/posts\/4026\/revisions"}],"wp:featuredmedia":[{"embeddable":true,"href":"https:\/\/jorgezanoni.com.br\/2019\/wp-json\/wp\/v2\/media\/4030"}],"wp:attachment":[{"href":"https:\/\/jorgezanoni.com.br\/2019\/wp-json\/wp\/v2\/media?parent=4026"}],"wp:term":[{"taxonomy":"category","embeddable":true,"href":"https:\/\/jorgezanoni.com.br\/2019\/wp-json\/wp\/v2\/categories?post=4026"},{"taxonomy":"post_tag","embeddable":true,"href":"https:\/\/jorgezanoni.com.br\/2019\/wp-json\/wp\/v2\/tags?post=4026"}],"curies":[{"name":"wp","href":"https:\/\/api.w.org\/{rel}","templated":true}]}}