{"id":40256,"date":"2020-12-14T22:38:00","date_gmt":"2020-12-14T22:38:00","guid":{"rendered":"https:\/\/jorgezanoni.com.br\/2019\/?p=40256"},"modified":"2020-12-14T23:02:07","modified_gmt":"2020-12-14T23:02:07","slug":"carteiro-atropelado-por-carreta-estava-ha-25-anos-nos-correios","status":"publish","type":"post","link":"https:\/\/jorgezanoni.com.br\/2019\/carteiro-atropelado-por-carreta-estava-ha-25-anos-nos-correios\/","title":{"rendered":"Carteiro atropelado por carreta estava h\u00e1 25 anos nos Correios"},"content":{"rendered":"<p style=\"text-align: justify;\"><strong>Conforme colega de trabalho, v\u00edtima trabalhava no Centro de Distribui\u00e7\u00e3o no Bairro Guanandi, onde acidente foi registrado, em Campo Grande.<\/strong><\/p>\n<p style=\"text-align: justify;\">Foi identificado como Eliovaldo Vargas Costa, de 54 anos, o carteiro morto ao ser atropelado por carreta, na tarde desta segunda-feira (14). O acidente ocorreu no cruzamento das Avenidas Ernesto Geisel e Manoel da Costa Lima, no Bairro Guanandi. Socorristas foram acionados, mas a v\u00edtima n\u00e3o resistiu aos ferimentos e faleceu na hora.<\/p>\n<p style=\"text-align: justify;\">Eliovaldo estava de bicicleta e, segundo o condutor do ve\u00edculo pesado, ambos seguiam no mesmo sentido da Avenida Manoel da Costa Lima, quando a carreta tentou fazer convers\u00e3o \u00e0 direita para acessar a Avenida Ernesto Geisel, sentido bairro Aero Rancho. A suspeita \u00e9 de que o trabalhador seguiria reto, mas acabou sendo atropelado.<\/p>\n<p style=\"text-align: justify;\">\u201cEle vinha no mesmo sentido que eu, j\u00e1 tinha passado por ele l\u00e1 em cima, mas acredito que porque parei no sem\u00e1foro, ele me alcan\u00e7ou. Estava no ponto cego do caminh\u00e3o, de certo ele achou que ia subir direto\u201d, revelou abalado L.C.N., de 52 anos, condutor da carreta.<\/p>\n<p style=\"text-align: justify;\">&#8220;Acredito que eu tenho batido nele e arrastado um pouco a bicicleta. Eu n\u00e3o vi ele&#8221;, complementa. O motorista afirmou ainda ter sa\u00eddo da cidade de Dracena, no interior de S\u00e3o Paulo, para fazer entrega em Campo Grande.<\/p>\n<p style=\"text-align: justify;\">Com o impacto da batida, v\u00edtima e bicicleta acabaram sendo arrastados e indo parar embaixo da carreta.<\/p>\n<p style=\"text-align: justify;\">Segundo colega de trabalho de Eliovaldo, que esteve no local, o amigo trabalhava h\u00e1 mais de 25 anos nos Correios, prestando servi\u00e7o, atualmente, no Centro de Distribui\u00e7\u00e3o do Bairro Guanandi, fazendo entregas na regi\u00e3o.<\/p>\n<p style=\"text-align: justify;\">Correios &#8211; Em nota, a empresa lamentou a morte do funcion\u00e1rio. &#8220;Os Correios confirmam o falecimento do empregado Eliovaldo Vargas da Costa, v\u00edtima de um acidente de tr\u00e2nsito, em Campo Grande, na tarde desta segunda-feira (14). Eliovaldo trabalhava h\u00e1 25 anos na estatal. A empresa lamenta o ocorrido e segue colaborando com os \u00f3rg\u00e3os competentes nas investiga\u00e7\u00f5es sobre as causas do acidente e tamb\u00e9m prestando apoio \u00e0 fam\u00edlia&#8221;. &#8211;<\/p>\n<p style=\"text-align: justify;\">Fonte: Campo Grande News<\/p>\n","protected":false},"excerpt":{"rendered":"<p>Conforme colega de trabalho, v\u00edtima trabalhava no Centro de Distribui\u00e7\u00e3o no Bairro Guanandi, onde acidente foi registrado, em Campo Grande. Foi identificado como Eliovaldo Vargas Costa, de 54 anos, o carteiro morto ao ser atropelado por carreta, na tarde desta segunda-feira (14). O acidente ocorreu no cruzamento das Avenidas Ernesto Geisel e Manoel da Costa [&hellip;]<\/p>\n","protected":false},"author":1,"featured_media":40257,"comment_status":"closed","ping_status":"open","sticky":false,"template":"","format":"standard","meta":{"footnotes":""},"categories":[170,110],"tags":[],"class_list":["post-40256","post","type-post","status-publish","format-standard","has-post-thumbnail","hentry","category-acidentes","category-noticiasdestaque"],"_links":{"self":[{"href":"https:\/\/jorgezanoni.com.br\/2019\/wp-json\/wp\/v2\/posts\/40256","targetHints":{"allow":["GET"]}}],"collection":[{"href":"https:\/\/jorgezanoni.com.br\/2019\/wp-json\/wp\/v2\/posts"}],"about":[{"href":"https:\/\/jorgezanoni.com.br\/2019\/wp-json\/wp\/v2\/types\/post"}],"author":[{"embeddable":true,"href":"https:\/\/jorgezanoni.com.br\/2019\/wp-json\/wp\/v2\/users\/1"}],"replies":[{"embeddable":true,"href":"https:\/\/jorgezanoni.com.br\/2019\/wp-json\/wp\/v2\/comments?post=40256"}],"version-history":[{"count":0,"href":"https:\/\/jorgezanoni.com.br\/2019\/wp-json\/wp\/v2\/posts\/40256\/revisions"}],"wp:featuredmedia":[{"embeddable":true,"href":"https:\/\/jorgezanoni.com.br\/2019\/wp-json\/wp\/v2\/media\/40257"}],"wp:attachment":[{"href":"https:\/\/jorgezanoni.com.br\/2019\/wp-json\/wp\/v2\/media?parent=40256"}],"wp:term":[{"taxonomy":"category","embeddable":true,"href":"https:\/\/jorgezanoni.com.br\/2019\/wp-json\/wp\/v2\/categories?post=40256"},{"taxonomy":"post_tag","embeddable":true,"href":"https:\/\/jorgezanoni.com.br\/2019\/wp-json\/wp\/v2\/tags?post=40256"}],"curies":[{"name":"wp","href":"https:\/\/api.w.org\/{rel}","templated":true}]}}