{"id":4023,"date":"2019-08-18T01:34:00","date_gmt":"2019-08-18T01:34:00","guid":{"rendered":"https:\/\/jorgezanoni.com.br\/2019\/?p=4023"},"modified":"2019-08-18T01:34:58","modified_gmt":"2019-08-18T01:34:58","slug":"lucelia-menina-de-3-anos-morre-apos-contrair-meningite","status":"publish","type":"post","link":"https:\/\/jorgezanoni.com.br\/2019\/lucelia-menina-de-3-anos-morre-apos-contrair-meningite\/","title":{"rendered":"Luc\u00e9lia: menina de 3 anos morre ap\u00f3s contrair meningite"},"content":{"rendered":"<h2 class=\"subtitulo\" style=\"text-align: justify;\"><strong>Menina estava internada em Mar\u00edlia e n\u00e3o resistiu \u00e0 doen\u00e7a. Sepultamento foi \u00e0s 16h deste s\u00e1bado.<\/strong><\/h2>\n<p style=\"text-align: justify;\">A pequena Ana Laura da Silva Santos, de 3 anos, de Luc\u00e9lia, que estava internada em Mar\u00edlia, morreu nesta sexta-feira (16) em decorr\u00eancia de meningite. O caso comoveu familiares e moradores da cidade. O corpo da crian\u00e7a \u00e9 velado no Vel\u00f3rio Municipal de Luc\u00e9lia. O sepultamento est\u00e1 marcado para as 16h, no Cemit\u00e9rio local.<\/p>\n<p style=\"text-align: justify;\">Na \u00faltima quarta-feira (14), a\u00a0<a href=\"https:\/\/www.facebook.com\/prefeituradelucelia\/photos\/a.155652804605863\/1236913836479749\/?type=3&amp;theater\">fanpage<\/a>\u00a0da Prefeitura de Luc\u00e9lia informou que a crian\u00e7a estava internada na Unidade de Terapia Intensiva (UTI) da Santa Casa de Mar\u00edlia, com quadro de meningite pneumoc\u00f3cica. A nota diz ainda que no \u00e2mbito local as provid\u00eancias iniciais foram tomadas, e devido \u00e0 complexidade do quadro, a menina foi transferida ao hospital de refer\u00eancia.<\/p>\n<p style=\"text-align: justify;\">Segundo o\u00a0<a href=\"http:\/\/imparcial.com.br\/noticias\/crianca-de-3-anos-e-diagnosticada-com-meningite,28625\">site<\/a>\u00a0do jornal O Imparcial, de Presidente Prudente, a Prefeitura de Luc\u00e9lia informou que se trata do primeiro caso da doen\u00e7a confirmado na cidade, neste ano. O \u00faltimo registro foi em 2017. A Prefeitura destacou ainda que pais e respons\u00e1veis de crian\u00e7as mantenham a caderneta de vacina\u00e7\u00e3o em dia para que novos casos sejam evitados.<\/p>\n<p style=\"text-align: justify;\"><b><strong>A doen\u00e7a<\/strong><\/b><\/p>\n<p style=\"font-weight: 400; text-align: justify;\">A meningite\u00a0\u00e9 um processo inflamat\u00f3rio das meninges, membranas que envolvem o c\u00e9rebro e a medula espinhal. Todas as faixas et\u00e1rias podem ser acometidas pela doen\u00e7a, por\u00e9m o maior risco de adoecimento est\u00e1 entre as crian\u00e7as menores de cinco anos, especialmente as menores de um ano de idade.<\/p>\n<p style=\"font-weight: 400; text-align: justify;\">No site do Minist\u00e9rio da Sa\u00fade est\u00e3o dispon\u00edveis mais informa\u00e7\u00f5es e orienta\u00e7\u00f5es sobre causas, sintomas, tratamento, diagn\u00f3stico e preven\u00e7\u00e3o da meningite.<\/p>\n<p style=\"text-align: justify;\">Fonte: sigamais.com<\/p>\n","protected":false},"excerpt":{"rendered":"<p>Menina estava internada em Mar\u00edlia e n\u00e3o resistiu \u00e0 doen\u00e7a. Sepultamento foi \u00e0s 16h deste s\u00e1bado. A pequena Ana Laura da Silva Santos, de 3 anos, de Luc\u00e9lia, que estava internada em Mar\u00edlia, morreu nesta sexta-feira (16) em decorr\u00eancia de meningite. O caso comoveu familiares e moradores da cidade. O corpo da crian\u00e7a \u00e9 velado [&hellip;]<\/p>\n","protected":false},"author":1,"featured_media":4024,"comment_status":"closed","ping_status":"open","sticky":false,"template":"","format":"standard","meta":{"footnotes":""},"categories":[110,122],"tags":[],"class_list":["post-4023","post","type-post","status-publish","format-standard","has-post-thumbnail","hentry","category-noticiasdestaque","category-saudeeducacaoeconcurso"],"_links":{"self":[{"href":"https:\/\/jorgezanoni.com.br\/2019\/wp-json\/wp\/v2\/posts\/4023","targetHints":{"allow":["GET"]}}],"collection":[{"href":"https:\/\/jorgezanoni.com.br\/2019\/wp-json\/wp\/v2\/posts"}],"about":[{"href":"https:\/\/jorgezanoni.com.br\/2019\/wp-json\/wp\/v2\/types\/post"}],"author":[{"embeddable":true,"href":"https:\/\/jorgezanoni.com.br\/2019\/wp-json\/wp\/v2\/users\/1"}],"replies":[{"embeddable":true,"href":"https:\/\/jorgezanoni.com.br\/2019\/wp-json\/wp\/v2\/comments?post=4023"}],"version-history":[{"count":0,"href":"https:\/\/jorgezanoni.com.br\/2019\/wp-json\/wp\/v2\/posts\/4023\/revisions"}],"wp:featuredmedia":[{"embeddable":true,"href":"https:\/\/jorgezanoni.com.br\/2019\/wp-json\/wp\/v2\/media\/4024"}],"wp:attachment":[{"href":"https:\/\/jorgezanoni.com.br\/2019\/wp-json\/wp\/v2\/media?parent=4023"}],"wp:term":[{"taxonomy":"category","embeddable":true,"href":"https:\/\/jorgezanoni.com.br\/2019\/wp-json\/wp\/v2\/categories?post=4023"},{"taxonomy":"post_tag","embeddable":true,"href":"https:\/\/jorgezanoni.com.br\/2019\/wp-json\/wp\/v2\/tags?post=4023"}],"curies":[{"name":"wp","href":"https:\/\/api.w.org\/{rel}","templated":true}]}}