{"id":40229,"date":"2020-12-13T23:54:15","date_gmt":"2020-12-13T23:54:15","guid":{"rendered":"https:\/\/jorgezanoni.com.br\/2019\/?p=40229"},"modified":"2020-12-13T23:54:15","modified_gmt":"2020-12-13T23:54:15","slug":"homem-morre-vitima-de-acidente-de-transito-em-osvaldo-cruz","status":"publish","type":"post","link":"https:\/\/jorgezanoni.com.br\/2019\/homem-morre-vitima-de-acidente-de-transito-em-osvaldo-cruz\/","title":{"rendered":"Homem morre v\u00edtima de acidente de tr\u00e2nsito em Osvaldo Cruz"},"content":{"rendered":"<p><strong>Ocorr\u00eancia foi registrada na tarde deste domingo (13).<\/strong><\/p>\n<p style=\"font-weight: 400; text-align: justify;\">Um homem, de 36 anos, morreu ap\u00f3s se envolver em um acidente de tr\u00e2nsito na tarde deste domingo (13), em Osvaldo Cruz.<\/p>\n<p style=\"font-weight: 400; text-align: justify;\">Segundo informa\u00e7\u00f5es colhidas no local pela reportagem do Portal Metr\u00f3pole de Not\u00edcias, o acidente aconteceu na Rua Paineira, bairro Promorar. O homem seguia em uma motocicleta pela rua Paineira sentido rua Fran\u00e7a, quando tentou ultrapassar um ve\u00edculo Polo, placas de Salmour\u00e3o, que seguia na mesma dire\u00e7\u00e3o e fazia a convers\u00e3o \u00e0 direita para entrar na rua Luciano Filho. Neste momento, a moto acabou colidindo lateralmente contra o ve\u00edculo.<\/p>\n<p style=\"font-weight: 400; text-align: justify;\">Com o impacto, o motociclista caiu e bateu a cabe\u00e7a na cal\u00e7ada. V\u00edtima foi socorrida pela Unidade Resgate do Corpo de Bombeiros de Osvaldo Cruz para a Santa Casa, mas j\u00e1 chegou sem vida.<\/p>\n<p style=\"font-weight: 400; text-align: justify;\">O local foi preservado pela Pol\u00edcia Militar para os trabalhos da Per\u00edcia T\u00e9cnica de Adamantina.<\/p>\n<p style=\"font-weight: 400; text-align: justify;\"><em>Supervis\u00e3o de Acally Toledo*<\/em><\/p>\n<p style=\"text-align: justify;\">Fonte: fmmetropole.com.br<\/p>\n","protected":false},"excerpt":{"rendered":"<p>Ocorr\u00eancia foi registrada na tarde deste domingo (13). Um homem, de 36 anos, morreu ap\u00f3s se envolver em um acidente de tr\u00e2nsito na tarde deste domingo (13), em Osvaldo Cruz. Segundo informa\u00e7\u00f5es colhidas no local pela reportagem do Portal Metr\u00f3pole de Not\u00edcias, o acidente aconteceu na Rua Paineira, bairro Promorar. O homem seguia em uma [&hellip;]<\/p>\n","protected":false},"author":1,"featured_media":40230,"comment_status":"closed","ping_status":"open","sticky":false,"template":"","format":"standard","meta":{"footnotes":""},"categories":[170,110],"tags":[],"class_list":["post-40229","post","type-post","status-publish","format-standard","has-post-thumbnail","hentry","category-acidentes","category-noticiasdestaque"],"_links":{"self":[{"href":"https:\/\/jorgezanoni.com.br\/2019\/wp-json\/wp\/v2\/posts\/40229","targetHints":{"allow":["GET"]}}],"collection":[{"href":"https:\/\/jorgezanoni.com.br\/2019\/wp-json\/wp\/v2\/posts"}],"about":[{"href":"https:\/\/jorgezanoni.com.br\/2019\/wp-json\/wp\/v2\/types\/post"}],"author":[{"embeddable":true,"href":"https:\/\/jorgezanoni.com.br\/2019\/wp-json\/wp\/v2\/users\/1"}],"replies":[{"embeddable":true,"href":"https:\/\/jorgezanoni.com.br\/2019\/wp-json\/wp\/v2\/comments?post=40229"}],"version-history":[{"count":0,"href":"https:\/\/jorgezanoni.com.br\/2019\/wp-json\/wp\/v2\/posts\/40229\/revisions"}],"wp:featuredmedia":[{"embeddable":true,"href":"https:\/\/jorgezanoni.com.br\/2019\/wp-json\/wp\/v2\/media\/40230"}],"wp:attachment":[{"href":"https:\/\/jorgezanoni.com.br\/2019\/wp-json\/wp\/v2\/media?parent=40229"}],"wp:term":[{"taxonomy":"category","embeddable":true,"href":"https:\/\/jorgezanoni.com.br\/2019\/wp-json\/wp\/v2\/categories?post=40229"},{"taxonomy":"post_tag","embeddable":true,"href":"https:\/\/jorgezanoni.com.br\/2019\/wp-json\/wp\/v2\/tags?post=40229"}],"curies":[{"name":"wp","href":"https:\/\/api.w.org\/{rel}","templated":true}]}}