{"id":40225,"date":"2020-12-13T15:15:15","date_gmt":"2020-12-13T15:15:15","guid":{"rendered":"https:\/\/jorgezanoni.com.br\/2019\/?p=40225"},"modified":"2020-12-13T15:15:15","modified_gmt":"2020-12-13T15:15:15","slug":"motorista-fica-preso-nas-ferragens-apos-bater-carro-em-defensa-metalica-na-sp-270-em-presidente-prudente","status":"publish","type":"post","link":"https:\/\/jorgezanoni.com.br\/2019\/motorista-fica-preso-nas-ferragens-apos-bater-carro-em-defensa-metalica-na-sp-270-em-presidente-prudente\/","title":{"rendered":"Motorista fica preso nas ferragens ap\u00f3s bater carro em defensa met\u00e1lica na SP-270, em Presidente Prudente"},"content":{"rendered":"<h2 class=\"content-head__subtitle\" style=\"text-align: justify;\"><strong>Acidente foi na manh\u00e3 deste domingo (12). Condutor estava sozinho no ve\u00edculo e foi socorrido pelo Corpo de Bombeiros.<\/strong><\/h2>\n<div class=\"mc-column content-text active-extra-styles \" data-block-type=\"unstyled\" data-block-weight=\"31\" data-block-id=\"2\">\n<p class=\"content-text__container \" style=\"text-align: justify;\" data-track-category=\"Link no Texto\" data-track-links=\"\">Um motorista ficou preso nas ferragens ap\u00f3s bater o carro que ele conduzia em uma defensa met\u00e1lica, na Rodovia Raposo Tavares (SP-270), em<a href=\"https:\/\/g1.globo.com\/sp\/presidente-prudente-regiao\/cidade\/presidente-prudente\/\">\u00a0Presidente Prudente<\/a>, na manh\u00e3 deste domingo (13).<\/p>\n<\/div>\n<div class=\"wall protected-content\">\n<div class=\"mc-column content-text active-extra-styles \" style=\"text-align: justify;\" data-block-type=\"unstyled\" data-block-weight=\"25\" data-block-id=\"3\">\n<p class=\"content-text__container \" data-track-category=\"Link no Texto\" data-track-links=\"\">De acordo com a Pol\u00edcia Militar Rodovi\u00e1ria, no ve\u00edculo estava apenas o condutor, que ficou preso nas ferragens. O Corpo de Bombeiros foi acionado.<\/p>\n<\/div>\n<div class=\"mc-column content-text active-extra-styles \" style=\"text-align: justify;\" data-block-type=\"unstyled\" data-block-weight=\"16\" data-block-id=\"4\">\n<p class=\"content-text__container \" data-track-category=\"Link no Texto\" data-track-links=\"\">O acidente foi registrado no km 565, da SP-270, sentido S\u00e3o Paulo-Mato Grosso do Sul.<\/p>\n<\/div>\n<div class=\"mc-column content-text active-extra-styles \" style=\"text-align: justify;\" data-block-type=\"unstyled\" data-block-weight=\"34\" data-block-id=\"5\">\n<p class=\"content-text__container \" data-track-category=\"Link no Texto\" data-track-links=\"\">O tr\u00e2nsito no local teve que ser desviado ao dispositivo de retorno\/acesso ao trecho urbano de Presidente Prudente, atrav\u00e9s da Avenida Ant\u00f4nio Rodrigues, ou mesmo para o acesso \u00e0 Rodovia Assis Chateaubriand (SP-425).<\/p>\n<\/div>\n<div class=\"mc-column content-text active-extra-styles \" data-block-type=\"unstyled\" data-block-weight=\"19\" data-block-id=\"6\">\n<p class=\"content-text__container \" style=\"text-align: justify;\" data-track-category=\"Link no Texto\" data-track-links=\"\">De acordo com a pol\u00edcia, o local foi liberado e o tr\u00e2nsito reestabelecido \u00e0s 11h52 deste domingo (13).<\/p>\n<p data-track-category=\"Link no Texto\" data-track-links=\"\">Fonte: PMR e G1<\/p>\n<\/div>\n<\/div>\n","protected":false},"excerpt":{"rendered":"<p>Acidente foi na manh\u00e3 deste domingo (12). Condutor estava sozinho no ve\u00edculo e foi socorrido pelo Corpo de Bombeiros. Um motorista ficou preso nas ferragens ap\u00f3s bater o carro que ele conduzia em uma defensa met\u00e1lica, na Rodovia Raposo Tavares (SP-270), em\u00a0Presidente Prudente, na manh\u00e3 deste domingo (13). De acordo com a Pol\u00edcia Militar Rodovi\u00e1ria, [&hellip;]<\/p>\n","protected":false},"author":1,"featured_media":40226,"comment_status":"closed","ping_status":"open","sticky":false,"template":"","format":"standard","meta":{"footnotes":""},"categories":[170,110],"tags":[],"class_list":["post-40225","post","type-post","status-publish","format-standard","has-post-thumbnail","hentry","category-acidentes","category-noticiasdestaque"],"_links":{"self":[{"href":"https:\/\/jorgezanoni.com.br\/2019\/wp-json\/wp\/v2\/posts\/40225","targetHints":{"allow":["GET"]}}],"collection":[{"href":"https:\/\/jorgezanoni.com.br\/2019\/wp-json\/wp\/v2\/posts"}],"about":[{"href":"https:\/\/jorgezanoni.com.br\/2019\/wp-json\/wp\/v2\/types\/post"}],"author":[{"embeddable":true,"href":"https:\/\/jorgezanoni.com.br\/2019\/wp-json\/wp\/v2\/users\/1"}],"replies":[{"embeddable":true,"href":"https:\/\/jorgezanoni.com.br\/2019\/wp-json\/wp\/v2\/comments?post=40225"}],"version-history":[{"count":0,"href":"https:\/\/jorgezanoni.com.br\/2019\/wp-json\/wp\/v2\/posts\/40225\/revisions"}],"wp:featuredmedia":[{"embeddable":true,"href":"https:\/\/jorgezanoni.com.br\/2019\/wp-json\/wp\/v2\/media\/40226"}],"wp:attachment":[{"href":"https:\/\/jorgezanoni.com.br\/2019\/wp-json\/wp\/v2\/media?parent=40225"}],"wp:term":[{"taxonomy":"category","embeddable":true,"href":"https:\/\/jorgezanoni.com.br\/2019\/wp-json\/wp\/v2\/categories?post=40225"},{"taxonomy":"post_tag","embeddable":true,"href":"https:\/\/jorgezanoni.com.br\/2019\/wp-json\/wp\/v2\/tags?post=40225"}],"curies":[{"name":"wp","href":"https:\/\/api.w.org\/{rel}","templated":true}]}}