{"id":40207,"date":"2020-12-12T23:10:12","date_gmt":"2020-12-12T23:10:12","guid":{"rendered":"https:\/\/jorgezanoni.com.br\/2019\/?p=40207"},"modified":"2020-12-12T23:10:12","modified_gmt":"2020-12-12T23:10:12","slug":"anglo-cid-realizara-provao-do-medio-para-bolsas-de-estudo","status":"publish","type":"post","link":"https:\/\/jorgezanoni.com.br\/2019\/anglo-cid-realizara-provao-do-medio-para-bolsas-de-estudo\/","title":{"rendered":"Anglo-CID realizar\u00e1 Prov\u00e3o do M\u00e9dio para bolsas de estudo"},"content":{"rendered":"<p dir=\"ltr\" style=\"text-align: justify;\">O prov\u00e3o ser\u00e1 destinado a alunos matriculados no 9\u00ba ano do ensino fundamental e que cursar\u00e3o o 1\u00ba ano do ensino m\u00e9dio em 2021.<\/p>\n<p>Est\u00e3o abertas\u00a0 as inscri\u00e7\u00f5es para o Prov\u00e3o do M\u00e9dio do Col\u00e9gio Anglo-CID. Os candidatos (atualmente matriculados no 9\u00ba ano do ensino fundamental) concorrer\u00e3o a bolsas de estudo para o 1\u00ba ano do ensino m\u00e9dio de 2021 e devem se inscrever at\u00e9 o dia 13\/12\/2020.<\/p>\n<p dir=\"ltr\" style=\"text-align: justify;\">A prova ser\u00e1 realizada para alunos do 9\u00ba ano do ensino fundamental na quarta-feira, dia 16\/12\/2020, das 14h \u00e0s 18h, pelo site <a href=\"https:\/\/provaonline.fundec.edu.br\/\" target=\"_blank\" rel=\"noopener noreferrer\">https:\/\/provaonline.fundec.edu.br<\/a> . O resultado ser\u00e1 divulgado no dia 18\/12\/2020.<\/p>\n<p dir=\"ltr\" style=\"text-align: justify;\">A diretora do Anglo-CID Profa. Eul\u00e1lia Pires Fava explicou que ser\u00e1 obedecida a ordem de classifica\u00e7\u00e3o, sendo separada por escola p\u00fablica e particular. No total, ser\u00e3o 4 bolsas: duas para candidatos de escolas p\u00fablicas, 1\u00ba lugar com bolsa de 50% e 2\u00ba lugar de 35%; e duas para candidatos de escolas particulares, 1\u00ba lugar com bolsa de 50% e 2\u00ba lugar de 35%.<\/p>\n<p dir=\"ltr\" style=\"text-align: justify;\">&#8220;O Col\u00e9gio Anglo-CID, sempre olhando para o futuro, vem oferecer a oportunidade de estudar em um sistema que caminha na dire\u00e7\u00e3o da realiza\u00e7\u00e3o de sonhos, com dedica\u00e7\u00e3o, comprometimento e qualidade. Esta oportunidade deve ser abra\u00e7ada pelos alunos que est\u00e3o concluindo os estudos no Ciclo Final. Assim podem aproveitar a chance de iniciar o Novo Ensino M\u00e9dio com inova\u00e7\u00f5es e qualidade, seguindo a tradi\u00e7\u00e3o do nosso col\u00e9gio&#8221;, comentou a diretora.<\/p>\n<p dir=\"ltr\" style=\"text-align: justify;\">O edital e as inscri\u00e7\u00f5es est\u00e3o dispon\u00edveis no site <a href=\"http:\/\/www.fundec\/\" target=\"_blank\" rel=\"noopener noreferrer\">www.fundec<\/a>.<a href=\"http:\/\/fundec.edu.br\/anglocid\" target=\"_blank\" rel=\"noopener noreferrer\">fundec.edu.br\/anglocid<\/a> .<\/p>\n<p dir=\"ltr\" style=\"text-align: justify;\">Mais informa\u00e7\u00f5es: (18) 3821-9004 \/ 3821-9007 ou pelo Whatsapp (18) 99802-1237 (atendimento das 8h \u00e0s 17h)<\/p>\n<div class=\"gmail_signature\" dir=\"ltr\">\n<div dir=\"ltr\" style=\"text-align: justify;\">Carolina Colnago<br \/>\nAssistente de Comunica\u00e7\u00e3o<br \/>\nFunda\u00e7\u00e3o Dracenense de Educa\u00e7\u00e3o e Cultura<\/div>\n<\/div>\n","protected":false},"excerpt":{"rendered":"<p>O prov\u00e3o ser\u00e1 destinado a alunos matriculados no 9\u00ba ano do ensino fundamental e que cursar\u00e3o o 1\u00ba ano do ensino m\u00e9dio em 2021. Est\u00e3o abertas\u00a0 as inscri\u00e7\u00f5es para o Prov\u00e3o do M\u00e9dio do Col\u00e9gio Anglo-CID. Os candidatos (atualmente matriculados no 9\u00ba ano do ensino fundamental) concorrer\u00e3o a bolsas de estudo para o 1\u00ba ano [&hellip;]<\/p>\n","protected":false},"author":1,"featured_media":40208,"comment_status":"closed","ping_status":"open","sticky":false,"template":"","format":"standard","meta":{"footnotes":""},"categories":[122],"tags":[],"class_list":["post-40207","post","type-post","status-publish","format-standard","has-post-thumbnail","hentry","category-saudeeducacaoeconcurso"],"_links":{"self":[{"href":"https:\/\/jorgezanoni.com.br\/2019\/wp-json\/wp\/v2\/posts\/40207","targetHints":{"allow":["GET"]}}],"collection":[{"href":"https:\/\/jorgezanoni.com.br\/2019\/wp-json\/wp\/v2\/posts"}],"about":[{"href":"https:\/\/jorgezanoni.com.br\/2019\/wp-json\/wp\/v2\/types\/post"}],"author":[{"embeddable":true,"href":"https:\/\/jorgezanoni.com.br\/2019\/wp-json\/wp\/v2\/users\/1"}],"replies":[{"embeddable":true,"href":"https:\/\/jorgezanoni.com.br\/2019\/wp-json\/wp\/v2\/comments?post=40207"}],"version-history":[{"count":0,"href":"https:\/\/jorgezanoni.com.br\/2019\/wp-json\/wp\/v2\/posts\/40207\/revisions"}],"wp:featuredmedia":[{"embeddable":true,"href":"https:\/\/jorgezanoni.com.br\/2019\/wp-json\/wp\/v2\/media\/40208"}],"wp:attachment":[{"href":"https:\/\/jorgezanoni.com.br\/2019\/wp-json\/wp\/v2\/media?parent=40207"}],"wp:term":[{"taxonomy":"category","embeddable":true,"href":"https:\/\/jorgezanoni.com.br\/2019\/wp-json\/wp\/v2\/categories?post=40207"},{"taxonomy":"post_tag","embeddable":true,"href":"https:\/\/jorgezanoni.com.br\/2019\/wp-json\/wp\/v2\/tags?post=40207"}],"curies":[{"name":"wp","href":"https:\/\/api.w.org\/{rel}","templated":true}]}}