{"id":40204,"date":"2020-12-12T22:54:52","date_gmt":"2020-12-12T22:54:52","guid":{"rendered":"https:\/\/jorgezanoni.com.br\/2019\/?p=40204"},"modified":"2020-12-12T22:54:52","modified_gmt":"2020-12-12T22:54:52","slug":"unifadra-prorroga-inscricoes-para-vestibular-de-medicina","status":"publish","type":"post","link":"https:\/\/jorgezanoni.com.br\/2019\/unifadra-prorroga-inscricoes-para-vestibular-de-medicina\/","title":{"rendered":"Unifadra prorroga inscri\u00e7\u00f5es para vestibular de Medicina"},"content":{"rendered":"<p dir=\"ltr\" style=\"text-align: justify;\">A Vunesp prorrogou as inscri\u00e7\u00f5es para o vestibular de Medicina da Unifadra\/Fundec de Dracena at\u00e9 as 23h59 do dia 11 de dezembro de 2020 (hor\u00e1rio de Bras\u00edlia). As inscri\u00e7\u00f5es para o Vestibular 2021 ser\u00e3o feitas exclusivamente por meio do portal da Funda\u00e7\u00e3o Vunesp <a href=\"http:\/\/www.vunesp.com.br\/\" target=\"_blank\" rel=\"noopener noreferrer\">www.vunesp.com.br<\/a> . A prova ser\u00e1 presencial, na Fundec, no dia 4 de janeiro de 2021, \u00e0s 13h.<\/p>\n<p>O candidato pode conferir mais informa\u00e7\u00f5es do curso, bem como o link do edital e as inscri\u00e7\u00f5es no site <a href=\"https:\/\/fundec.edu.br\/unifadra\/vestibular_medicina\" target=\"_blank\" rel=\"noopener noreferrer\">https:\/\/fundec.edu.br\/unifadra\/vestibular_medicina<\/a> .<\/p>\n<p dir=\"ltr\" style=\"text-align: justify;\">O diretor acad\u00eamico da Unifadra Prof. Dr. Enio Garbelini destacou que &#8220;estamos na reta final para as inscri\u00e7\u00f5es, sendo uma grande oportunidade para estudar numa faculdade que possui uma excelente infraestrutura e laborat\u00f3rios com equipamentos de \u00faltima gera\u00e7\u00e3o&#8221;.<\/p>\n<p dir=\"ltr\" style=\"text-align: justify;\">Mais informa\u00e7\u00f5es: Secretaria Geral da Fundec\u00a0 &#8211; Rua Bahia, 332, Bairro Metr\u00f3pole, em Dracena (SP); (18) 3821-9004 ou pelo Whatsapp (18) 99802-1237 (atendimento das 8h \u00e0s 17h).<span id=\"m_7433871241862299413gmail-docs-internal-guid-088a81e8-7fff-e519-9716-0e20efc12279\"><\/span><\/p>\n<div dir=\"ltr\">\n<div dir=\"ltr\" style=\"text-align: justify;\"><b>Carolina Colnago<br \/>\nAssistente de Comunica\u00e7\u00e3o\u00a0<\/b><br \/>\n<b>Funda\u00e7\u00e3o Dracenense de Educa\u00e7\u00e3o e Cultura<\/b><\/div>\n<\/div>\n","protected":false},"excerpt":{"rendered":"<p>A Vunesp prorrogou as inscri\u00e7\u00f5es para o vestibular de Medicina da Unifadra\/Fundec de Dracena at\u00e9 as 23h59 do dia 11 de dezembro de 2020 (hor\u00e1rio de Bras\u00edlia). As inscri\u00e7\u00f5es para o Vestibular 2021 ser\u00e3o feitas exclusivamente por meio do portal da Funda\u00e7\u00e3o Vunesp www.vunesp.com.br . A prova ser\u00e1 presencial, na Fundec, no dia 4 de [&hellip;]<\/p>\n","protected":false},"author":1,"featured_media":40205,"comment_status":"closed","ping_status":"open","sticky":false,"template":"","format":"standard","meta":{"footnotes":""},"categories":[122],"tags":[],"class_list":["post-40204","post","type-post","status-publish","format-standard","has-post-thumbnail","hentry","category-saudeeducacaoeconcurso"],"_links":{"self":[{"href":"https:\/\/jorgezanoni.com.br\/2019\/wp-json\/wp\/v2\/posts\/40204","targetHints":{"allow":["GET"]}}],"collection":[{"href":"https:\/\/jorgezanoni.com.br\/2019\/wp-json\/wp\/v2\/posts"}],"about":[{"href":"https:\/\/jorgezanoni.com.br\/2019\/wp-json\/wp\/v2\/types\/post"}],"author":[{"embeddable":true,"href":"https:\/\/jorgezanoni.com.br\/2019\/wp-json\/wp\/v2\/users\/1"}],"replies":[{"embeddable":true,"href":"https:\/\/jorgezanoni.com.br\/2019\/wp-json\/wp\/v2\/comments?post=40204"}],"version-history":[{"count":0,"href":"https:\/\/jorgezanoni.com.br\/2019\/wp-json\/wp\/v2\/posts\/40204\/revisions"}],"wp:featuredmedia":[{"embeddable":true,"href":"https:\/\/jorgezanoni.com.br\/2019\/wp-json\/wp\/v2\/media\/40205"}],"wp:attachment":[{"href":"https:\/\/jorgezanoni.com.br\/2019\/wp-json\/wp\/v2\/media?parent=40204"}],"wp:term":[{"taxonomy":"category","embeddable":true,"href":"https:\/\/jorgezanoni.com.br\/2019\/wp-json\/wp\/v2\/categories?post=40204"},{"taxonomy":"post_tag","embeddable":true,"href":"https:\/\/jorgezanoni.com.br\/2019\/wp-json\/wp\/v2\/tags?post=40204"}],"curies":[{"name":"wp","href":"https:\/\/api.w.org\/{rel}","templated":true}]}}