{"id":40201,"date":"2020-12-12T22:41:32","date_gmt":"2020-12-12T22:41:32","guid":{"rendered":"https:\/\/jorgezanoni.com.br\/2019\/?p=40201"},"modified":"2020-12-12T22:41:32","modified_gmt":"2020-12-12T22:41:32","slug":"docente-da-unifadra-ministra-palestra-sobre-atividade-fisica-na-saude-publica","status":"publish","type":"post","link":"https:\/\/jorgezanoni.com.br\/2019\/docente-da-unifadra-ministra-palestra-sobre-atividade-fisica-na-saude-publica\/","title":{"rendered":"Docente da Unifadra ministra palestra sobre atividade f\u00edsica na sa\u00fade p\u00fablica"},"content":{"rendered":"<p dir=\"ltr\" style=\"text-align: justify;\">A coordenadora do curso de Educa\u00e7\u00e3o F\u00edsica da Unifadra Profa. Dra. Denise Bueno ministrou, no dia 25 de novembro, a webpalestra &#8220;Atividade f\u00edsica e exerc\u00edcio no contexto do SUS e sa\u00fade p\u00fablica&#8221;, durante a Semana de Educa\u00e7\u00e3o F\u00edsica da Unesp, Campus de Presidente Prudente.<\/p>\n<p dir=\"ltr\" style=\"text-align: justify;\">Em 2019, a coordenadora tamb\u00e9m participou do evento e falou dos custos relacionados \u00e0 atividade f\u00edsica, e, em 2020, o foco foi falar sobre as novidades para a sa\u00fade p\u00fablica, relacionadas aos programas de atividade f\u00edsica do Minist\u00e9rio da Sa\u00fade.<\/p>\n<p dir=\"ltr\" style=\"text-align: justify;\">Denise Bueno destacou que a palestra buscou apresentar os desafios para implanta\u00e7\u00e3o e manuten\u00e7\u00e3o de programas de atividade f\u00edsica no SUS. &#8220;No Brasil, quase metade da popula\u00e7\u00e3o n\u00e3o faz qualquer atividade f\u00edsica. Ent\u00e3o isso se torna importante para que haja acesso a todos&#8221;.<\/p>\n<p dir=\"ltr\" style=\"text-align: justify;\">A docente apresentou, durante o evento, os projetos Parkinson e Viva a Vida realizados pela Unifadra em Dracena em parceria com a Prefeitura Municipal. &#8220;Nossos projetos s\u00e3o exemplos de a\u00e7\u00f5es em parceria, que t\u00eam dado certo em todo o pa\u00eds&#8221;.<\/p>\n<p dir=\"ltr\" style=\"text-align: justify;\">O diretor acad\u00eamico da Unifadra Prof. Dr. Enio Garbelini parabenizou a coordenadora pela webpalestra, que abordou um assunto de grande relev\u00e2ncia para sociedade. Foto: Profa. Dra. Denise Bueno, coordenadora do curso de Educa\u00e7\u00e3o F\u00edsica da Unifadra.<span id=\"gmail-docs-internal-guid-3059a78f-7fff-a8cf-82e0-0996fb252f17\"><\/span><\/p>\n<div class=\"gmail_signature\" dir=\"ltr\">\n<div dir=\"ltr\" style=\"text-align: justify;\">Carolina Colnago<br \/>\nAssistente de Comunica\u00e7\u00e3o<br \/>\nFunda\u00e7\u00e3o Dracenense de Educa\u00e7\u00e3o e Cultura<\/div>\n<\/div>\n","protected":false},"excerpt":{"rendered":"<p>A coordenadora do curso de Educa\u00e7\u00e3o F\u00edsica da Unifadra Profa. Dra. Denise Bueno ministrou, no dia 25 de novembro, a webpalestra &#8220;Atividade f\u00edsica e exerc\u00edcio no contexto do SUS e sa\u00fade p\u00fablica&#8221;, durante a Semana de Educa\u00e7\u00e3o F\u00edsica da Unesp, Campus de Presidente Prudente. Em 2019, a coordenadora tamb\u00e9m participou do evento e falou dos [&hellip;]<\/p>\n","protected":false},"author":1,"featured_media":40202,"comment_status":"closed","ping_status":"open","sticky":false,"template":"","format":"standard","meta":{"footnotes":""},"categories":[122],"tags":[],"class_list":["post-40201","post","type-post","status-publish","format-standard","has-post-thumbnail","hentry","category-saudeeducacaoeconcurso"],"_links":{"self":[{"href":"https:\/\/jorgezanoni.com.br\/2019\/wp-json\/wp\/v2\/posts\/40201","targetHints":{"allow":["GET"]}}],"collection":[{"href":"https:\/\/jorgezanoni.com.br\/2019\/wp-json\/wp\/v2\/posts"}],"about":[{"href":"https:\/\/jorgezanoni.com.br\/2019\/wp-json\/wp\/v2\/types\/post"}],"author":[{"embeddable":true,"href":"https:\/\/jorgezanoni.com.br\/2019\/wp-json\/wp\/v2\/users\/1"}],"replies":[{"embeddable":true,"href":"https:\/\/jorgezanoni.com.br\/2019\/wp-json\/wp\/v2\/comments?post=40201"}],"version-history":[{"count":0,"href":"https:\/\/jorgezanoni.com.br\/2019\/wp-json\/wp\/v2\/posts\/40201\/revisions"}],"wp:featuredmedia":[{"embeddable":true,"href":"https:\/\/jorgezanoni.com.br\/2019\/wp-json\/wp\/v2\/media\/40202"}],"wp:attachment":[{"href":"https:\/\/jorgezanoni.com.br\/2019\/wp-json\/wp\/v2\/media?parent=40201"}],"wp:term":[{"taxonomy":"category","embeddable":true,"href":"https:\/\/jorgezanoni.com.br\/2019\/wp-json\/wp\/v2\/categories?post=40201"},{"taxonomy":"post_tag","embeddable":true,"href":"https:\/\/jorgezanoni.com.br\/2019\/wp-json\/wp\/v2\/tags?post=40201"}],"curies":[{"name":"wp","href":"https:\/\/api.w.org\/{rel}","templated":true}]}}