{"id":40198,"date":"2020-12-12T22:29:47","date_gmt":"2020-12-12T22:29:47","guid":{"rendered":"https:\/\/jorgezanoni.com.br\/2019\/?p=40198"},"modified":"2020-12-12T22:29:47","modified_gmt":"2020-12-12T22:29:47","slug":"estetica-corporal-alunos-do-cep-ume-estudam-tratamentos-para-celulite-flacidez-e-estrias","status":"publish","type":"post","link":"https:\/\/jorgezanoni.com.br\/2019\/estetica-corporal-alunos-do-cep-ume-estudam-tratamentos-para-celulite-flacidez-e-estrias\/","title":{"rendered":"Est\u00e9tica corporal: alunos do CEP\/UME estudam tratamentos para celulite, flacidez e estrias"},"content":{"rendered":"<p dir=\"ltr\" style=\"text-align: justify;\">A Est\u00e9tica \u00e9 uma \u00e1rea que est\u00e1 em constante transforma\u00e7\u00e3o. A disciplina de T\u00e9cnica Corporal, do curso T\u00e9cnico em Est\u00e9tica do CEP\/UME, acompanha essa transforma\u00e7\u00e3o, proporcionando ao aluno o aprendizado completo sobre os conceitos e mecanismos fisiol\u00f3gicos envolvidos nos tratamentos est\u00e9ticos para gordura localizada, celulite, flacidez e estrias.<\/p>\n<p dir=\"ltr\" style=\"text-align: justify;\">A Profa. Iara Trevisan trabalhou com os alunos, durante este semestre, estudos de casos cl\u00ednicos sobre esse assunto. Os estudantes realizaram um trabalho de forma on-line, pela plataforma Google Meet, que contou com estudos sobre ferramentas de avalia\u00e7\u00e3o al\u00e9m de uma diversidade de tratamentos e protocolos para tratar tais altera\u00e7\u00f5es est\u00e9ticas. &#8220;Entender os conceitos e mecanismos nos tratamentos est\u00e9ticos ajuda o profissional a direcionar sua avalia\u00e7\u00e3o e tratamento de forma personalizada, com resultados duradouros e eficientes. Desta forma, foi poss\u00edvel esclarecer d\u00favidas e incentivar a discuss\u00e3o em grupo&#8221;, completou a professora.<\/p>\n<p dir=\"ltr\" style=\"text-align: justify;\">A coordenadora do curso T\u00e9cnico em Est\u00e9tica Profa. Cynthia Esteves destacou que o curso tem como objetivo preparar o aluno n\u00e3o somente para dominar as t\u00e9cnicas da est\u00e9tica facial e corporal mas, para que ele esteja apto para enfrentar o mercado de trabalho, com conhecimentos de empreendedorismo, de como atender o seu cliente da melhor maneira poss\u00edvel e de como administrar o seu local de trabalho.<\/p>\n<p dir=\"ltr\" style=\"text-align: justify;\">Para isso, no CEP\/UME, o aprendizado envolve aulas te\u00f3ricas com discuss\u00e3o de casos cl\u00ednicos com apoio de livros e artigos cient\u00edficos atuais da \u00e1rea, laborat\u00f3rios para pr\u00e1tica de t\u00e9cnicas manuais (como massagem relaxante, drenagem linf\u00e1tica e massagem modeladora), terapias alternativas (como aromaterapia, cromoterapia, bambuterapia, argiloterapia, crioterapia, dentre outros), tecnologias (como ultrassom, eletroestimula\u00e7\u00e3o muscular, vacuoterapia, microdermoabras\u00e3o, microcorrentes, manta t\u00e9rmica, massagem aura, eletrolip\u00f3lise, alta frequ\u00eancia, dentre outros) e produtos cosm\u00e9ticos.<br \/>\nA diretora do CEP\/UME Profa. Julia Portari\u00a0 salientou que o curso se preocupa com a prepara\u00e7\u00e3o do profissional de Est\u00e9tica para o dom\u00ednio dos conhecimentos sobre os aspectos preventivos e reparadores em tratamentos faciais e corporais, sem deixar de lado\u00a0 as no\u00e7\u00f5es de administra\u00e7\u00e3o geral, gest\u00e3o de qualidade e presta\u00e7\u00e3o de servi\u00e7os em est\u00e9tica.\u00a0\u00a0<span id=\"gmail-docs-internal-guid-0392ed83-7fff-8e8a-0f67-ce8a0023b406\"><\/span><\/p>\n<div class=\"gmail_signature\" dir=\"ltr\">\n<div dir=\"ltr\" style=\"text-align: justify;\">Carolina Colnago<br \/>\nAssistente de Comunica\u00e7\u00e3o<br \/>\nFunda\u00e7\u00e3o Dracenense de Educa\u00e7\u00e3o e Cultura<\/div>\n<\/div>\n","protected":false},"excerpt":{"rendered":"<p>A Est\u00e9tica \u00e9 uma \u00e1rea que est\u00e1 em constante transforma\u00e7\u00e3o. A disciplina de T\u00e9cnica Corporal, do curso T\u00e9cnico em Est\u00e9tica do CEP\/UME, acompanha essa transforma\u00e7\u00e3o, proporcionando ao aluno o aprendizado completo sobre os conceitos e mecanismos fisiol\u00f3gicos envolvidos nos tratamentos est\u00e9ticos para gordura localizada, celulite, flacidez e estrias. A Profa. Iara Trevisan trabalhou com os [&hellip;]<\/p>\n","protected":false},"author":1,"featured_media":40199,"comment_status":"closed","ping_status":"open","sticky":false,"template":"","format":"standard","meta":{"footnotes":""},"categories":[122],"tags":[],"class_list":["post-40198","post","type-post","status-publish","format-standard","has-post-thumbnail","hentry","category-saudeeducacaoeconcurso"],"_links":{"self":[{"href":"https:\/\/jorgezanoni.com.br\/2019\/wp-json\/wp\/v2\/posts\/40198","targetHints":{"allow":["GET"]}}],"collection":[{"href":"https:\/\/jorgezanoni.com.br\/2019\/wp-json\/wp\/v2\/posts"}],"about":[{"href":"https:\/\/jorgezanoni.com.br\/2019\/wp-json\/wp\/v2\/types\/post"}],"author":[{"embeddable":true,"href":"https:\/\/jorgezanoni.com.br\/2019\/wp-json\/wp\/v2\/users\/1"}],"replies":[{"embeddable":true,"href":"https:\/\/jorgezanoni.com.br\/2019\/wp-json\/wp\/v2\/comments?post=40198"}],"version-history":[{"count":0,"href":"https:\/\/jorgezanoni.com.br\/2019\/wp-json\/wp\/v2\/posts\/40198\/revisions"}],"wp:featuredmedia":[{"embeddable":true,"href":"https:\/\/jorgezanoni.com.br\/2019\/wp-json\/wp\/v2\/media\/40199"}],"wp:attachment":[{"href":"https:\/\/jorgezanoni.com.br\/2019\/wp-json\/wp\/v2\/media?parent=40198"}],"wp:term":[{"taxonomy":"category","embeddable":true,"href":"https:\/\/jorgezanoni.com.br\/2019\/wp-json\/wp\/v2\/categories?post=40198"},{"taxonomy":"post_tag","embeddable":true,"href":"https:\/\/jorgezanoni.com.br\/2019\/wp-json\/wp\/v2\/tags?post=40198"}],"curies":[{"name":"wp","href":"https:\/\/api.w.org\/{rel}","templated":true}]}}