{"id":40195,"date":"2020-12-12T21:14:17","date_gmt":"2020-12-12T21:14:17","guid":{"rendered":"https:\/\/jorgezanoni.com.br\/2019\/?p=40195"},"modified":"2020-12-12T21:14:17","modified_gmt":"2020-12-12T21:14:17","slug":"dracena-tempersul-intelli-e-campeao-da-liga-paulista-de-futsal","status":"publish","type":"post","link":"https:\/\/jorgezanoni.com.br\/2019\/dracena-tempersul-intelli-e-campeao-da-liga-paulista-de-futsal\/","title":{"rendered":"Dracena Tempersul Intelli \u00e9 campe\u00e3o da Liga Paulista de Futsal"},"content":{"rendered":"<p style=\"font-weight: 400; text-align: justify;\"><strong><em>Partida disputada no Gigant\u00e3o, em Araraquara, foi decidida nos p\u00eanaltis.<\/em><\/strong><em>\u00a0<\/em><\/p>\n<p style=\"font-weight: 400; text-align: justify;\">A cidade de Dracena agora tem um campe\u00e3o no futsal para chamar de seu. Em partida recheada de tens\u00e3o, supera\u00e7\u00e3o, emo\u00e7\u00e3o e alegria, o Dracena Tempersul Intelli venceu o Pulo, de Campinas, no p\u00eanaltis por 6 a 5, ap\u00f3s empate no tempo regulamentar por 3 a 3 e 0 a 0 na prorroga\u00e7\u00e3o, e garantiu o in\u00e9dito t\u00edtulo da Liga Paulista 2020.<\/p>\n<p style=\"font-weight: 400; text-align: justify;\">O duelo final foi disputado no gin\u00e1sio Gigant\u00e3o, em Araraquara, e os gols dracenenses foram marcados por Dario (2) e Bruno. Para o Pulo anotaram Gafanha e Maneca (2).<\/p>\n<p style=\"font-weight: 400; text-align: justify;\">Marcada pelo equil\u00edbrio e pela tens\u00e3o, a partida reservou para os tiros livres da marca do p\u00eanalti o seu her\u00f3i: o goleiro Rhuan. O camisa 2 pegou tr\u00eas cobran\u00e7as dos campineiros.<\/p>\n<p style=\"font-weight: 400; text-align: justify;\">Agora o futsal paulista est\u00e1 pintado com o azul e branco do Dracena Tempersul Intelli.<\/p>\n<p style=\"font-weight: 400; text-align: justify;\"><strong>Palavras dos campe\u00f5es<\/strong><\/p>\n<p style=\"font-weight: 400; text-align: justify;\"><strong>Tatinho &#8211; ala<\/strong><\/p>\n<p style=\"font-weight: 400; text-align: justify;\">\u00c9 um sonho que se realiza. Estou na equipe desde a funda\u00e7\u00e3o e passei por toda a sua evolu\u00e7\u00e3o, desde a S\u00e9rie Prata do Paulista at\u00e9 a Liga Nacional e agora o t\u00edtulo da Liga Paulista. Eu sou dracenense de nascimento e poder levar a minha cidade ao lugar mais alto do estado \u00e9 um prazer absurdo.<\/p>\n<p style=\"font-weight: 400; text-align: justify;\"><strong>Paulo Victor \u2013 fixo<\/strong><\/p>\n<p style=\"font-weight: 400; text-align: justify;\">Ser campe\u00e3o \u00e9 bom demais. Estou em Dracena h\u00e1 cinco anos e sei do esfor\u00e7o di\u00e1rio que \u00e9 feito para que essa equipe possa disputar as competi\u00e7\u00f5es. Quero desejar esse t\u00edtulo \u00e0s nossas fam\u00edlias e \u00e0 torcida.<\/p>\n<p style=\"font-weight: 400; text-align: justify;\"><strong>Vitinho &#8211; piv\u00f4<\/strong><\/p>\n<p style=\"font-weight: 400; text-align: justify;\">Ser campe\u00e3o \u00e9 uma emo\u00e7\u00e3o que n\u00e3o cabe no peito. Agora \u00e9 celebrar e agradecer. Quero agradecer a todos que nos ajudaram a chegar a esse momento, em especial o presidente Lucas Batista e toda a fam\u00edlia Tempersul.<\/p>\n<p style=\"font-weight: 400; text-align: justify;\"><strong>Dario \u2013 ala<\/strong><\/p>\n<p style=\"font-weight: 400; text-align: justify;\">Esse grupo mostrou seu valor. Esse ano de pandemia nos imp\u00f4s grandes desafios. Tivemos que passar por cima de tudo para escrever nossos nomes na hist\u00f3ria de Dracena.<\/p>\n<p style=\"font-weight: 400; text-align: justify;\"><strong>Bruno Silva \u2013 t\u00e9cnico<\/strong><\/p>\n<p style=\"font-weight: 400; text-align: justify;\">2020 foi um ano at\u00edpico, mais dif\u00edcil que o usual, ent\u00e3o essa conquista tem um sabor ainda mais especial. Quero agradecer aos atletas, comiss\u00e3o t\u00e9cnica, patrocinadores, diretoria e torcida por esse momento.<\/p>\n<p style=\"text-align: justify;\">Fonte: Assessoria de Imprensa<\/p>\n<p style=\"font-weight: 400; text-align: justify;\">\n<p style=\"font-weight: 400; text-align: justify;\">\n","protected":false},"excerpt":{"rendered":"<p>Partida disputada no Gigant\u00e3o, em Araraquara, foi decidida nos p\u00eanaltis.\u00a0 A cidade de Dracena agora tem um campe\u00e3o no futsal para chamar de seu. Em partida recheada de tens\u00e3o, supera\u00e7\u00e3o, emo\u00e7\u00e3o e alegria, o Dracena Tempersul Intelli venceu o Pulo, de Campinas, no p\u00eanaltis por 6 a 5, ap\u00f3s empate no tempo regulamentar por 3 [&hellip;]<\/p>\n","protected":false},"author":1,"featured_media":40196,"comment_status":"closed","ping_status":"open","sticky":false,"template":"","format":"standard","meta":{"footnotes":""},"categories":[111,110],"tags":[],"class_list":["post-40195","post","type-post","status-publish","format-standard","has-post-thumbnail","hentry","category-esporteecultura","category-noticiasdestaque"],"_links":{"self":[{"href":"https:\/\/jorgezanoni.com.br\/2019\/wp-json\/wp\/v2\/posts\/40195","targetHints":{"allow":["GET"]}}],"collection":[{"href":"https:\/\/jorgezanoni.com.br\/2019\/wp-json\/wp\/v2\/posts"}],"about":[{"href":"https:\/\/jorgezanoni.com.br\/2019\/wp-json\/wp\/v2\/types\/post"}],"author":[{"embeddable":true,"href":"https:\/\/jorgezanoni.com.br\/2019\/wp-json\/wp\/v2\/users\/1"}],"replies":[{"embeddable":true,"href":"https:\/\/jorgezanoni.com.br\/2019\/wp-json\/wp\/v2\/comments?post=40195"}],"version-history":[{"count":0,"href":"https:\/\/jorgezanoni.com.br\/2019\/wp-json\/wp\/v2\/posts\/40195\/revisions"}],"wp:featuredmedia":[{"embeddable":true,"href":"https:\/\/jorgezanoni.com.br\/2019\/wp-json\/wp\/v2\/media\/40196"}],"wp:attachment":[{"href":"https:\/\/jorgezanoni.com.br\/2019\/wp-json\/wp\/v2\/media?parent=40195"}],"wp:term":[{"taxonomy":"category","embeddable":true,"href":"https:\/\/jorgezanoni.com.br\/2019\/wp-json\/wp\/v2\/categories?post=40195"},{"taxonomy":"post_tag","embeddable":true,"href":"https:\/\/jorgezanoni.com.br\/2019\/wp-json\/wp\/v2\/tags?post=40195"}],"curies":[{"name":"wp","href":"https:\/\/api.w.org\/{rel}","templated":true}]}}