{"id":40187,"date":"2020-12-12T20:28:10","date_gmt":"2020-12-12T20:28:10","guid":{"rendered":"https:\/\/jorgezanoni.com.br\/2019\/?p=40187"},"modified":"2020-12-12T20:28:10","modified_gmt":"2020-12-12T20:28:10","slug":"apae-de-dracena-realizara-carreata-de-natal","status":"publish","type":"post","link":"https:\/\/jorgezanoni.com.br\/2019\/apae-de-dracena-realizara-carreata-de-natal\/","title":{"rendered":"APAE de Dracena realizar\u00e1 CARREATA DE NATAL"},"content":{"rendered":"<p style=\"text-align: justify;\">Nos dias 14, 15 e 16 de dezembro, a Associa\u00e7\u00e3o de Pais e Amigos dos Excepcionais &#8211; APAE de Dracena, devido a pandemia entregar\u00e1 o presente de Natal aos alunos\/destinat\u00e1rios nos pontos e casas atrav\u00e9s da carreata com a presen\u00e7a do Papai Noel e funcion\u00e1rios. O presente escolhido pelos alunos\/destinat\u00e1rios foi doado pelos padrinhos da comunidade, Loja Ma\u00e7\u00f4nica Uni\u00e3o, Justi\u00e7a e Amor e funcion\u00e1rios da APAE. Al\u00e9m do presente receber\u00e3o um panetone para celebrarem o Natal tamb\u00e9m doado pela comunidade: padarias, supermercados e volunt\u00e1rios. A Fam\u00edlia Apaeana encerra o ano letivo com muito trabalho, amor e gratid\u00e3o por termos conseguido superar e crescer mesmo nas dificuldades e agradece aos contribuintes, volunt\u00e1rios e toda sociedade dracenense e regi\u00e3o que fez a diferen\u00e7a em 2020 e fizeram parte dessa hist\u00f3ria! APAE deseja um Natal repleto de esperan\u00e7a e um pr\u00f3spero 2021!<\/p>\n<p><img loading=\"lazy\" decoding=\"async\" class=\"alignnone size-full wp-image-40189\" src=\"https:\/\/jorgezanoni.com.br\/2019\/wp-content\/uploads\/2020\/12\/apae1-1.jpg\" alt=\"\" width=\"1280\" height=\"960\" srcset=\"https:\/\/jorgezanoni.com.br\/2019\/wp-content\/uploads\/2020\/12\/apae1-1.jpg 1280w, https:\/\/jorgezanoni.com.br\/2019\/wp-content\/uploads\/2020\/12\/apae1-1-300x225.jpg 300w, https:\/\/jorgezanoni.com.br\/2019\/wp-content\/uploads\/2020\/12\/apae1-1-1024x768.jpg 1024w, https:\/\/jorgezanoni.com.br\/2019\/wp-content\/uploads\/2020\/12\/apae1-1-768x576.jpg 768w, https:\/\/jorgezanoni.com.br\/2019\/wp-content\/uploads\/2020\/12\/apae1-1-80x60.jpg 80w, https:\/\/jorgezanoni.com.br\/2019\/wp-content\/uploads\/2020\/12\/apae1-1-265x198.jpg 265w, https:\/\/jorgezanoni.com.br\/2019\/wp-content\/uploads\/2020\/12\/apae1-1-696x522.jpg 696w, https:\/\/jorgezanoni.com.br\/2019\/wp-content\/uploads\/2020\/12\/apae1-1-1068x801.jpg 1068w, https:\/\/jorgezanoni.com.br\/2019\/wp-content\/uploads\/2020\/12\/apae1-1-560x420.jpg 560w\" sizes=\"auto, (max-width: 1280px) 100vw, 1280px\" \/> <img loading=\"lazy\" decoding=\"async\" class=\"alignnone size-full wp-image-40190\" src=\"https:\/\/jorgezanoni.com.br\/2019\/wp-content\/uploads\/2020\/12\/apae2-1.jpg\" alt=\"\" width=\"1152\" height=\"648\" srcset=\"https:\/\/jorgezanoni.com.br\/2019\/wp-content\/uploads\/2020\/12\/apae2-1.jpg 1152w, https:\/\/jorgezanoni.com.br\/2019\/wp-content\/uploads\/2020\/12\/apae2-1-300x169.jpg 300w, https:\/\/jorgezanoni.com.br\/2019\/wp-content\/uploads\/2020\/12\/apae2-1-1024x576.jpg 1024w, https:\/\/jorgezanoni.com.br\/2019\/wp-content\/uploads\/2020\/12\/apae2-1-768x432.jpg 768w, https:\/\/jorgezanoni.com.br\/2019\/wp-content\/uploads\/2020\/12\/apae2-1-696x392.jpg 696w, https:\/\/jorgezanoni.com.br\/2019\/wp-content\/uploads\/2020\/12\/apae2-1-1068x601.jpg 1068w, https:\/\/jorgezanoni.com.br\/2019\/wp-content\/uploads\/2020\/12\/apae2-1-747x420.jpg 747w\" sizes=\"auto, (max-width: 1152px) 100vw, 1152px\" \/><\/p>\n","protected":false},"excerpt":{"rendered":"<p>Nos dias 14, 15 e 16 de dezembro, a Associa\u00e7\u00e3o de Pais e Amigos dos Excepcionais &#8211; APAE de Dracena, devido a pandemia entregar\u00e1 o presente de Natal aos alunos\/destinat\u00e1rios nos pontos e casas atrav\u00e9s da carreata com a presen\u00e7a do Papai Noel e funcion\u00e1rios. O presente escolhido pelos alunos\/destinat\u00e1rios foi doado pelos padrinhos da [&hellip;]<\/p>\n","protected":false},"author":1,"featured_media":40188,"comment_status":"closed","ping_status":"open","sticky":false,"template":"","format":"standard","meta":{"footnotes":""},"categories":[118],"tags":[],"class_list":["post-40187","post","type-post","status-publish","format-standard","has-post-thumbnail","hentry","category-religiaoesolidariedade"],"_links":{"self":[{"href":"https:\/\/jorgezanoni.com.br\/2019\/wp-json\/wp\/v2\/posts\/40187","targetHints":{"allow":["GET"]}}],"collection":[{"href":"https:\/\/jorgezanoni.com.br\/2019\/wp-json\/wp\/v2\/posts"}],"about":[{"href":"https:\/\/jorgezanoni.com.br\/2019\/wp-json\/wp\/v2\/types\/post"}],"author":[{"embeddable":true,"href":"https:\/\/jorgezanoni.com.br\/2019\/wp-json\/wp\/v2\/users\/1"}],"replies":[{"embeddable":true,"href":"https:\/\/jorgezanoni.com.br\/2019\/wp-json\/wp\/v2\/comments?post=40187"}],"version-history":[{"count":0,"href":"https:\/\/jorgezanoni.com.br\/2019\/wp-json\/wp\/v2\/posts\/40187\/revisions"}],"wp:featuredmedia":[{"embeddable":true,"href":"https:\/\/jorgezanoni.com.br\/2019\/wp-json\/wp\/v2\/media\/40188"}],"wp:attachment":[{"href":"https:\/\/jorgezanoni.com.br\/2019\/wp-json\/wp\/v2\/media?parent=40187"}],"wp:term":[{"taxonomy":"category","embeddable":true,"href":"https:\/\/jorgezanoni.com.br\/2019\/wp-json\/wp\/v2\/categories?post=40187"},{"taxonomy":"post_tag","embeddable":true,"href":"https:\/\/jorgezanoni.com.br\/2019\/wp-json\/wp\/v2\/tags?post=40187"}],"curies":[{"name":"wp","href":"https:\/\/api.w.org\/{rel}","templated":true}]}}