{"id":40175,"date":"2020-12-12T18:31:32","date_gmt":"2020-12-12T18:31:32","guid":{"rendered":"https:\/\/jorgezanoni.com.br\/2019\/?p=40175"},"modified":"2020-12-12T18:31:32","modified_gmt":"2020-12-12T18:31:32","slug":"silvio-santos-completa-90-anos-apresentador-ja-foi-retratado-por-desenhista-de-nova-andradina","status":"publish","type":"post","link":"https:\/\/jorgezanoni.com.br\/2019\/silvio-santos-completa-90-anos-apresentador-ja-foi-retratado-por-desenhista-de-nova-andradina\/","title":{"rendered":"Silvio Santos completa 90 anos; Apresentador j\u00e1 foi retratado por desenhista de Nova Andradina"},"content":{"rendered":"<p style=\"text-align: justify;\"><strong>Desenhista nova-andradinense participou do seu programa de TV em agosto de 2019.<\/strong><\/p>\n<p style=\"text-align: justify;\">Neste s\u00e1bado (12), Silvio Santos, dono do Sistema Brasileiro de Televis\u00e3o (SBT) e um dos apresentadores mais famosos do Brasil, completa 90 anos de vida.<\/p>\n<p style=\"text-align: justify;\">Muito querido nos quatro cantos do Brasil, Silvio Santos, tem, de certa forma, uma liga\u00e7\u00e3o com Nova Andradina, pois foi retratado pelo desenhista nova-andradinense Jos\u00e9 Augusto, que, inclusive, participou do seu programa em agosto de 2019.<\/p>\n<p style=\"text-align: justify;\">Na \u00e9poca, ao participar da atra\u00e7\u00e3o, Jos\u00e9 Augusto, que levou o nome de Mato Grosso do Sul para o hor\u00e1rio nobre de uma das maiores emissoras de TV do Pa\u00eds, falou de seu trabalho, brincou com o apresentador e entregou um retrato de Silvio Santos e outro da Fam\u00edlia Abravanel.<\/p>\n<div class=\"cb-content\">\n<div class=\"cb-text medium-editor-element\" data-fetch=\"true\">\n<p style=\"text-align: justify;\"><span class=\"cb-justified-justify\">Depois, j\u00e1 nos bastidores da emissora, o apresentador conversou com o desenhista e autografou o retrato. Segundo Jos\u00e9 Augusto, Silvio Santos o estimulou a continuar com seu trabalho e elogiou seu talento ao produzir os desenhos realistas.<\/span><\/p>\n<div class=\"cb-content\" style=\"text-align: justify;\">\n<figure class=\"cb-figure cb-figure--center\">\n<div class=\"cb-figure__clip\"><img decoding=\"async\" src=\"https:\/\/cdn2.novanews.com.br\/\/uploads\/rails_admin_content_builder\/content_builder_image\/image\/39816\/center_center_ja1.jpg\" alt=\"Cb image default\" \/><\/p>\n<div class=\"cb-tools cb-tools--center\"><\/div>\n<\/div><figcaption class=\"cb-figcaption cb-text medium-editor-element\"><span class=\"cb-justified-center\"><b>Imagem: Arquivo \/ Lourival Ribeiro<\/b><\/span><\/figcaption><\/figure>\n<\/div>\n<div class=\"cb-content\">\n<div class=\"cb-tools\" style=\"text-align: justify;\"><\/div>\n<div class=\"cb-text medium-editor-element\" data-fetch=\"true\">\n<p style=\"text-align: justify;\"><span class=\"cb-justified-justify\"><b>Reportagem especial neste domingo (13)<\/b><\/span><\/p>\n<p style=\"text-align: justify;\"><span class=\"cb-justified-justify\">Para celebrar os 90 anos de Silvio Santos, o programa Domingo Espetacular, da Record TV, que vai ao ar neste domingo (13), a partir das 18h45, preparou uma reportagem especial com depoimentos exclusivos e imagens raras do apresentador, nunca antes mostradas na televis\u00e3o.<\/span><\/p>\n<p style=\"text-align: justify;\"><span class=\"cb-justified-justify\">Roberto Cabrini apresenta a jornada destas nove d\u00e9cadas refazendo os passos do grande comunicador, desde o lugar onde nasceu, no Rio de Janeiro, no bairro da Lapa, passando pelos tempos de ambulante na balsa Rio-Niter\u00f3i, at\u00e9 chegar \u00e0 grande transforma\u00e7\u00e3o como dono de uma emissora de TV, o SBT, e, mais tarde, criador de um conglomerado de empresas de diversos setores.<\/span><\/p>\n<p style=\"text-align: justify;\"><span class=\"cb-justified-justify\">Com acesso exclusivo de Cabrini ao acervo de imagens do SBT, em uma pesquisa iconogr\u00e1fica que traz \u00e0 tona cenas raras destes 90 anos de Silvio Santos, e entrevistas com diversas personalidades que fizeram parte dessa trajet\u00f3ria ou que foram influenciados pelo apresentador, o jornalista tenta mostrar como funciona a mente do empres\u00e1rio que se transforma, em segundos, no comunicador que encanta milh\u00f5es de telespectadores; e quais as suas t\u00e9cnicas para comandar audit\u00f3rios lotados.<\/span><\/p>\n<p style=\"text-align: justify;\"><span class=\"cb-justified-justify\">Revela ainda como ele conseguiu superar todos os momentos dif\u00edceis que viveu, como a crise do banco Panamericano, o sequestro da filha Patr\u00edcia e o atual afastamento da TV, o maior em 60 anos de carreira, em decorr\u00eancia da pandemia de coronav\u00edrus.<\/span><\/p>\n<p style=\"text-align: justify;\"><span class=\"cb-justified-justify\">\u201c\u00c9 um resgate \u00fanico dos 90 anos da maior lenda de televis\u00e3o brasileira\u201d, afirma o jornalista, sobre a mat\u00e9ria. (Com informa\u00e7\u00f5es do Portal R7).<\/span><\/p>\n<p style=\"text-align: justify;\">Fonte: novanews.com.br<\/p>\n<\/div>\n<\/div>\n<div id=\"ppBoxFinalMateria\"><\/div>\n<\/div>\n<\/div>\n<div class=\"cb-content\">\n<div class=\"cb-tools\"><\/div>\n<figure class=\"cb-figure cb-figure--center\">\n<div class=\"cb-figure__clip\"><\/div>\n<\/figure>\n<\/div>\n","protected":false},"excerpt":{"rendered":"<p>Desenhista nova-andradinense participou do seu programa de TV em agosto de 2019. Neste s\u00e1bado (12), Silvio Santos, dono do Sistema Brasileiro de Televis\u00e3o (SBT) e um dos apresentadores mais famosos do Brasil, completa 90 anos de vida. Muito querido nos quatro cantos do Brasil, Silvio Santos, tem, de certa forma, uma liga\u00e7\u00e3o com Nova Andradina, [&hellip;]<\/p>\n","protected":false},"author":1,"featured_media":40176,"comment_status":"closed","ping_status":"open","sticky":false,"template":"","format":"standard","meta":{"footnotes":""},"categories":[114,110],"tags":[],"class_list":["post-40175","post","type-post","status-publish","format-standard","has-post-thumbnail","hentry","category-geralecomercio","category-noticiasdestaque"],"_links":{"self":[{"href":"https:\/\/jorgezanoni.com.br\/2019\/wp-json\/wp\/v2\/posts\/40175","targetHints":{"allow":["GET"]}}],"collection":[{"href":"https:\/\/jorgezanoni.com.br\/2019\/wp-json\/wp\/v2\/posts"}],"about":[{"href":"https:\/\/jorgezanoni.com.br\/2019\/wp-json\/wp\/v2\/types\/post"}],"author":[{"embeddable":true,"href":"https:\/\/jorgezanoni.com.br\/2019\/wp-json\/wp\/v2\/users\/1"}],"replies":[{"embeddable":true,"href":"https:\/\/jorgezanoni.com.br\/2019\/wp-json\/wp\/v2\/comments?post=40175"}],"version-history":[{"count":0,"href":"https:\/\/jorgezanoni.com.br\/2019\/wp-json\/wp\/v2\/posts\/40175\/revisions"}],"wp:featuredmedia":[{"embeddable":true,"href":"https:\/\/jorgezanoni.com.br\/2019\/wp-json\/wp\/v2\/media\/40176"}],"wp:attachment":[{"href":"https:\/\/jorgezanoni.com.br\/2019\/wp-json\/wp\/v2\/media?parent=40175"}],"wp:term":[{"taxonomy":"category","embeddable":true,"href":"https:\/\/jorgezanoni.com.br\/2019\/wp-json\/wp\/v2\/categories?post=40175"},{"taxonomy":"post_tag","embeddable":true,"href":"https:\/\/jorgezanoni.com.br\/2019\/wp-json\/wp\/v2\/tags?post=40175"}],"curies":[{"name":"wp","href":"https:\/\/api.w.org\/{rel}","templated":true}]}}