{"id":40157,"date":"2020-12-11T22:25:07","date_gmt":"2020-12-11T22:25:07","guid":{"rendered":"https:\/\/jorgezanoni.com.br\/2019\/?p=40157"},"modified":"2020-12-11T22:25:07","modified_gmt":"2020-12-11T22:25:07","slug":"em-acao-na-justica-ministerio-publico-tenta-anular-multas-decorrentes-de-radares-instalados-na-sp-294","status":"publish","type":"post","link":"https:\/\/jorgezanoni.com.br\/2019\/em-acao-na-justica-ministerio-publico-tenta-anular-multas-decorrentes-de-radares-instalados-na-sp-294\/","title":{"rendered":"Em a\u00e7\u00e3o na Justi\u00e7a, Minist\u00e9rio P\u00fablico tenta anular multas decorrentes de radares instalados na SP-294"},"content":{"rendered":"<h2 class=\"content-head__subtitle\" style=\"text-align: justify;\"><strong>Conforme a Promotoria, os equipamentos teriam sido instalados sem necessidade, sem a observ\u00e2ncia das normas legais e com viola\u00e7\u00e3o da boa-f\u00e9 objetiva, j\u00e1 que se destinavam apenas \u00e0 pesquisa de tr\u00e1fego.<\/strong><\/h2>\n<div class=\"mc-column content-text active-extra-styles \" data-block-type=\"unstyled\" data-block-weight=\"41\" data-block-id=\"2\">\n<p class=\"content-text__container \" style=\"text-align: justify;\" data-track-category=\"Link no Texto\" data-track-links=\"\">A Promotoria de Justi\u00e7a de\u00a0<a href=\"https:\/\/g1.globo.com\/sp\/presidente-prudente-regiao\/cidade\/dracena\/\">Dracena<\/a>\u00a0ajuizou a\u00e7\u00e3o com pedido de liminar para suspender imediatamente a fun\u00e7\u00e3o de fiscaliza\u00e7\u00e3o de velocidade de dois radares instalados na altura do quil\u00f4metro 646 da Rodovia Comandante Jo\u00e3o Ribeiro de Barros (SP-294), no sentido Junqueir\u00f3polis\u2013Dracena.<\/p>\n<\/div>\n<div class=\"wall protected-content\">\n<div class=\"mc-column content-text active-extra-styles \" style=\"text-align: justify;\" data-block-type=\"unstyled\" data-block-weight=\"48\" data-block-id=\"3\">\n<p class=\"content-text__container \" data-track-category=\"Link no Texto\" data-track-links=\"\">Para o Minist\u00e9rio P\u00fablico do Estado de S\u00e3o Paulo (MPE-SP), o Judici\u00e1rio deve ainda suspender todas as multas por excesso de velocidade lavradas desde o in\u00edcio da opera\u00e7\u00e3o at\u00e9 a data do desligamento dos aparelhos, sob pena de crime de desobedi\u00eancia e multa di\u00e1ria de R$ 200 mil.<\/p>\n<\/div>\n<div class=\"mc-column content-text active-extra-styles \" style=\"text-align: justify;\" data-block-type=\"unstyled\" data-block-weight=\"18\" data-block-id=\"4\">\n<p class=\"content-text__container \" data-track-category=\"Link no Texto\" data-track-links=\"\">A a\u00e7\u00e3o \u00e9 contra o Departamento de Estradas de Rodagem (DER) e o Departamento Estadual de Tr\u00e2nsito (Detran).<\/p>\n<\/div>\n<div class=\"mc-column content-text active-extra-styles \" style=\"text-align: justify;\" data-block-type=\"unstyled\" data-block-weight=\"26\" data-block-id=\"5\">\n<p class=\"content-text__container \" data-track-category=\"Link no Texto\" data-track-links=\"\">Na peti\u00e7\u00e3o inicial, o promotor Antonio Simini Junior cita\u00a0<a href=\"https:\/\/g1.globo.com\/sp\/presidente-prudente-regiao\/noticia\/2020\/11\/10\/ministerio-publico-estadual-abre-inquerito-para-apurar-supostas-irregularidades-na-instalacao-de-radares-na-sp-294.ghtml\">inqu\u00e9rito civil instaurado diante do grande volume de reclama\u00e7\u00f5es enviadas por moradores da regi\u00e3o usu\u00e1rios da rodovia<\/a>.<\/p>\n<\/div>\n<div class=\"mc-column content-text active-extra-styles \" style=\"text-align: justify;\" data-block-type=\"unstyled\" data-block-weight=\"22\" data-block-id=\"6\">\n<p class=\"content-text__container \" data-track-category=\"Link no Texto\" data-track-links=\"\">Investiga\u00e7\u00f5es foram realizadas a partir de autos de infra\u00e7\u00e3o de tr\u00e2nsito decorrentes do in\u00edcio de funcionamento dos radares n\u00b0 17013 e 17014.<\/p>\n<\/div>\n<div class=\"mc-column content-text active-extra-styles \" style=\"text-align: justify;\" data-block-type=\"unstyled\" data-block-weight=\"43\" data-block-id=\"7\">\n<p class=\"content-text__container \" data-track-category=\"Link no Texto\" data-track-links=\"\">Conforme o MPE-SP, os equipamentos teriam sido instalados sem necessidade, sem a observ\u00e2ncia das normas legais e com viola\u00e7\u00e3o da boa-f\u00e9 objetiva, j\u00e1 que, desde a coloca\u00e7\u00e3o dos aparelhos no local, em setembro de 2019, eles se destinavam apenas \u00e0 pesquisa de tr\u00e1fego.<\/p>\n<\/div>\n<div class=\"mc-column content-text active-extra-styles \" style=\"text-align: justify;\" data-block-type=\"unstyled\" data-block-weight=\"44\" data-block-id=\"8\">\n<p class=\"content-text__container \" data-track-category=\"Link no Texto\" data-track-links=\"\">De acordo com a Promotoria, dilig\u00eancias foram realizadas tamb\u00e9m no sentido de detectar eventual viola\u00e7\u00e3o aos princ\u00edpios da administra\u00e7\u00e3o p\u00fablica, em raz\u00e3o da transforma\u00e7\u00e3o, repentina e desnecess\u00e1ria, de aparelho que funcionava como controlador de tr\u00e1fego para controlador de velocidade, sem qualquer aviso ou publicidade.<\/p>\n<\/div>\n<div class=\"content-ads content-ads--reveal\" style=\"text-align: justify;\" data-block-type=\"ads\" data-block-id=\"9\">\n<div id=\"banner_materia2\" class=\"tag-manager-publicidade-container mc-has-reveal mc-has-ad-lazyload\" data-id=\"banner_materia2\"><\/div>\n<\/div>\n<div class=\"mc-column content-text active-extra-styles\" style=\"text-align: justify;\" data-block-type=\"raw\" data-block-weight=\"29\" data-block-id=\"10\">\n<ul class=\"content-unordered-list\">\n<li><a href=\"https:\/\/g1.globo.com\/sp\/presidente-prudente-regiao\/noticia\/2020\/10\/28\/policia-civil-apura-possiveis-prejuizos-de-motoristas-com-multas-aplicadas-por-radar-em-dracena.ghtml\">Pol\u00edcia Civil apura poss\u00edveis preju\u00edzos de motoristas com multas aplicadas por radar em Dracena<\/a><\/li>\n<li><a href=\"https:\/\/g1.globo.com\/sp\/presidente-prudente-regiao\/noticia\/2020\/11\/10\/ministerio-publico-estadual-abre-inquerito-para-apurar-supostas-irregularidades-na-instalacao-de-radares-na-sp-294.ghtml\">Minist\u00e9rio P\u00fablico Estadual abre inqu\u00e9rito para apurar supostas irregularidades na instala\u00e7\u00e3o de radares na SP-294<\/a><\/li>\n<\/ul>\n<\/div>\n<div class=\"mc-column content-text active-extra-styles \" style=\"text-align: justify;\" data-block-type=\"unstyled\" data-block-weight=\"49\" data-block-id=\"11\">\n<p class=\"content-text__container \" data-track-category=\"Link no Texto\" data-track-links=\"\">A situa\u00e7\u00e3o, segundo o Minist\u00e9rio P\u00fablico, poderia configurar desvio de finalidade, pois a arrecada\u00e7\u00e3o do Estado ultrapassaria a cifra de R$ 3 milh\u00f5es em apenas 17 dias de opera\u00e7\u00e3o dos radares, &#8220;o que se distancia do intuito da fiscaliza\u00e7\u00e3o \u2013 pedag\u00f3gico e sancionat\u00f3rio, \u00e0 luz da seguran\u00e7a vi\u00e1ria&#8221;.<\/p>\n<\/div>\n<div class=\"mc-column content-text active-extra-styles \" style=\"text-align: justify;\" data-block-type=\"unstyled\" data-block-weight=\"41\" data-block-id=\"12\">\n<p class=\"content-text__container \" data-track-category=\"Link no Texto\" data-track-links=\"\">No m\u00e9rito, a a\u00e7\u00e3o requer que o pedido liminar seja tornado definitivo, e que o DER e o Detran sejam condenados ao pagamento de repara\u00e7\u00e3o pelos danos morais difusos no valor de R$ 401,93 por cada multa irregular aplicada no per\u00edodo.<\/p>\n<\/div>\n<div class=\"mc-column content-text active-extra-styles \" style=\"text-align: justify;\" data-block-type=\"unstyled\" data-block-weight=\"22\" data-block-id=\"13\">\n<p class=\"content-text__container \" data-track-category=\"Link no Texto\" data-track-links=\"\">A Promotoria visa ainda \u00e0 nulidade de atos administrativos praticados no \u00e2mbito do procedimento que autorizou o in\u00edcio da opera\u00e7\u00e3o dos radares.<\/p>\n<\/div>\n<div class=\"mc-column content-text active-extra-styles\" style=\"text-align: justify;\" data-block-type=\"raw\" data-block-weight=\"2\" data-block-id=\"14\">\n<div class=\"content-intertitle\">\n<h2>Outro lado<\/h2>\n<\/div>\n<\/div>\n<div class=\"mc-column content-text active-extra-styles \" style=\"text-align: justify;\" data-block-type=\"unstyled\" data-block-weight=\"24\" data-block-id=\"15\">\n<p class=\"content-text__container \" data-track-category=\"Link no Texto\" data-track-links=\"\">Em nota ao\u00a0<strong>G1<\/strong>, o Detran SP esclareceu que ainda n\u00e3o foi notificado a respeito da a\u00e7\u00e3o e que acatar\u00e1 a decis\u00e3o da Justi\u00e7a.<\/p>\n<\/div>\n<div class=\"mc-column content-text active-extra-styles \" style=\"text-align: justify;\" data-block-type=\"unstyled\" data-block-weight=\"42\" data-block-id=\"16\">\n<p class=\"content-text__container \" data-track-category=\"Link no Texto\" data-track-links=\"\">&#8220;O \u00f3rg\u00e3o n\u00e3o \u00e9 respons\u00e1vel pela opera\u00e7\u00e3o de radares nas rodovias do Estado. A fun\u00e7\u00e3o do Detran SP \u00e9 promover educa\u00e7\u00e3o para o tr\u00e2nsito, coordenar, executar e controlar a\u00e7\u00f5es relacionadas \u00e0 habilita\u00e7\u00e3o de condutores, documenta\u00e7\u00e3o e servi\u00e7os para ve\u00edculos&#8221;, explicou o Detran.<\/p>\n<\/div>\n<div class=\"mc-column content-text active-extra-styles \" style=\"text-align: justify;\" data-block-type=\"unstyled\" data-block-weight=\"24\" data-block-id=\"17\">\n<p class=\"content-text__container \" data-track-category=\"Link no Texto\" data-track-links=\"\">O\u00a0<strong>G1\u00a0<\/strong>tamb\u00e9m solicitou nesta sexta-feira (11) um posicionamento oficial do DER sobre o assunto, mas at\u00e9 o momento desta publica\u00e7\u00e3o n\u00e3o obteve resposta.<\/p>\n<\/div>\n<div class=\"row medium-uncollapsed content-media content-photo\" data-block-type=\"backstage-photo\" data-block-id=\"18\">\n<div class=\"mc-column content-media__container\">\n<figure style=\"text-align: justify;\"><img decoding=\"async\" class=\"i-amphtml-fill-content i-amphtml-replaced-content\" src=\"https:\/\/s2.glbimg.com\/wpuNOCKoDLs-sjIMPixV_7kOKOg=\/0x0:1280x720\/984x0\/smart\/filters:strip_icc()\/i.s3.glbimg.com\/v1\/AUTH_59edd422c0c84a879bd37670ae4f538a\/internal_photos\/bs\/2020\/n\/Z\/Zbcx7ARxmtLsGBU813jw\/whatsapp-image-2020-11-10-at-16.12.28-2-.jpeg\" sizes=\"(max-width: 1366px) 648px, 100vw\" srcset=\"https:\/\/s2.glbimg.com\/AW1L_hz3h32KUfZoLIBbCl5K4Lw=\/0x0:1280x720\/1000x0\/smart\/filters:strip_icc()\/i.s3.glbimg.com\/v1\/AUTH_59edd422c0c84a879bd37670ae4f538a\/internal_photos\/bs\/2020\/n\/Z\/Zbcx7ARxmtLsGBU813jw\/whatsapp-image-2020-11-10-at-16.12.28-2-.jpeg 1000w, https:\/\/s2.glbimg.com\/wpuNOCKoDLs-sjIMPixV_7kOKOg=\/0x0:1280x720\/984x0\/smart\/filters:strip_icc()\/i.s3.glbimg.com\/v1\/AUTH_59edd422c0c84a879bd37670ae4f538a\/internal_photos\/bs\/2020\/n\/Z\/Zbcx7ARxmtLsGBU813jw\/whatsapp-image-2020-11-10-at-16.12.28-2-.jpeg 984w, https:\/\/s2.glbimg.com\/w7-dH6ma028jjNYQE9oXNPJo6mI=\/0x0:1280x720\/640x0\/smart\/filters:strip_icc()\/i.s3.glbimg.com\/v1\/AUTH_59edd422c0c84a879bd37670ae4f538a\/internal_photos\/bs\/2020\/n\/Z\/Zbcx7ARxmtLsGBU813jw\/whatsapp-image-2020-11-10-at-16.12.28-2-.jpeg 640w, https:\/\/s2.glbimg.com\/oDhjW0TH8YyqxCn1VZIyVre6XLQ=\/0x0:1280x720\/600x0\/smart\/filters:strip_icc()\/i.s3.glbimg.com\/v1\/AUTH_59edd422c0c84a879bd37670ae4f538a\/internal_photos\/bs\/2020\/n\/Z\/Zbcx7ARxmtLsGBU813jw\/whatsapp-image-2020-11-10-at-16.12.28-2-.jpeg 600w\" alt=\"Minist\u00e9rio P\u00fablico ajuizou a\u00e7\u00e3o contra instala\u00e7\u00e3o de radares na SP-294 \u2014 Foto: Carlos Volpi\/TV Fronteira\" \/><\/figure>\n<p class=\"content-media__description \" style=\"text-align: justify;\">Minist\u00e9rio P\u00fablico ajuizou a\u00e7\u00e3o contra instala\u00e7\u00e3o de radares na SP-294 \u2014 Foto: Carlos Volpi\/TV Fronteira<\/p>\n<p style=\"text-align: justify;\">Fonte: G1<\/p>\n<\/div>\n<\/div>\n<\/div>\n","protected":false},"excerpt":{"rendered":"<p>Conforme a Promotoria, os equipamentos teriam sido instalados sem necessidade, sem a observ\u00e2ncia das normas legais e com viola\u00e7\u00e3o da boa-f\u00e9 objetiva, j\u00e1 que se destinavam apenas \u00e0 pesquisa de tr\u00e1fego. A Promotoria de Justi\u00e7a de\u00a0Dracena\u00a0ajuizou a\u00e7\u00e3o com pedido de liminar para suspender imediatamente a fun\u00e7\u00e3o de fiscaliza\u00e7\u00e3o de velocidade de dois radares instalados na [&hellip;]<\/p>\n","protected":false},"author":1,"featured_media":40158,"comment_status":"closed","ping_status":"open","sticky":false,"template":"","format":"standard","meta":{"footnotes":""},"categories":[180,110],"tags":[],"class_list":["post-40157","post","type-post","status-publish","format-standard","has-post-thumbnail","hentry","category-estradastransitoveiculos","category-noticiasdestaque"],"_links":{"self":[{"href":"https:\/\/jorgezanoni.com.br\/2019\/wp-json\/wp\/v2\/posts\/40157","targetHints":{"allow":["GET"]}}],"collection":[{"href":"https:\/\/jorgezanoni.com.br\/2019\/wp-json\/wp\/v2\/posts"}],"about":[{"href":"https:\/\/jorgezanoni.com.br\/2019\/wp-json\/wp\/v2\/types\/post"}],"author":[{"embeddable":true,"href":"https:\/\/jorgezanoni.com.br\/2019\/wp-json\/wp\/v2\/users\/1"}],"replies":[{"embeddable":true,"href":"https:\/\/jorgezanoni.com.br\/2019\/wp-json\/wp\/v2\/comments?post=40157"}],"version-history":[{"count":0,"href":"https:\/\/jorgezanoni.com.br\/2019\/wp-json\/wp\/v2\/posts\/40157\/revisions"}],"wp:featuredmedia":[{"embeddable":true,"href":"https:\/\/jorgezanoni.com.br\/2019\/wp-json\/wp\/v2\/media\/40158"}],"wp:attachment":[{"href":"https:\/\/jorgezanoni.com.br\/2019\/wp-json\/wp\/v2\/media?parent=40157"}],"wp:term":[{"taxonomy":"category","embeddable":true,"href":"https:\/\/jorgezanoni.com.br\/2019\/wp-json\/wp\/v2\/categories?post=40157"},{"taxonomy":"post_tag","embeddable":true,"href":"https:\/\/jorgezanoni.com.br\/2019\/wp-json\/wp\/v2\/tags?post=40157"}],"curies":[{"name":"wp","href":"https:\/\/api.w.org\/{rel}","templated":true}]}}