{"id":40148,"date":"2020-12-11T21:41:57","date_gmt":"2020-12-11T21:41:57","guid":{"rendered":"https:\/\/jorgezanoni.com.br\/2019\/?p=40148"},"modified":"2020-12-11T21:41:57","modified_gmt":"2020-12-11T21:41:57","slug":"policia-civil-em-operacao-tautocronia-cumpre-cinco-mandados-de-prisao-em-dracena","status":"publish","type":"post","link":"https:\/\/jorgezanoni.com.br\/2019\/policia-civil-em-operacao-tautocronia-cumpre-cinco-mandados-de-prisao-em-dracena\/","title":{"rendered":"Pol\u00edcia Civil em \u201cOpera\u00e7\u00e3o Tautocronia\u201d cumpre cinco mandados de pris\u00e3o em Dracena."},"content":{"rendered":"<p style=\"text-align: justify;\"><strong>A opera\u00e7\u00e3o contou com a atua\u00e7\u00e3o de agentes das Delegacias Especializadas DIG\/DISE.<\/strong><\/p>\n<p style=\"text-align: justify;\">A Pol\u00edcia Civil, por interm\u00e9dio das Unidades Especializadas (Delegacia de Investiga\u00e7\u00f5es Gerais &#8211; DIG e Delegacia de Investiga\u00e7\u00f5es Sobre Entorpecentes &#8211; DISE) de Dracena, prendeu nesta sexta-feira (11) cinco pessoas com mandados de pris\u00e3o em aberto.<\/p>\n<p style=\"text-align: justify;\">Quatro homens, sendo dois com 21, um 23 e outro 34 anos, e tamb\u00e9m uma mulher com 28 anos, procurados da Justi\u00e7a foram presos, por policiais civis das Delegacias Especializadas, durante a execu\u00e7\u00e3o da \u201cOpera\u00e7\u00e3o Tautocronia\u201d. As pris\u00f5es s\u00e3o decorrentes de mandados expedidos pelo Poder Judici\u00e1rio da Comarca de Dracena e est\u00e3o relacionados ao n\u00e3o pagamento de pens\u00e3o aliment\u00edcia, crime de tr\u00e2nsito e estelionato.<\/p>\n<p style=\"text-align: justify;\">Todas os presos foram encaminhados para a sede da Unidade Especializadas, onde ap\u00f3s os tr\u00e2mites legais para formaliza\u00e7\u00e3o dos cumprimentos dos mandados de pris\u00e3o e dos procedimentos dos atos de pol\u00edcia judici\u00e1ria, ficaram \u00e0 disposi\u00e7\u00e3o da Justi\u00e7a.<br \/>\nO nome da \u201cOpera\u00e7\u00e3o Tautocronia\u201d faz refer\u00eancia ao sincronismo entre as ordens de pris\u00e3o e a execu\u00e7\u00e3o das pris\u00f5es.<\/p>\n<p style=\"text-align: justify;\">Fonte: Com. Social Pol\u00edcia Civil<\/p>\n","protected":false},"excerpt":{"rendered":"<p>A opera\u00e7\u00e3o contou com a atua\u00e7\u00e3o de agentes das Delegacias Especializadas DIG\/DISE. A Pol\u00edcia Civil, por interm\u00e9dio das Unidades Especializadas (Delegacia de Investiga\u00e7\u00f5es Gerais &#8211; DIG e Delegacia de Investiga\u00e7\u00f5es Sobre Entorpecentes &#8211; DISE) de Dracena, prendeu nesta sexta-feira (11) cinco pessoas com mandados de pris\u00e3o em aberto. Quatro homens, sendo dois com 21, um [&hellip;]<\/p>\n","protected":false},"author":1,"featured_media":40149,"comment_status":"closed","ping_status":"open","sticky":false,"template":"","format":"standard","meta":{"footnotes":""},"categories":[110,2],"tags":[],"class_list":["post-40148","post","type-post","status-publish","format-standard","has-post-thumbnail","hentry","category-noticiasdestaque","category-policial"],"_links":{"self":[{"href":"https:\/\/jorgezanoni.com.br\/2019\/wp-json\/wp\/v2\/posts\/40148","targetHints":{"allow":["GET"]}}],"collection":[{"href":"https:\/\/jorgezanoni.com.br\/2019\/wp-json\/wp\/v2\/posts"}],"about":[{"href":"https:\/\/jorgezanoni.com.br\/2019\/wp-json\/wp\/v2\/types\/post"}],"author":[{"embeddable":true,"href":"https:\/\/jorgezanoni.com.br\/2019\/wp-json\/wp\/v2\/users\/1"}],"replies":[{"embeddable":true,"href":"https:\/\/jorgezanoni.com.br\/2019\/wp-json\/wp\/v2\/comments?post=40148"}],"version-history":[{"count":0,"href":"https:\/\/jorgezanoni.com.br\/2019\/wp-json\/wp\/v2\/posts\/40148\/revisions"}],"wp:featuredmedia":[{"embeddable":true,"href":"https:\/\/jorgezanoni.com.br\/2019\/wp-json\/wp\/v2\/media\/40149"}],"wp:attachment":[{"href":"https:\/\/jorgezanoni.com.br\/2019\/wp-json\/wp\/v2\/media?parent=40148"}],"wp:term":[{"taxonomy":"category","embeddable":true,"href":"https:\/\/jorgezanoni.com.br\/2019\/wp-json\/wp\/v2\/categories?post=40148"},{"taxonomy":"post_tag","embeddable":true,"href":"https:\/\/jorgezanoni.com.br\/2019\/wp-json\/wp\/v2\/tags?post=40148"}],"curies":[{"name":"wp","href":"https:\/\/api.w.org\/{rel}","templated":true}]}}